{"id":10221,"date":"2026-04-17T09:00:00","date_gmt":"2026-04-17T07:00:00","guid":{"rendered":"https:\/\/clusterlogistic.org\/?p=10221"},"modified":"2026-04-30T11:11:58","modified_gmt":"2026-04-30T09:11:58","slug":"el-auge-de-la-logistica-en-cataluna-un-trimestre-prometedor","status":"publish","type":"post","link":"https:\/\/clusterlogistic.org\/es\/el-auge-de-la-logistica-en-cataluna-un-trimestre-prometedor\/","title":{"rendered":"El auge de la log\u00edstica en Catalu\u00f1a: un trimestre prometedor"},"content":{"rendered":"<p>El sector inmolog\u00edstico en Catalu\u00f1a est\u00e1 viviendo un <b>momento de auge<\/b>. En el primer trimestre de 2026, el volumen de contrataciones ha alcanzado una cifra impresionante de 240,747 metros cuadrados. Comparado con el a\u00f1o anterior, este crecimiento del 63% en las transacciones representa una se\u00f1al clara de que el mercado <b>se est\u00e1 consolidando<\/b> y recuper\u00e1ndose con fuerza. Estos datos son respaldados por el informe elaborado por Forcadell, que destaca la notable actividad del primer trimestre en este sector tan fundamental para la econom\u00eda catalana.<\/p>\n<p><img loading=\"lazy\" decoding=\"async\" class=\"alignnone size-full wp-image-10218\" src=\"https:\/\/clusterlogistic.org\/wp-content\/uploads\/2026\/04\/inmologistica-catalunya.jpg\" alt=\"\" width=\"1000\" height=\"563\" srcset=\"https:\/\/clusterlogistic.org\/wp-content\/uploads\/2026\/04\/inmologistica-catalunya.jpg 1000w, https:\/\/clusterlogistic.org\/wp-content\/uploads\/2026\/04\/inmologistica-catalunya-300x169.jpg 300w, https:\/\/clusterlogistic.org\/wp-content\/uploads\/2026\/04\/inmologistica-catalunya-768x432.jpg 768w, https:\/\/clusterlogistic.org\/wp-content\/uploads\/2026\/04\/inmologistica-catalunya-705x397.jpg 705w\" sizes=\"auto, (max-width: 1000px) 100vw, 1000px\" \/><\/p>\n<h2>un mercado din\u00e1mico con operaciones de gran envergadura<\/h2>\n<p>Durante este periodo, se llevaron a cabo 22 transacciones, cada una con una superficie media de 10,943 metros cuadrados. En un entorno donde las operaciones de gran tama\u00f1o est\u00e1n liderando la agenda, el 50% de las contrataciones se han concretado en activos de m\u00e1s de 10,000 metros cuadrados. Mientras tanto, el segmento de entre 5,000 y 10,000 metros cuadrados ha jugado un papel relevante, representando el 32% del total contratado.<\/p>\n<p>Uno de los aspectos m\u00e1s llamativos de este trimestre es la <b>preferencia marcada por instalaciones de nueva construcci\u00f3n<\/b>. De los 240,747 metros cuadrados contratados, 163,068, que representan un 68%, corresponden a naves nuevas, incluyendo proyectos llave en mano y desarrollos a medida. Este dato subraya la <b>demanda por productos modernos<\/b>, que superan con creces a los activos ya existentes, clausurando apenas 77,679 metros cuadrados (32%).<\/p>\n<h2>zonas de concentraci\u00f3n log\u00edstica<\/h2>\n<p>Geogr\u00e1ficamente, la tercera corona de Barcelona se lleva la palma, acaparando 119,360 metros cuadrados, o el 49% del total de transacciones, distribuidos en <b>nueve operaciones<\/b>. Esta tendencia indica que los grandes proyectos log\u00edsticos han encontrado su nicho ideal en esta \u00e1rea.<\/p>\n<p>En segundo lugar, la segunda corona ha demostrado ser otro potente <b>polo log\u00edstico<\/b>, con 110,130 metros cuadrados (46%) en diez operaciones. Por \u00faltimo, la primera corona, debido a la escasez de espacio disponible, ha registrado una actividad m\u00e1s modesta, con solo 11,257 metros cuadrados (5%) en tres operaciones. Sin duda, la carencia de producto disponible limita el crecimiento en este espacio tan disputado.<\/p>\n<h2>evoluci\u00f3n de rentas y competitividad en el mercado<\/h2>\n<p>En cuanto a las rentas, el mercado ha mostrado estabilidad con <b>ligeros aumentos<\/b> en activos de nueva construcci\u00f3n situados en zonas consolidadas. Sin embargo, para seguir siendo competitivos y facilitar el cierre de operaciones, se han mantenido incentivos comerciales en ciertas transacciones, especialmente en aquellos activos existentes o ubicaciones secundarias. Estos incentivos son claves en un mercado donde cada detalle cuenta para atraer a los mejores inquilinos y mantener el ritmo expansivo del sector.<\/p>\n<h2>Perspectiva futura<\/h2>\n<p>Las cifras reveladas en el primer trimestre de 2026 aumentan la <b>expectativa para lo que resta del a\u00f1o<\/b>. Con un mercado cada vez m\u00e1s din\u00e1mico, el apetito por nuevos desarrollos y la competencia entre las diferentes coronas de Barcelona, es posible que el sector inmolog\u00edstico en Catalu\u00f1a contin\u00fae suscitando inter\u00e9s y se consolide a\u00fan m\u00e1s en el panorama europeo.<\/p>\n<p>En resumen, el a\u00f1o ha comenzado con buen pie para la log\u00edstica en Catalu\u00f1a. La tendencia hacia productos modernos y eficientes, junto con un mercado marcado por facilitadores y propuesto a satisfacer las diversas necesidades, coloca a Catalu\u00f1a en una posici\u00f3n ventajosa. Con la mirada puesta en el futuro, todo parece indicar que estos n\u00fameros solo pueden crecer, reflejando el potencial y la resiliencia de un sector al alza.<\/p>\n<p>&#8212;<\/p>\n","protected":false},"excerpt":{"rendered":"<p>El sector inmolog\u00edstico en Catalu\u00f1a est\u00e1 viviendo un momento de auge. En el primer trimestre de 2026, el volumen de contrataciones ha alcanzado una cifra impresionante de 240,747 metros cuadrados. Comparado con el a\u00f1o anterior, este crecimiento del 63% en las transacciones representa una se\u00f1al clara de que el mercado se est\u00e1 consolidando y recuper\u00e1ndose [&hellip;]<\/p>\n","protected":false},"author":3,"featured_media":10218,"comment_status":"closed","ping_status":"closed","sticky":false,"template":"","format":"standard","meta":{"footnotes":""},"categories":[16],"tags":[],"class_list":["post-10221","post","type-post","status-publish","format-standard","has-post-thumbnail","hentry","category-actualidad"],"yoast_head":"<!-- This site is optimized with the Yoast SEO plugin v27.4 - https:\/\/yoast.com\/product\/yoast-seo-wordpress\/ -->\n<title>Auge del mercado log\u00edstico en Catalu\u00f1a<\/title>\n<meta name=\"description\" content=\"La log\u00edstica en Catalu\u00f1a crece un 63% en 2026: \u00e9xito en transacciones y preferencia por construcciones nuevas.\" \/>\n<meta name=\"robots\" content=\"index, follow, max-snippet:-1, max-image-preview:large, max-video-preview:-1\" \/>\n<link rel=\"canonical\" href=\"https:\/\/clusterlogistic.org\/es\/el-auge-de-la-logistica-en-cataluna-un-trimestre-prometedor\/\" \/>\n<meta property=\"og:locale\" content=\"es_ES\" \/>\n<meta property=\"og:type\" content=\"article\" \/>\n<meta property=\"og:title\" content=\"Auge del mercado log\u00edstico en Catalu\u00f1a\" \/>\n<meta property=\"og:description\" content=\"La log\u00edstica en Catalu\u00f1a crece un 63% en 2026: \u00e9xito en transacciones y preferencia por construcciones nuevas.\" \/>\n<meta property=\"og:url\" content=\"https:\/\/clusterlogistic.org\/es\/el-auge-de-la-logistica-en-cataluna-un-trimestre-prometedor\/\" \/>\n<meta property=\"og:site_name\" content=\"Cl\u00faster Log\u00edstic de Catalunya\" \/>\n<meta property=\"article:published_time\" content=\"2026-04-17T07:00:00+00:00\" \/>\n<meta property=\"article:modified_time\" content=\"2026-04-30T09:11:58+00:00\" \/>\n<meta property=\"og:image\" content=\"https:\/\/clusterlogistic.org\/wp-content\/uploads\/2026\/04\/inmologistica-catalunya.jpg\" \/>\n\t<meta property=\"og:image:width\" content=\"1000\" \/>\n\t<meta property=\"og:image:height\" content=\"563\" \/>\n\t<meta property=\"og:image:type\" content=\"image\/jpeg\" \/>\n<meta name=\"author\" content=\"Cl\u00faster Log\u00edstic de Catalunya\" \/>\n<meta name=\"twitter:card\" content=\"summary_large_image\" \/>\n<meta name=\"twitter:label1\" content=\"Escrito por\" \/>\n\t<meta name=\"twitter:data1\" content=\"Cl\u00faster Log\u00edstic de Catalunya\" \/>\n\t<meta name=\"twitter:label2\" content=\"Tiempo de lectura\" \/>\n\t<meta name=\"twitter:data2\" content=\"4 minutos\" \/>\n<script type=\"application\/ld+json\" class=\"yoast-schema-graph\">{\"@context\":\"https:\\\/\\\/schema.org\",\"@graph\":[{\"@type\":\"Article\",\"@id\":\"https:\\\/\\\/clusterlogistic.org\\\/es\\\/el-auge-de-la-logistica-en-cataluna-un-trimestre-prometedor\\\/#article\",\"isPartOf\":{\"@id\":\"https:\\\/\\\/clusterlogistic.org\\\/es\\\/el-auge-de-la-logistica-en-cataluna-un-trimestre-prometedor\\\/\"},\"author\":{\"name\":\"Cl\u00faster Log\u00edstic de Catalunya\",\"@id\":\"https:\\\/\\\/clusterlogistic.org\\\/es\\\/#\\\/schema\\\/person\\\/2f968404d010f4cfb1fb1faa4cc8cd64\"},\"headline\":\"El auge de la log\u00edstica en Catalu\u00f1a: un trimestre prometedor\",\"datePublished\":\"2026-04-17T07:00:00+00:00\",\"dateModified\":\"2026-04-30T09:11:58+00:00\",\"mainEntityOfPage\":{\"@id\":\"https:\\\/\\\/clusterlogistic.org\\\/es\\\/el-auge-de-la-logistica-en-cataluna-un-trimestre-prometedor\\\/\"},\"wordCount\":573,\"publisher\":{\"@id\":\"https:\\\/\\\/clusterlogistic.org\\\/es\\\/#organization\"},\"image\":{\"@id\":\"https:\\\/\\\/clusterlogistic.org\\\/es\\\/el-auge-de-la-logistica-en-cataluna-un-trimestre-prometedor\\\/#primaryimage\"},\"thumbnailUrl\":\"https:\\\/\\\/clusterlogistic.org\\\/wp-content\\\/uploads\\\/2026\\\/04\\\/inmologistica-catalunya.jpg\",\"articleSection\":[\"Actualidad\"],\"inLanguage\":\"es\"},{\"@type\":\"WebPage\",\"@id\":\"https:\\\/\\\/clusterlogistic.org\\\/es\\\/el-auge-de-la-logistica-en-cataluna-un-trimestre-prometedor\\\/\",\"url\":\"https:\\\/\\\/clusterlogistic.org\\\/es\\\/el-auge-de-la-logistica-en-cataluna-un-trimestre-prometedor\\\/\",\"name\":\"Auge del mercado log\u00edstico en Catalu\u00f1a\",\"isPartOf\":{\"@id\":\"https:\\\/\\\/clusterlogistic.org\\\/es\\\/#website\"},\"primaryImageOfPage\":{\"@id\":\"https:\\\/\\\/clusterlogistic.org\\\/es\\\/el-auge-de-la-logistica-en-cataluna-un-trimestre-prometedor\\\/#primaryimage\"},\"image\":{\"@id\":\"https:\\\/\\\/clusterlogistic.org\\\/es\\\/el-auge-de-la-logistica-en-cataluna-un-trimestre-prometedor\\\/#primaryimage\"},\"thumbnailUrl\":\"https:\\\/\\\/clusterlogistic.org\\\/wp-content\\\/uploads\\\/2026\\\/04\\\/inmologistica-catalunya.jpg\",\"datePublished\":\"2026-04-17T07:00:00+00:00\",\"dateModified\":\"2026-04-30T09:11:58+00:00\",\"description\":\"La log\u00edstica en Catalu\u00f1a crece un 63% en 2026: \u00e9xito en transacciones y preferencia por construcciones nuevas.\",\"breadcrumb\":{\"@id\":\"https:\\\/\\\/clusterlogistic.org\\\/es\\\/el-auge-de-la-logistica-en-cataluna-un-trimestre-prometedor\\\/#breadcrumb\"},\"inLanguage\":\"es\",\"potentialAction\":[{\"@type\":\"ReadAction\",\"target\":[\"https:\\\/\\\/clusterlogistic.org\\\/es\\\/el-auge-de-la-logistica-en-cataluna-un-trimestre-prometedor\\\/\"]}]},{\"@type\":\"ImageObject\",\"inLanguage\":\"es\",\"@id\":\"https:\\\/\\\/clusterlogistic.org\\\/es\\\/el-auge-de-la-logistica-en-cataluna-un-trimestre-prometedor\\\/#primaryimage\",\"url\":\"https:\\\/\\\/clusterlogistic.org\\\/wp-content\\\/uploads\\\/2026\\\/04\\\/inmologistica-catalunya.jpg\",\"contentUrl\":\"https:\\\/\\\/clusterlogistic.org\\\/wp-content\\\/uploads\\\/2026\\\/04\\\/inmologistica-catalunya.jpg\",\"width\":1000,\"height\":563},{\"@type\":\"BreadcrumbList\",\"@id\":\"https:\\\/\\\/clusterlogistic.org\\\/es\\\/el-auge-de-la-logistica-en-cataluna-un-trimestre-prometedor\\\/#breadcrumb\",\"itemListElement\":[{\"@type\":\"ListItem\",\"position\":1,\"name\":\"Portada\",\"item\":\"https:\\\/\\\/clusterlogistic.org\\\/es\\\/\"},{\"@type\":\"ListItem\",\"position\":2,\"name\":\"El auge de la log\u00edstica en Catalu\u00f1a: un trimestre prometedor\"}]},{\"@type\":\"WebSite\",\"@id\":\"https:\\\/\\\/clusterlogistic.org\\\/es\\\/#website\",\"url\":\"https:\\\/\\\/clusterlogistic.org\\\/es\\\/\",\"name\":\"Cl\u00faster Log\u00edstic de Catalunya\",\"description\":\"associaci\u00f3 sense \u00e0nim de lucre\",\"publisher\":{\"@id\":\"https:\\\/\\\/clusterlogistic.org\\\/es\\\/#organization\"},\"potentialAction\":[{\"@type\":\"SearchAction\",\"target\":{\"@type\":\"EntryPoint\",\"urlTemplate\":\"https:\\\/\\\/clusterlogistic.org\\\/es\\\/?s={search_term_string}\"},\"query-input\":{\"@type\":\"PropertyValueSpecification\",\"valueRequired\":true,\"valueName\":\"search_term_string\"}}],\"inLanguage\":\"es\"},{\"@type\":\"Organization\",\"@id\":\"https:\\\/\\\/clusterlogistic.org\\\/es\\\/#organization\",\"name\":\"Cl\u00faster Log\u00edstic de Catalunya\",\"url\":\"https:\\\/\\\/clusterlogistic.org\\\/es\\\/\",\"logo\":{\"@type\":\"ImageObject\",\"inLanguage\":\"es\",\"@id\":\"https:\\\/\\\/clusterlogistic.org\\\/es\\\/#\\\/schema\\\/logo\\\/image\\\/\",\"url\":\"https:\\\/\\\/clusterlogistic.org\\\/wp-content\\\/uploads\\\/2017\\\/07\\\/cropped-Logo-CL-llegenda-gran.jpg\",\"contentUrl\":\"https:\\\/\\\/clusterlogistic.org\\\/wp-content\\\/uploads\\\/2017\\\/07\\\/cropped-Logo-CL-llegenda-gran.jpg\",\"width\":512,\"height\":512,\"caption\":\"Cl\u00faster Log\u00edstic de Catalunya\"},\"image\":{\"@id\":\"https:\\\/\\\/clusterlogistic.org\\\/es\\\/#\\\/schema\\\/logo\\\/image\\\/\"}},{\"@type\":\"Person\",\"@id\":\"https:\\\/\\\/clusterlogistic.org\\\/es\\\/#\\\/schema\\\/person\\\/2f968404d010f4cfb1fb1faa4cc8cd64\",\"name\":\"Cl\u00faster Log\u00edstic de Catalunya\",\"image\":{\"@type\":\"ImageObject\",\"inLanguage\":\"es\",\"@id\":\"https:\\\/\\\/secure.gravatar.com\\\/avatar\\\/d70e6dad54fc96678ebb563883ef31c8b8b0a127bb640252f5ba3696ded226fe?s=96&d=mm&r=g\",\"url\":\"https:\\\/\\\/secure.gravatar.com\\\/avatar\\\/d70e6dad54fc96678ebb563883ef31c8b8b0a127bb640252f5ba3696ded226fe?s=96&d=mm&r=g\",\"contentUrl\":\"https:\\\/\\\/secure.gravatar.com\\\/avatar\\\/d70e6dad54fc96678ebb563883ef31c8b8b0a127bb640252f5ba3696ded226fe?s=96&d=mm&r=g\",\"caption\":\"Cl\u00faster Log\u00edstic de Catalunya\"},\"description\":\"Alineem estrat\u00e8gies i sumar esfor\u00e7os per potenciar l'activitat industrial a les pimes | Alineamos estrategias y sumar esfuerzos para potenciar la actividad industrial en las pymes.\",\"url\":\"https:\\\/\\\/clusterlogistic.org\\\/es\\\/author\\\/pilar-minguez\\\/\"}]}<\/script>\n<!-- \/ Yoast SEO plugin. -->","yoast_head_json":{"title":"Auge del mercado log\u00edstico en Catalu\u00f1a","description":"La log\u00edstica en Catalu\u00f1a crece un 63% en 2026: \u00e9xito en transacciones y preferencia por construcciones nuevas.","robots":{"index":"index","follow":"follow","max-snippet":"max-snippet:-1","max-image-preview":"max-image-preview:large","max-video-preview":"max-video-preview:-1"},"canonical":"https:\/\/clusterlogistic.org\/es\/el-auge-de-la-logistica-en-cataluna-un-trimestre-prometedor\/","og_locale":"es_ES","og_type":"article","og_title":"Auge del mercado log\u00edstico en Catalu\u00f1a","og_description":"La log\u00edstica en Catalu\u00f1a crece un 63% en 2026: \u00e9xito en transacciones y preferencia por construcciones nuevas.","og_url":"https:\/\/clusterlogistic.org\/es\/el-auge-de-la-logistica-en-cataluna-un-trimestre-prometedor\/","og_site_name":"Cl\u00faster Log\u00edstic de Catalunya","article_published_time":"2026-04-17T07:00:00+00:00","article_modified_time":"2026-04-30T09:11:58+00:00","og_image":[{"width":1000,"height":563,"url":"https:\/\/clusterlogistic.org\/wp-content\/uploads\/2026\/04\/inmologistica-catalunya.jpg","type":"image\/jpeg"}],"author":"Cl\u00faster Log\u00edstic de Catalunya","twitter_card":"summary_large_image","twitter_misc":{"Escrito por":"Cl\u00faster Log\u00edstic de Catalunya","Tiempo de lectura":"4 minutos"},"schema":{"@context":"https:\/\/schema.org","@graph":[{"@type":"Article","@id":"https:\/\/clusterlogistic.org\/es\/el-auge-de-la-logistica-en-cataluna-un-trimestre-prometedor\/#article","isPartOf":{"@id":"https:\/\/clusterlogistic.org\/es\/el-auge-de-la-logistica-en-cataluna-un-trimestre-prometedor\/"},"author":{"name":"Cl\u00faster Log\u00edstic de Catalunya","@id":"https:\/\/clusterlogistic.org\/es\/#\/schema\/person\/2f968404d010f4cfb1fb1faa4cc8cd64"},"headline":"El auge de la log\u00edstica en Catalu\u00f1a: un trimestre prometedor","datePublished":"2026-04-17T07:00:00+00:00","dateModified":"2026-04-30T09:11:58+00:00","mainEntityOfPage":{"@id":"https:\/\/clusterlogistic.org\/es\/el-auge-de-la-logistica-en-cataluna-un-trimestre-prometedor\/"},"wordCount":573,"publisher":{"@id":"https:\/\/clusterlogistic.org\/es\/#organization"},"image":{"@id":"https:\/\/clusterlogistic.org\/es\/el-auge-de-la-logistica-en-cataluna-un-trimestre-prometedor\/#primaryimage"},"thumbnailUrl":"https:\/\/clusterlogistic.org\/wp-content\/uploads\/2026\/04\/inmologistica-catalunya.jpg","articleSection":["Actualidad"],"inLanguage":"es"},{"@type":"WebPage","@id":"https:\/\/clusterlogistic.org\/es\/el-auge-de-la-logistica-en-cataluna-un-trimestre-prometedor\/","url":"https:\/\/clusterlogistic.org\/es\/el-auge-de-la-logistica-en-cataluna-un-trimestre-prometedor\/","name":"Auge del mercado log\u00edstico en Catalu\u00f1a","isPartOf":{"@id":"https:\/\/clusterlogistic.org\/es\/#website"},"primaryImageOfPage":{"@id":"https:\/\/clusterlogistic.org\/es\/el-auge-de-la-logistica-en-cataluna-un-trimestre-prometedor\/#primaryimage"},"image":{"@id":"https:\/\/clusterlogistic.org\/es\/el-auge-de-la-logistica-en-cataluna-un-trimestre-prometedor\/#primaryimage"},"thumbnailUrl":"https:\/\/clusterlogistic.org\/wp-content\/uploads\/2026\/04\/inmologistica-catalunya.jpg","datePublished":"2026-04-17T07:00:00+00:00","dateModified":"2026-04-30T09:11:58+00:00","description":"La log\u00edstica en Catalu\u00f1a crece un 63% en 2026: \u00e9xito en transacciones y preferencia por construcciones nuevas.","breadcrumb":{"@id":"https:\/\/clusterlogistic.org\/es\/el-auge-de-la-logistica-en-cataluna-un-trimestre-prometedor\/#breadcrumb"},"inLanguage":"es","potentialAction":[{"@type":"ReadAction","target":["https:\/\/clusterlogistic.org\/es\/el-auge-de-la-logistica-en-cataluna-un-trimestre-prometedor\/"]}]},{"@type":"ImageObject","inLanguage":"es","@id":"https:\/\/clusterlogistic.org\/es\/el-auge-de-la-logistica-en-cataluna-un-trimestre-prometedor\/#primaryimage","url":"https:\/\/clusterlogistic.org\/wp-content\/uploads\/2026\/04\/inmologistica-catalunya.jpg","contentUrl":"https:\/\/clusterlogistic.org\/wp-content\/uploads\/2026\/04\/inmologistica-catalunya.jpg","width":1000,"height":563},{"@type":"BreadcrumbList","@id":"https:\/\/clusterlogistic.org\/es\/el-auge-de-la-logistica-en-cataluna-un-trimestre-prometedor\/#breadcrumb","itemListElement":[{"@type":"ListItem","position":1,"name":"Portada","item":"https:\/\/clusterlogistic.org\/es\/"},{"@type":"ListItem","position":2,"name":"El auge de la log\u00edstica en Catalu\u00f1a: un trimestre prometedor"}]},{"@type":"WebSite","@id":"https:\/\/clusterlogistic.org\/es\/#website","url":"https:\/\/clusterlogistic.org\/es\/","name":"Cl\u00faster Log\u00edstic de Catalunya","description":"associaci\u00f3 sense \u00e0nim de lucre","publisher":{"@id":"https:\/\/clusterlogistic.org\/es\/#organization"},"potentialAction":[{"@type":"SearchAction","target":{"@type":"EntryPoint","urlTemplate":"https:\/\/clusterlogistic.org\/es\/?s={search_term_string}"},"query-input":{"@type":"PropertyValueSpecification","valueRequired":true,"valueName":"search_term_string"}}],"inLanguage":"es"},{"@type":"Organization","@id":"https:\/\/clusterlogistic.org\/es\/#organization","name":"Cl\u00faster Log\u00edstic de Catalunya","url":"https:\/\/clusterlogistic.org\/es\/","logo":{"@type":"ImageObject","inLanguage":"es","@id":"https:\/\/clusterlogistic.org\/es\/#\/schema\/logo\/image\/","url":"https:\/\/clusterlogistic.org\/wp-content\/uploads\/2017\/07\/cropped-Logo-CL-llegenda-gran.jpg","contentUrl":"https:\/\/clusterlogistic.org\/wp-content\/uploads\/2017\/07\/cropped-Logo-CL-llegenda-gran.jpg","width":512,"height":512,"caption":"Cl\u00faster Log\u00edstic de Catalunya"},"image":{"@id":"https:\/\/clusterlogistic.org\/es\/#\/schema\/logo\/image\/"}},{"@type":"Person","@id":"https:\/\/clusterlogistic.org\/es\/#\/schema\/person\/2f968404d010f4cfb1fb1faa4cc8cd64","name":"Cl\u00faster Log\u00edstic de Catalunya","image":{"@type":"ImageObject","inLanguage":"es","@id":"https:\/\/secure.gravatar.com\/avatar\/d70e6dad54fc96678ebb563883ef31c8b8b0a127bb640252f5ba3696ded226fe?s=96&d=mm&r=g","url":"https:\/\/secure.gravatar.com\/avatar\/d70e6dad54fc96678ebb563883ef31c8b8b0a127bb640252f5ba3696ded226fe?s=96&d=mm&r=g","contentUrl":"https:\/\/secure.gravatar.com\/avatar\/d70e6dad54fc96678ebb563883ef31c8b8b0a127bb640252f5ba3696ded226fe?s=96&d=mm&r=g","caption":"Cl\u00faster Log\u00edstic de Catalunya"},"description":"Alineem estrat\u00e8gies i sumar esfor\u00e7os per potenciar l'activitat industrial a les pimes | Alineamos estrategias y sumar esfuerzos para potenciar la actividad industrial en las pymes.","url":"https:\/\/clusterlogistic.org\/es\/author\/pilar-minguez\/"}]}},"_links":{"self":[{"href":"https:\/\/clusterlogistic.org\/es\/wp-json\/wp\/v2\/posts\/10221","targetHints":{"allow":["GET"]}}],"collection":[{"href":"https:\/\/clusterlogistic.org\/es\/wp-json\/wp\/v2\/posts"}],"about":[{"href":"https:\/\/clusterlogistic.org\/es\/wp-json\/wp\/v2\/types\/post"}],"author":[{"embeddable":true,"href":"https:\/\/clusterlogistic.org\/es\/wp-json\/wp\/v2\/users\/3"}],"replies":[{"embeddable":true,"href":"https:\/\/clusterlogistic.org\/es\/wp-json\/wp\/v2\/comments?post=10221"}],"version-history":[{"count":3,"href":"https:\/\/clusterlogistic.org\/es\/wp-json\/wp\/v2\/posts\/10221\/revisions"}],"predecessor-version":[{"id":10223,"href":"https:\/\/clusterlogistic.org\/es\/wp-json\/wp\/v2\/posts\/10221\/revisions\/10223"}],"wp:featuredmedia":[{"embeddable":true,"href":"https:\/\/clusterlogistic.org\/es\/wp-json\/wp\/v2\/media\/10218"}],"wp:attachment":[{"href":"https:\/\/clusterlogistic.org\/es\/wp-json\/wp\/v2\/media?parent=10221"}],"wp:term":[{"taxonomy":"category","embeddable":true,"href":"https:\/\/clusterlogistic.org\/es\/wp-json\/wp\/v2\/categories?post=10221"},{"taxonomy":"post_tag","embeddable":true,"href":"https:\/\/clusterlogistic.org\/es\/wp-json\/wp\/v2\/tags?post=10221"}],"curies":[{"name":"wp","href":"https:\/\/api.w.org\/{rel}","templated":true}]}}