{"id":10228,"date":"2026-04-24T08:00:00","date_gmt":"2026-04-24T06:00:00","guid":{"rendered":"https:\/\/clusterlogistic.org\/?p=10228"},"modified":"2026-04-30T11:15:38","modified_gmt":"2026-04-30T09:15:38","slug":"amazon-y-su-impacto-en-cataluna-mas-alla-de-las-cifras","status":"publish","type":"post","link":"https:\/\/clusterlogistic.org\/es\/amazon-y-su-impacto-en-cataluna-mas-alla-de-las-cifras\/","title":{"rendered":"Amazon y su impacto en Catalu\u00f1a: m\u00e1s all\u00e1 de las cifras"},"content":{"rendered":"<p>Amazon, ese gigante que todos conocemos, ha dejado una <b>huella importante<\/b> en Catalu\u00f1a. Hace una d\u00e9cada abri\u00f3 su primer centro log\u00edstico en Castellbisbal y desde entonces no ha parado de crecer. La cifra de <b>5.000 millones de euros invertidos<\/b> es solo la punta del iceberg. En un evento reciente en Barcelona, Ruth D\u00edaz, directora de Amazon Espa\u00f1a y Portugal, comparti\u00f3 algunos detalles que revelan el papel trascendental que la empresa juega en la regi\u00f3n.<\/p>\n<p><img loading=\"lazy\" decoding=\"async\" class=\"alignnone size-full wp-image-10225\" src=\"https:\/\/clusterlogistic.org\/wp-content\/uploads\/2026\/04\/amazon.jpg\" alt=\"\" width=\"1000\" height=\"563\" srcset=\"https:\/\/clusterlogistic.org\/wp-content\/uploads\/2026\/04\/amazon.jpg 1000w, https:\/\/clusterlogistic.org\/wp-content\/uploads\/2026\/04\/amazon-300x169.jpg 300w, https:\/\/clusterlogistic.org\/wp-content\/uploads\/2026\/04\/amazon-768x432.jpg 768w, https:\/\/clusterlogistic.org\/wp-content\/uploads\/2026\/04\/amazon-705x397.jpg 705w\" sizes=\"auto, (max-width: 1000px) 100vw, 1000px\" \/><\/p>\n<h2>El impacto econ\u00f3mico de Amazon en Catalu\u00f1a<\/h2>\n<p>Hablar de Amazon en Catalu\u00f1a es hablar de un organismo vivo que se ha integrado plenamente en la econom\u00eda. M\u00e1s de <b>8.000 empleos directos<\/b> y una contribuci\u00f3n de 4.000 millones de euros al PIB regional son indicadores del peso espec\u00edfico de la compa\u00f1\u00eda en la zona. Pero lo fascinante es considerar c\u00f3mo su infraestructura <b>log\u00edstica y tecnol\u00f3gica<\/b> ha evolucionado. Con 10 centros log\u00edsticos repartidos en la regi\u00f3n, Catalu\u00f1a se ha convertido en el epicentro de Amazon en Espa\u00f1a.<\/p>\n<p>\u00bfPor qu\u00e9 Catalu\u00f1a? No es casualidad. La regi\u00f3n tiene una <b>posici\u00f3n geogr\u00e1fica privilegiada<\/b> y un tejido industrial robusto. Adem\u00e1s, su capacidad para conectar con el mercado ib\u00e9rico y flujos europeos la hace irresistible para operaciones de gran escala. La visi\u00f3n de Amazon no se detiene en lo log\u00edstico; tambi\u00e9n hay un enfoque en la <b>sostenibilidad<\/b>. El centro en El Far d&#8217;Empord\u00e0, Girona, aspira a ser el primero en el mundo en autogenerar toda su energ\u00eda.<\/p>\n<h2>Amazon y las peque\u00f1as y medianas empresas (PYMEs)<\/h2>\n<p>Pero Amazon no solo beneficia a grandes compa\u00f1\u00edas. El ecosistema de PYMEs catalanas tambi\u00e9n se ha visto impulsado por su presencia. Seg\u00fan D\u00edaz, alrededor de <b>3.700 PYMEs operan en su plataforma<\/b>. Eso representa el 21% del total estatal. Las cifras son reveladoras: <b>340 millones de euros en exportaciones anuales<\/b> y un impacto de 550 millones al PIB de Catalu\u00f1a. En t\u00e9rminos log\u00edsticos, eso implica miles de env\u00edos, necesidad de almacenaje y exactitud en los plazos de entrega.<\/p>\n<p>De cara al futuro, D\u00edaz remarca que <b>el mismo apoyo<\/b> que grandes empresas necesitan, lo requieren las peque\u00f1as: tecnolog\u00eda, infraestructura, y talento. Con un enfoque en la escala m\u00e1s que en la barrera, Amazon sigue expandiendo sus horizontes tambi\u00e9n para los m\u00e1s peque\u00f1os.<\/p>\n<h2>Innovaci\u00f3n y digitalizaci\u00f3n<\/h2>\n<p>Josep S\u00e1nchez Llibre, presidente de Foment del Treball, destac\u00f3 a Amazon como un <b>socio clave<\/b> para la transformaci\u00f3n digital de mil y una compa\u00f1\u00edas en Catalu\u00f1a y Europa. Sin embargo, no es solo tecnolog\u00eda lo que ofrece Amazon. La empresa se ha dedicado a la <b>innovaci\u00f3n<\/b> de manera que su impacto se extienda m\u00e1s all\u00e1 de sus muros. Un buen ejemplo es su enfoque hacia la Inteligencia Artificial, que busca mantener un equilibrio entre <b>competitividad<\/b> e impacto social positivo.<\/p>\n<p>El programa &#8216;Despega&#8217;, en colaboraci\u00f3n con Foment, ha sido una iniciativa para impulsar la <b>digitalizaci\u00f3n de las empresas<\/b>. Hasta 50.000 firmas han participado, reforzando la idea de un tejido empresarial que no solo es fuerte, sino tambi\u00e9n adaptable y orientado al futuro.<\/p>\n<h2>Regulaci\u00f3n y sostenibilidad en el horizonte<\/h2>\n<p>A pesar de los logros, D\u00edaz ha manifestado la necesidad de un sistema regulatorio <b>estable y armonizado<\/b> a escala europea. Un marco eficiente, que permita la inversi\u00f3n y la innovaci\u00f3n, es crucial para competir en igualdad de condiciones. Aqu\u00ed, Amazon se posiciona como una empresa que no solo <b>lleva una d\u00e9cada consolidando su presencia<\/b>, sino que tambi\u00e9n tiene sus ojos puestos en los desaf\u00edos regulatorios que se avecinan.<\/p>\n<p>Y no menos importante: la sostenibilidad. Amazon se ha comprometido a alcanzar <b>cero emisiones para 2040<\/b>. Es el mayor comprador de energ\u00eda renovable en Espa\u00f1a y sus centros buscan ser un modelo a seguir en este aspecto.<\/p>\n<h2>\u00bfQu\u00e9 sigue para Amazon y Catalu\u00f1a?<\/h2>\n<p>Con su presencia consolidada, la pregunta es qu\u00e9 m\u00e1s puede hacer Amazon en Catalu\u00f1a. Su enfoque en sostenibilidad y digitalizaci\u00f3n de PYMEs demuestra que no planea detenerse. La compa\u00f1\u00eda est\u00e1 en Catalu\u00f1a para el largo plazo y, al parecer, continuar\u00e1 siendo un <b>actor clave<\/b> en la econom\u00eda regional. La presi\u00f3n est\u00e1 en los operadores locales, que deben adaptarse a un entorno donde Amazon marca la pauta.<\/p>\n<p>Sin duda, la historia de Amazon en Catalu\u00f1a no es solo de n\u00fameros: es una narrativa de <b>transformaci\u00f3n<\/b> que invita a reflexionar sobre el equilibrio entre crecimiento empresarial e impacto social.<\/p>\n","protected":false},"excerpt":{"rendered":"<p>Amazon, ese gigante que todos conocemos, ha dejado una huella importante en Catalu\u00f1a. Hace una d\u00e9cada abri\u00f3 su primer centro log\u00edstico en Castellbisbal y desde entonces no ha parado de crecer. La cifra de 5.000 millones de euros invertidos es solo la punta del iceberg. En un evento reciente en Barcelona, Ruth D\u00edaz, directora de [&hellip;]<\/p>\n","protected":false},"author":3,"featured_media":10225,"comment_status":"closed","ping_status":"closed","sticky":false,"template":"","format":"standard","meta":{"footnotes":""},"categories":[16],"tags":[],"class_list":["post-10228","post","type-post","status-publish","format-standard","has-post-thumbnail","hentry","category-actualidad"],"yoast_head":"<!-- This site is optimized with the Yoast SEO plugin v27.4 - https:\/\/yoast.com\/product\/yoast-seo-wordpress\/ -->\n<title>Una d\u00e9cada de Amazon en Catalu\u00f1a<\/title>\n<meta name=\"description\" content=\"Descubre c\u00f3mo Amazon ha transformado la econom\u00eda catalana en 10 a\u00f1os, fusionando innovaci\u00f3n, sostenibilidad y apoyo a las PYMEs.\" \/>\n<meta name=\"robots\" content=\"index, follow, max-snippet:-1, max-image-preview:large, max-video-preview:-1\" \/>\n<link rel=\"canonical\" href=\"https:\/\/clusterlogistic.org\/es\/amazon-y-su-impacto-en-cataluna-mas-alla-de-las-cifras\/\" \/>\n<meta property=\"og:locale\" content=\"es_ES\" \/>\n<meta property=\"og:type\" content=\"article\" \/>\n<meta property=\"og:title\" content=\"Una d\u00e9cada de Amazon en Catalu\u00f1a\" \/>\n<meta property=\"og:description\" content=\"Descubre c\u00f3mo Amazon ha transformado la econom\u00eda catalana en 10 a\u00f1os, fusionando innovaci\u00f3n, sostenibilidad y apoyo a las PYMEs.\" \/>\n<meta property=\"og:url\" content=\"https:\/\/clusterlogistic.org\/es\/amazon-y-su-impacto-en-cataluna-mas-alla-de-las-cifras\/\" \/>\n<meta property=\"og:site_name\" content=\"Cl\u00faster Log\u00edstic de Catalunya\" \/>\n<meta property=\"article:published_time\" content=\"2026-04-24T06:00:00+00:00\" \/>\n<meta property=\"article:modified_time\" content=\"2026-04-30T09:15:38+00:00\" \/>\n<meta property=\"og:image\" content=\"https:\/\/clusterlogistic.org\/wp-content\/uploads\/2026\/04\/amazon.jpg\" \/>\n\t<meta property=\"og:image:width\" content=\"1000\" \/>\n\t<meta property=\"og:image:height\" content=\"563\" \/>\n\t<meta property=\"og:image:type\" content=\"image\/jpeg\" \/>\n<meta name=\"author\" content=\"Cl\u00faster Log\u00edstic de Catalunya\" \/>\n<meta name=\"twitter:card\" content=\"summary_large_image\" \/>\n<meta name=\"twitter:label1\" content=\"Escrito por\" \/>\n\t<meta name=\"twitter:data1\" content=\"Cl\u00faster Log\u00edstic de Catalunya\" \/>\n\t<meta name=\"twitter:label2\" content=\"Tiempo de lectura\" \/>\n\t<meta name=\"twitter:data2\" content=\"4 minutos\" \/>\n<script type=\"application\/ld+json\" class=\"yoast-schema-graph\">{\"@context\":\"https:\\\/\\\/schema.org\",\"@graph\":[{\"@type\":\"Article\",\"@id\":\"https:\\\/\\\/clusterlogistic.org\\\/es\\\/amazon-y-su-impacto-en-cataluna-mas-alla-de-las-cifras\\\/#article\",\"isPartOf\":{\"@id\":\"https:\\\/\\\/clusterlogistic.org\\\/es\\\/amazon-y-su-impacto-en-cataluna-mas-alla-de-las-cifras\\\/\"},\"author\":{\"name\":\"Cl\u00faster Log\u00edstic de Catalunya\",\"@id\":\"https:\\\/\\\/clusterlogistic.org\\\/es\\\/#\\\/schema\\\/person\\\/2f968404d010f4cfb1fb1faa4cc8cd64\"},\"headline\":\"Amazon y su impacto en Catalu\u00f1a: m\u00e1s all\u00e1 de las cifras\",\"datePublished\":\"2026-04-24T06:00:00+00:00\",\"dateModified\":\"2026-04-30T09:15:38+00:00\",\"mainEntityOfPage\":{\"@id\":\"https:\\\/\\\/clusterlogistic.org\\\/es\\\/amazon-y-su-impacto-en-cataluna-mas-alla-de-las-cifras\\\/\"},\"wordCount\":783,\"publisher\":{\"@id\":\"https:\\\/\\\/clusterlogistic.org\\\/es\\\/#organization\"},\"image\":{\"@id\":\"https:\\\/\\\/clusterlogistic.org\\\/es\\\/amazon-y-su-impacto-en-cataluna-mas-alla-de-las-cifras\\\/#primaryimage\"},\"thumbnailUrl\":\"https:\\\/\\\/clusterlogistic.org\\\/wp-content\\\/uploads\\\/2026\\\/04\\\/amazon.jpg\",\"articleSection\":[\"Actualidad\"],\"inLanguage\":\"es\"},{\"@type\":\"WebPage\",\"@id\":\"https:\\\/\\\/clusterlogistic.org\\\/es\\\/amazon-y-su-impacto-en-cataluna-mas-alla-de-las-cifras\\\/\",\"url\":\"https:\\\/\\\/clusterlogistic.org\\\/es\\\/amazon-y-su-impacto-en-cataluna-mas-alla-de-las-cifras\\\/\",\"name\":\"Una d\u00e9cada de Amazon en Catalu\u00f1a\",\"isPartOf\":{\"@id\":\"https:\\\/\\\/clusterlogistic.org\\\/es\\\/#website\"},\"primaryImageOfPage\":{\"@id\":\"https:\\\/\\\/clusterlogistic.org\\\/es\\\/amazon-y-su-impacto-en-cataluna-mas-alla-de-las-cifras\\\/#primaryimage\"},\"image\":{\"@id\":\"https:\\\/\\\/clusterlogistic.org\\\/es\\\/amazon-y-su-impacto-en-cataluna-mas-alla-de-las-cifras\\\/#primaryimage\"},\"thumbnailUrl\":\"https:\\\/\\\/clusterlogistic.org\\\/wp-content\\\/uploads\\\/2026\\\/04\\\/amazon.jpg\",\"datePublished\":\"2026-04-24T06:00:00+00:00\",\"dateModified\":\"2026-04-30T09:15:38+00:00\",\"description\":\"Descubre c\u00f3mo Amazon ha transformado la econom\u00eda catalana en 10 a\u00f1os, fusionando innovaci\u00f3n, sostenibilidad y apoyo a las PYMEs.\",\"breadcrumb\":{\"@id\":\"https:\\\/\\\/clusterlogistic.org\\\/es\\\/amazon-y-su-impacto-en-cataluna-mas-alla-de-las-cifras\\\/#breadcrumb\"},\"inLanguage\":\"es\",\"potentialAction\":[{\"@type\":\"ReadAction\",\"target\":[\"https:\\\/\\\/clusterlogistic.org\\\/es\\\/amazon-y-su-impacto-en-cataluna-mas-alla-de-las-cifras\\\/\"]}]},{\"@type\":\"ImageObject\",\"inLanguage\":\"es\",\"@id\":\"https:\\\/\\\/clusterlogistic.org\\\/es\\\/amazon-y-su-impacto-en-cataluna-mas-alla-de-las-cifras\\\/#primaryimage\",\"url\":\"https:\\\/\\\/clusterlogistic.org\\\/wp-content\\\/uploads\\\/2026\\\/04\\\/amazon.jpg\",\"contentUrl\":\"https:\\\/\\\/clusterlogistic.org\\\/wp-content\\\/uploads\\\/2026\\\/04\\\/amazon.jpg\",\"width\":1000,\"height\":563},{\"@type\":\"BreadcrumbList\",\"@id\":\"https:\\\/\\\/clusterlogistic.org\\\/es\\\/amazon-y-su-impacto-en-cataluna-mas-alla-de-las-cifras\\\/#breadcrumb\",\"itemListElement\":[{\"@type\":\"ListItem\",\"position\":1,\"name\":\"Portada\",\"item\":\"https:\\\/\\\/clusterlogistic.org\\\/es\\\/\"},{\"@type\":\"ListItem\",\"position\":2,\"name\":\"Amazon y su impacto en Catalu\u00f1a: m\u00e1s all\u00e1 de las cifras\"}]},{\"@type\":\"WebSite\",\"@id\":\"https:\\\/\\\/clusterlogistic.org\\\/es\\\/#website\",\"url\":\"https:\\\/\\\/clusterlogistic.org\\\/es\\\/\",\"name\":\"Cl\u00faster Log\u00edstic de Catalunya\",\"description\":\"associaci\u00f3 sense \u00e0nim de lucre\",\"publisher\":{\"@id\":\"https:\\\/\\\/clusterlogistic.org\\\/es\\\/#organization\"},\"potentialAction\":[{\"@type\":\"SearchAction\",\"target\":{\"@type\":\"EntryPoint\",\"urlTemplate\":\"https:\\\/\\\/clusterlogistic.org\\\/es\\\/?s={search_term_string}\"},\"query-input\":{\"@type\":\"PropertyValueSpecification\",\"valueRequired\":true,\"valueName\":\"search_term_string\"}}],\"inLanguage\":\"es\"},{\"@type\":\"Organization\",\"@id\":\"https:\\\/\\\/clusterlogistic.org\\\/es\\\/#organization\",\"name\":\"Cl\u00faster Log\u00edstic de Catalunya\",\"url\":\"https:\\\/\\\/clusterlogistic.org\\\/es\\\/\",\"logo\":{\"@type\":\"ImageObject\",\"inLanguage\":\"es\",\"@id\":\"https:\\\/\\\/clusterlogistic.org\\\/es\\\/#\\\/schema\\\/logo\\\/image\\\/\",\"url\":\"https:\\\/\\\/clusterlogistic.org\\\/wp-content\\\/uploads\\\/2017\\\/07\\\/cropped-Logo-CL-llegenda-gran.jpg\",\"contentUrl\":\"https:\\\/\\\/clusterlogistic.org\\\/wp-content\\\/uploads\\\/2017\\\/07\\\/cropped-Logo-CL-llegenda-gran.jpg\",\"width\":512,\"height\":512,\"caption\":\"Cl\u00faster Log\u00edstic de Catalunya\"},\"image\":{\"@id\":\"https:\\\/\\\/clusterlogistic.org\\\/es\\\/#\\\/schema\\\/logo\\\/image\\\/\"}},{\"@type\":\"Person\",\"@id\":\"https:\\\/\\\/clusterlogistic.org\\\/es\\\/#\\\/schema\\\/person\\\/2f968404d010f4cfb1fb1faa4cc8cd64\",\"name\":\"Cl\u00faster Log\u00edstic de Catalunya\",\"image\":{\"@type\":\"ImageObject\",\"inLanguage\":\"es\",\"@id\":\"https:\\\/\\\/secure.gravatar.com\\\/avatar\\\/d70e6dad54fc96678ebb563883ef31c8b8b0a127bb640252f5ba3696ded226fe?s=96&d=mm&r=g\",\"url\":\"https:\\\/\\\/secure.gravatar.com\\\/avatar\\\/d70e6dad54fc96678ebb563883ef31c8b8b0a127bb640252f5ba3696ded226fe?s=96&d=mm&r=g\",\"contentUrl\":\"https:\\\/\\\/secure.gravatar.com\\\/avatar\\\/d70e6dad54fc96678ebb563883ef31c8b8b0a127bb640252f5ba3696ded226fe?s=96&d=mm&r=g\",\"caption\":\"Cl\u00faster Log\u00edstic de Catalunya\"},\"description\":\"Alineem estrat\u00e8gies i sumar esfor\u00e7os per potenciar l'activitat industrial a les pimes | Alineamos estrategias y sumar esfuerzos para potenciar la actividad industrial en las pymes.\",\"url\":\"https:\\\/\\\/clusterlogistic.org\\\/es\\\/author\\\/pilar-minguez\\\/\"}]}<\/script>\n<!-- \/ Yoast SEO plugin. -->","yoast_head_json":{"title":"Una d\u00e9cada de Amazon en Catalu\u00f1a","description":"Descubre c\u00f3mo Amazon ha transformado la econom\u00eda catalana en 10 a\u00f1os, fusionando innovaci\u00f3n, sostenibilidad y apoyo a las PYMEs.","robots":{"index":"index","follow":"follow","max-snippet":"max-snippet:-1","max-image-preview":"max-image-preview:large","max-video-preview":"max-video-preview:-1"},"canonical":"https:\/\/clusterlogistic.org\/es\/amazon-y-su-impacto-en-cataluna-mas-alla-de-las-cifras\/","og_locale":"es_ES","og_type":"article","og_title":"Una d\u00e9cada de Amazon en Catalu\u00f1a","og_description":"Descubre c\u00f3mo Amazon ha transformado la econom\u00eda catalana en 10 a\u00f1os, fusionando innovaci\u00f3n, sostenibilidad y apoyo a las PYMEs.","og_url":"https:\/\/clusterlogistic.org\/es\/amazon-y-su-impacto-en-cataluna-mas-alla-de-las-cifras\/","og_site_name":"Cl\u00faster Log\u00edstic de Catalunya","article_published_time":"2026-04-24T06:00:00+00:00","article_modified_time":"2026-04-30T09:15:38+00:00","og_image":[{"width":1000,"height":563,"url":"https:\/\/clusterlogistic.org\/wp-content\/uploads\/2026\/04\/amazon.jpg","type":"image\/jpeg"}],"author":"Cl\u00faster Log\u00edstic de Catalunya","twitter_card":"summary_large_image","twitter_misc":{"Escrito por":"Cl\u00faster Log\u00edstic de Catalunya","Tiempo de lectura":"4 minutos"},"schema":{"@context":"https:\/\/schema.org","@graph":[{"@type":"Article","@id":"https:\/\/clusterlogistic.org\/es\/amazon-y-su-impacto-en-cataluna-mas-alla-de-las-cifras\/#article","isPartOf":{"@id":"https:\/\/clusterlogistic.org\/es\/amazon-y-su-impacto-en-cataluna-mas-alla-de-las-cifras\/"},"author":{"name":"Cl\u00faster Log\u00edstic de Catalunya","@id":"https:\/\/clusterlogistic.org\/es\/#\/schema\/person\/2f968404d010f4cfb1fb1faa4cc8cd64"},"headline":"Amazon y su impacto en Catalu\u00f1a: m\u00e1s all\u00e1 de las cifras","datePublished":"2026-04-24T06:00:00+00:00","dateModified":"2026-04-30T09:15:38+00:00","mainEntityOfPage":{"@id":"https:\/\/clusterlogistic.org\/es\/amazon-y-su-impacto-en-cataluna-mas-alla-de-las-cifras\/"},"wordCount":783,"publisher":{"@id":"https:\/\/clusterlogistic.org\/es\/#organization"},"image":{"@id":"https:\/\/clusterlogistic.org\/es\/amazon-y-su-impacto-en-cataluna-mas-alla-de-las-cifras\/#primaryimage"},"thumbnailUrl":"https:\/\/clusterlogistic.org\/wp-content\/uploads\/2026\/04\/amazon.jpg","articleSection":["Actualidad"],"inLanguage":"es"},{"@type":"WebPage","@id":"https:\/\/clusterlogistic.org\/es\/amazon-y-su-impacto-en-cataluna-mas-alla-de-las-cifras\/","url":"https:\/\/clusterlogistic.org\/es\/amazon-y-su-impacto-en-cataluna-mas-alla-de-las-cifras\/","name":"Una d\u00e9cada de Amazon en Catalu\u00f1a","isPartOf":{"@id":"https:\/\/clusterlogistic.org\/es\/#website"},"primaryImageOfPage":{"@id":"https:\/\/clusterlogistic.org\/es\/amazon-y-su-impacto-en-cataluna-mas-alla-de-las-cifras\/#primaryimage"},"image":{"@id":"https:\/\/clusterlogistic.org\/es\/amazon-y-su-impacto-en-cataluna-mas-alla-de-las-cifras\/#primaryimage"},"thumbnailUrl":"https:\/\/clusterlogistic.org\/wp-content\/uploads\/2026\/04\/amazon.jpg","datePublished":"2026-04-24T06:00:00+00:00","dateModified":"2026-04-30T09:15:38+00:00","description":"Descubre c\u00f3mo Amazon ha transformado la econom\u00eda catalana en 10 a\u00f1os, fusionando innovaci\u00f3n, sostenibilidad y apoyo a las PYMEs.","breadcrumb":{"@id":"https:\/\/clusterlogistic.org\/es\/amazon-y-su-impacto-en-cataluna-mas-alla-de-las-cifras\/#breadcrumb"},"inLanguage":"es","potentialAction":[{"@type":"ReadAction","target":["https:\/\/clusterlogistic.org\/es\/amazon-y-su-impacto-en-cataluna-mas-alla-de-las-cifras\/"]}]},{"@type":"ImageObject","inLanguage":"es","@id":"https:\/\/clusterlogistic.org\/es\/amazon-y-su-impacto-en-cataluna-mas-alla-de-las-cifras\/#primaryimage","url":"https:\/\/clusterlogistic.org\/wp-content\/uploads\/2026\/04\/amazon.jpg","contentUrl":"https:\/\/clusterlogistic.org\/wp-content\/uploads\/2026\/04\/amazon.jpg","width":1000,"height":563},{"@type":"BreadcrumbList","@id":"https:\/\/clusterlogistic.org\/es\/amazon-y-su-impacto-en-cataluna-mas-alla-de-las-cifras\/#breadcrumb","itemListElement":[{"@type":"ListItem","position":1,"name":"Portada","item":"https:\/\/clusterlogistic.org\/es\/"},{"@type":"ListItem","position":2,"name":"Amazon y su impacto en Catalu\u00f1a: m\u00e1s all\u00e1 de las cifras"}]},{"@type":"WebSite","@id":"https:\/\/clusterlogistic.org\/es\/#website","url":"https:\/\/clusterlogistic.org\/es\/","name":"Cl\u00faster Log\u00edstic de Catalunya","description":"associaci\u00f3 sense \u00e0nim de lucre","publisher":{"@id":"https:\/\/clusterlogistic.org\/es\/#organization"},"potentialAction":[{"@type":"SearchAction","target":{"@type":"EntryPoint","urlTemplate":"https:\/\/clusterlogistic.org\/es\/?s={search_term_string}"},"query-input":{"@type":"PropertyValueSpecification","valueRequired":true,"valueName":"search_term_string"}}],"inLanguage":"es"},{"@type":"Organization","@id":"https:\/\/clusterlogistic.org\/es\/#organization","name":"Cl\u00faster Log\u00edstic de Catalunya","url":"https:\/\/clusterlogistic.org\/es\/","logo":{"@type":"ImageObject","inLanguage":"es","@id":"https:\/\/clusterlogistic.org\/es\/#\/schema\/logo\/image\/","url":"https:\/\/clusterlogistic.org\/wp-content\/uploads\/2017\/07\/cropped-Logo-CL-llegenda-gran.jpg","contentUrl":"https:\/\/clusterlogistic.org\/wp-content\/uploads\/2017\/07\/cropped-Logo-CL-llegenda-gran.jpg","width":512,"height":512,"caption":"Cl\u00faster Log\u00edstic de Catalunya"},"image":{"@id":"https:\/\/clusterlogistic.org\/es\/#\/schema\/logo\/image\/"}},{"@type":"Person","@id":"https:\/\/clusterlogistic.org\/es\/#\/schema\/person\/2f968404d010f4cfb1fb1faa4cc8cd64","name":"Cl\u00faster Log\u00edstic de Catalunya","image":{"@type":"ImageObject","inLanguage":"es","@id":"https:\/\/secure.gravatar.com\/avatar\/d70e6dad54fc96678ebb563883ef31c8b8b0a127bb640252f5ba3696ded226fe?s=96&d=mm&r=g","url":"https:\/\/secure.gravatar.com\/avatar\/d70e6dad54fc96678ebb563883ef31c8b8b0a127bb640252f5ba3696ded226fe?s=96&d=mm&r=g","contentUrl":"https:\/\/secure.gravatar.com\/avatar\/d70e6dad54fc96678ebb563883ef31c8b8b0a127bb640252f5ba3696ded226fe?s=96&d=mm&r=g","caption":"Cl\u00faster Log\u00edstic de Catalunya"},"description":"Alineem estrat\u00e8gies i sumar esfor\u00e7os per potenciar l'activitat industrial a les pimes | Alineamos estrategias y sumar esfuerzos para potenciar la actividad industrial en las pymes.","url":"https:\/\/clusterlogistic.org\/es\/author\/pilar-minguez\/"}]}},"_links":{"self":[{"href":"https:\/\/clusterlogistic.org\/es\/wp-json\/wp\/v2\/posts\/10228","targetHints":{"allow":["GET"]}}],"collection":[{"href":"https:\/\/clusterlogistic.org\/es\/wp-json\/wp\/v2\/posts"}],"about":[{"href":"https:\/\/clusterlogistic.org\/es\/wp-json\/wp\/v2\/types\/post"}],"author":[{"embeddable":true,"href":"https:\/\/clusterlogistic.org\/es\/wp-json\/wp\/v2\/users\/3"}],"replies":[{"embeddable":true,"href":"https:\/\/clusterlogistic.org\/es\/wp-json\/wp\/v2\/comments?post=10228"}],"version-history":[{"count":2,"href":"https:\/\/clusterlogistic.org\/es\/wp-json\/wp\/v2\/posts\/10228\/revisions"}],"predecessor-version":[{"id":10230,"href":"https:\/\/clusterlogistic.org\/es\/wp-json\/wp\/v2\/posts\/10228\/revisions\/10230"}],"wp:featuredmedia":[{"embeddable":true,"href":"https:\/\/clusterlogistic.org\/es\/wp-json\/wp\/v2\/media\/10225"}],"wp:attachment":[{"href":"https:\/\/clusterlogistic.org\/es\/wp-json\/wp\/v2\/media?parent=10228"}],"wp:term":[{"taxonomy":"category","embeddable":true,"href":"https:\/\/clusterlogistic.org\/es\/wp-json\/wp\/v2\/categories?post=10228"},{"taxonomy":"post_tag","embeddable":true,"href":"https:\/\/clusterlogistic.org\/es\/wp-json\/wp\/v2\/tags?post=10228"}],"curies":[{"name":"wp","href":"https:\/\/api.w.org\/{rel}","templated":true}]}}