{"id":10234,"date":"2026-03-27T08:00:00","date_gmt":"2026-03-27T06:00:00","guid":{"rendered":"https:\/\/clusterlogistic.org\/?p=10234"},"modified":"2026-04-30T11:21:47","modified_gmt":"2026-04-30T09:21:47","slug":"el-salto-estrategico-de-logista-pharma-y-prologis-en-el-mercado-logistico-europeo","status":"publish","type":"post","link":"https:\/\/clusterlogistic.org\/es\/el-salto-estrategico-de-logista-pharma-y-prologis-en-el-mercado-logistico-europeo\/","title":{"rendered":"El salto estrat\u00e9gico de Logista Pharma y Prologis en el mercado log\u00edstico europeo"},"content":{"rendered":"<h2>La plataforma Subirats DC1: Un hito en Catalu\u00f1a<\/h2>\n<p>Una gran noticia se cierne sobre el <b>mercado log\u00edstico<\/b> en Catalu\u00f1a. Prologis ha alquilado a Logista Pharma su plataforma Subirats DC1, una <b>instalaci\u00f3n monstruosa de 23.416 m\u00b2<\/b> ubicada en Subirats, Barcelona. <b>Logista Pharma<\/b>, una filial especializada en la distribuci\u00f3n farmac\u00e9utica, est\u00e1 lista para dar un gran paso hacia el mercado europeo con este movimiento estrat\u00e9gico. El acuerdo entre las dos compa\u00f1\u00edas, notable por ser la primera colaboraci\u00f3n en Espa\u00f1a, no es solo una historia de expansi\u00f3n, sino una manifestaci\u00f3n de la capacidad de adaptarse al dinamismo del sector.<\/p>\n<p>\u00bfQu\u00e9 hace que esta plataforma sea un hito? Pues bien, es la mayor infraestructura de distribuci\u00f3n farmac\u00e9utica gestionada por un operador log\u00edstico en Catalu\u00f1a. Con una capacidad para almacenar hasta <b>50.000 palets<\/b>, representa un punto crucial para el transporte de productos hacia Francia, Holanda y B\u00e9lgica. En resumen, se trata de un nodo log\u00edstico esencial para respaldar la proyecci\u00f3n de Logista Pharma.<\/p>\n<p><img loading=\"lazy\" decoding=\"async\" class=\"alignnone size-full wp-image-10231\" src=\"https:\/\/clusterlogistic.org\/wp-content\/uploads\/2026\/04\/prologis-alquila.jpeg\" alt=\"prologis alquila\" width=\"1079\" height=\"801\" srcset=\"https:\/\/clusterlogistic.org\/wp-content\/uploads\/2026\/04\/prologis-alquila.jpeg 1079w, https:\/\/clusterlogistic.org\/wp-content\/uploads\/2026\/04\/prologis-alquila-300x223.jpeg 300w, https:\/\/clusterlogistic.org\/wp-content\/uploads\/2026\/04\/prologis-alquila-1030x765.jpeg 1030w, https:\/\/clusterlogistic.org\/wp-content\/uploads\/2026\/04\/prologis-alquila-768x570.jpeg 768w, https:\/\/clusterlogistic.org\/wp-content\/uploads\/2026\/04\/prologis-alquila-705x523.jpeg 705w\" sizes=\"auto, (max-width: 1079px) 100vw, 1079px\" \/><\/p>\n<h2>Tecnolog\u00edas al servicio de la eficiencia<\/h2>\n<p>Subirats DC1 no es solo una nave gigantesca. <b>Es un ejemplo de c\u00f3mo la tecnolog\u00eda y la planificaci\u00f3n inteligente pueden elevar una infraestructura al siguiente nivel<\/b>. Las \u00e1reas cumplen con normas sanitarias estrictas como GMP y GDP, esenciales para mantener la calidad y seguridad de los productos farmac\u00e9uticos. Adem\u00e1s, <b>el sistema de climatizaci\u00f3n mantiene los productos en condiciones \u00f3ptimas de temperatura<\/b>, esenciales para este tipo de mercanc\u00edas.<\/p>\n<p>La avanzada <b>infraestructura tambi\u00e9n incorpora \u00e1reas qu\u00edmicas de alta seguridad (APQ)<\/b> y secciones de picking robotizadas, mostrando un impresionante nivel de automatizaci\u00f3n y seguridad. Pero hay m\u00e1s, como la eficiencia energ\u00e9tica y sostenibilidad, destacadas por la iluminaci\u00f3n LED de alta eficiencia que reduce significativamente el impacto ambiental.<\/p>\n<h2>Una colaboraci\u00f3n que optimiza operaciones<\/h2>\n<p>Ignacio S\u00e1nchez Caballero, Gerente General de Logista Pharma Iberia, destaca c\u00f3mo esta plataforma cumple con los est\u00e1ndares operativos m\u00e1s elevados en el sector. Las operaciones log\u00edsticas se optimizan, garantizando <b>un servicio seguro, eficaz y confiable<\/b> para los clientes. Adem\u00e1s, la ubicaci\u00f3n estrat\u00e9gica de Subirats DC1 refuerza la red de distribuci\u00f3n de la compa\u00f1\u00eda hacia pa\u00edses europeos, impulsando a\u00fan m\u00e1s sus objetivos de <b>crecimiento y expansi\u00f3n<\/b>.<\/p>\n<p>Cristian Oller, responsable de Asset Management para el sur de Europa de Prologis, refuerza esta visi\u00f3n enfatizando la capacidad de la empresa para apoyar a compa\u00f1\u00edas farmac\u00e9uticas con soluciones log\u00edsticas personalizadas, orientadas siempre a los m\u00e1s altos est\u00e1ndares.<\/p>\n<h2>Un movimiento estrat\u00e9gico en un mercado en crecimiento<\/h2>\n<p>Hablando del contexto m\u00e1s amplio, los movimientos en Catalu\u00f1a son significativos. La regi\u00f3n sigue siendo un hub log\u00edstico crucial en Espa\u00f1a y Europa. Seg\u00fan cifras recientes, Catalu\u00f1a ha demostrado ser un \u00e1rea de atracci\u00f3n en el sector, con una considerable cantidad de metros cuadrados contratados y demanda de instalaciones modernas bien situadas.<\/p>\n<p>En medio de este escenario, el mercado log\u00edstico catal\u00e1n enfrenta una <b>demanda robusta y una oferta limitada<\/b>, haciendo destacar proyectos como Subirats DC1. Al final del d\u00eda, este lugar se convierte en algo m\u00e1s que un simple almac\u00e9n; es un reflejo del potencial y la innovaci\u00f3n en log\u00edstica, que no solo satisface, sino que supera las expectativas.<\/p>\n<h2>Posicionando el futuro<\/h2>\n<p>Lo que Logista Pharma y Prologis han hecho no es solo <b>firmar un alquiler m\u00e1s<\/b>, sino definir un hito que predice tendencias futuras. Con visi\u00f3n de futuro y compromiso, han mostrado c\u00f3mo una infraestructura bien planeada y equipada puede cambiar el juego. Para Logista Pharma, este no es simplemente un paso hacia Europa, es la declaraci\u00f3n de su intenci\u00f3n de ser un jugador clave en un mercado en expansi\u00f3n. Igual de importante, Prologis refuerza su imagen como un <b>proveedor de soluciones log\u00edsticas visionario<\/b>, capaz de elevar el potencial de infraestructuras log\u00edsticas a niveles que otras empresas solo pueden so\u00f1ar.<\/p>\n","protected":false},"excerpt":{"rendered":"<p>La plataforma Subirats DC1: Un hito en Catalu\u00f1a Una gran noticia se cierne sobre el mercado log\u00edstico en Catalu\u00f1a. Prologis ha alquilado a Logista Pharma su plataforma Subirats DC1, una instalaci\u00f3n monstruosa de 23.416 m\u00b2 ubicada en Subirats, Barcelona. Logista Pharma, una filial especializada en la distribuci\u00f3n farmac\u00e9utica, est\u00e1 lista para dar un gran paso [&hellip;]<\/p>\n","protected":false},"author":3,"featured_media":10231,"comment_status":"closed","ping_status":"closed","sticky":false,"template":"","format":"standard","meta":{"footnotes":""},"categories":[16],"tags":[],"class_list":["post-10234","post","type-post","status-publish","format-standard","has-post-thumbnail","hentry","category-actualidad"],"yoast_head":"<!-- This site is optimized with the Yoast SEO plugin v27.4 - https:\/\/yoast.com\/product\/yoast-seo-wordpress\/ -->\n<title>Logista y Prologis: Salto estrat\u00e9gico hacia Europa<\/title>\n<meta name=\"description\" content=\"Logista Pharma y Prologis refuerzan su presencia en el mercado europeo con la nueva plataforma log\u00edstica Subirats DC1.\" \/>\n<meta name=\"robots\" content=\"index, follow, max-snippet:-1, max-image-preview:large, max-video-preview:-1\" \/>\n<link rel=\"canonical\" href=\"https:\/\/clusterlogistic.org\/es\/el-salto-estrategico-de-logista-pharma-y-prologis-en-el-mercado-logistico-europeo\/\" \/>\n<meta property=\"og:locale\" content=\"es_ES\" \/>\n<meta property=\"og:type\" content=\"article\" \/>\n<meta property=\"og:title\" content=\"Logista y Prologis: Salto estrat\u00e9gico hacia Europa\" \/>\n<meta property=\"og:description\" content=\"Logista Pharma y Prologis refuerzan su presencia en el mercado europeo con la nueva plataforma log\u00edstica Subirats DC1.\" \/>\n<meta property=\"og:url\" content=\"https:\/\/clusterlogistic.org\/es\/el-salto-estrategico-de-logista-pharma-y-prologis-en-el-mercado-logistico-europeo\/\" \/>\n<meta property=\"og:site_name\" content=\"Cl\u00faster Log\u00edstic de Catalunya\" \/>\n<meta property=\"article:published_time\" content=\"2026-03-27T06:00:00+00:00\" \/>\n<meta property=\"article:modified_time\" content=\"2026-04-30T09:21:47+00:00\" \/>\n<meta property=\"og:image\" content=\"https:\/\/clusterlogistic.org\/wp-content\/uploads\/2026\/04\/prologis-alquila.jpeg\" \/>\n\t<meta property=\"og:image:width\" content=\"1079\" \/>\n\t<meta property=\"og:image:height\" content=\"801\" \/>\n\t<meta property=\"og:image:type\" content=\"image\/jpeg\" \/>\n<meta name=\"author\" content=\"Cl\u00faster Log\u00edstic de Catalunya\" \/>\n<meta name=\"twitter:card\" content=\"summary_large_image\" \/>\n<meta name=\"twitter:label1\" content=\"Escrito por\" \/>\n\t<meta name=\"twitter:data1\" content=\"Cl\u00faster Log\u00edstic de Catalunya\" \/>\n\t<meta name=\"twitter:label2\" content=\"Tiempo de lectura\" \/>\n\t<meta name=\"twitter:data2\" content=\"4 minutos\" \/>\n<script type=\"application\/ld+json\" class=\"yoast-schema-graph\">{\"@context\":\"https:\\\/\\\/schema.org\",\"@graph\":[{\"@type\":\"Article\",\"@id\":\"https:\\\/\\\/clusterlogistic.org\\\/es\\\/el-salto-estrategico-de-logista-pharma-y-prologis-en-el-mercado-logistico-europeo\\\/#article\",\"isPartOf\":{\"@id\":\"https:\\\/\\\/clusterlogistic.org\\\/es\\\/el-salto-estrategico-de-logista-pharma-y-prologis-en-el-mercado-logistico-europeo\\\/\"},\"author\":{\"name\":\"Cl\u00faster Log\u00edstic de Catalunya\",\"@id\":\"https:\\\/\\\/clusterlogistic.org\\\/es\\\/#\\\/schema\\\/person\\\/2f968404d010f4cfb1fb1faa4cc8cd64\"},\"headline\":\"El salto estrat\u00e9gico de Logista Pharma y Prologis en el mercado log\u00edstico europeo\",\"datePublished\":\"2026-03-27T06:00:00+00:00\",\"dateModified\":\"2026-04-30T09:21:47+00:00\",\"mainEntityOfPage\":{\"@id\":\"https:\\\/\\\/clusterlogistic.org\\\/es\\\/el-salto-estrategico-de-logista-pharma-y-prologis-en-el-mercado-logistico-europeo\\\/\"},\"wordCount\":697,\"publisher\":{\"@id\":\"https:\\\/\\\/clusterlogistic.org\\\/es\\\/#organization\"},\"image\":{\"@id\":\"https:\\\/\\\/clusterlogistic.org\\\/es\\\/el-salto-estrategico-de-logista-pharma-y-prologis-en-el-mercado-logistico-europeo\\\/#primaryimage\"},\"thumbnailUrl\":\"https:\\\/\\\/clusterlogistic.org\\\/wp-content\\\/uploads\\\/2026\\\/04\\\/prologis-alquila.jpeg\",\"articleSection\":[\"Actualidad\"],\"inLanguage\":\"es\"},{\"@type\":\"WebPage\",\"@id\":\"https:\\\/\\\/clusterlogistic.org\\\/es\\\/el-salto-estrategico-de-logista-pharma-y-prologis-en-el-mercado-logistico-europeo\\\/\",\"url\":\"https:\\\/\\\/clusterlogistic.org\\\/es\\\/el-salto-estrategico-de-logista-pharma-y-prologis-en-el-mercado-logistico-europeo\\\/\",\"name\":\"Logista y Prologis: Salto estrat\u00e9gico hacia Europa\",\"isPartOf\":{\"@id\":\"https:\\\/\\\/clusterlogistic.org\\\/es\\\/#website\"},\"primaryImageOfPage\":{\"@id\":\"https:\\\/\\\/clusterlogistic.org\\\/es\\\/el-salto-estrategico-de-logista-pharma-y-prologis-en-el-mercado-logistico-europeo\\\/#primaryimage\"},\"image\":{\"@id\":\"https:\\\/\\\/clusterlogistic.org\\\/es\\\/el-salto-estrategico-de-logista-pharma-y-prologis-en-el-mercado-logistico-europeo\\\/#primaryimage\"},\"thumbnailUrl\":\"https:\\\/\\\/clusterlogistic.org\\\/wp-content\\\/uploads\\\/2026\\\/04\\\/prologis-alquila.jpeg\",\"datePublished\":\"2026-03-27T06:00:00+00:00\",\"dateModified\":\"2026-04-30T09:21:47+00:00\",\"description\":\"Logista Pharma y Prologis refuerzan su presencia en el mercado europeo con la nueva plataforma log\u00edstica Subirats DC1.\",\"breadcrumb\":{\"@id\":\"https:\\\/\\\/clusterlogistic.org\\\/es\\\/el-salto-estrategico-de-logista-pharma-y-prologis-en-el-mercado-logistico-europeo\\\/#breadcrumb\"},\"inLanguage\":\"es\",\"potentialAction\":[{\"@type\":\"ReadAction\",\"target\":[\"https:\\\/\\\/clusterlogistic.org\\\/es\\\/el-salto-estrategico-de-logista-pharma-y-prologis-en-el-mercado-logistico-europeo\\\/\"]}]},{\"@type\":\"ImageObject\",\"inLanguage\":\"es\",\"@id\":\"https:\\\/\\\/clusterlogistic.org\\\/es\\\/el-salto-estrategico-de-logista-pharma-y-prologis-en-el-mercado-logistico-europeo\\\/#primaryimage\",\"url\":\"https:\\\/\\\/clusterlogistic.org\\\/wp-content\\\/uploads\\\/2026\\\/04\\\/prologis-alquila.jpeg\",\"contentUrl\":\"https:\\\/\\\/clusterlogistic.org\\\/wp-content\\\/uploads\\\/2026\\\/04\\\/prologis-alquila.jpeg\",\"width\":1079,\"height\":801,\"caption\":\"prologis alquila\"},{\"@type\":\"BreadcrumbList\",\"@id\":\"https:\\\/\\\/clusterlogistic.org\\\/es\\\/el-salto-estrategico-de-logista-pharma-y-prologis-en-el-mercado-logistico-europeo\\\/#breadcrumb\",\"itemListElement\":[{\"@type\":\"ListItem\",\"position\":1,\"name\":\"Portada\",\"item\":\"https:\\\/\\\/clusterlogistic.org\\\/es\\\/\"},{\"@type\":\"ListItem\",\"position\":2,\"name\":\"El salto estrat\u00e9gico de Logista Pharma y Prologis en el mercado log\u00edstico europeo\"}]},{\"@type\":\"WebSite\",\"@id\":\"https:\\\/\\\/clusterlogistic.org\\\/es\\\/#website\",\"url\":\"https:\\\/\\\/clusterlogistic.org\\\/es\\\/\",\"name\":\"Cl\u00faster Log\u00edstic de Catalunya\",\"description\":\"associaci\u00f3 sense \u00e0nim de lucre\",\"publisher\":{\"@id\":\"https:\\\/\\\/clusterlogistic.org\\\/es\\\/#organization\"},\"potentialAction\":[{\"@type\":\"SearchAction\",\"target\":{\"@type\":\"EntryPoint\",\"urlTemplate\":\"https:\\\/\\\/clusterlogistic.org\\\/es\\\/?s={search_term_string}\"},\"query-input\":{\"@type\":\"PropertyValueSpecification\",\"valueRequired\":true,\"valueName\":\"search_term_string\"}}],\"inLanguage\":\"es\"},{\"@type\":\"Organization\",\"@id\":\"https:\\\/\\\/clusterlogistic.org\\\/es\\\/#organization\",\"name\":\"Cl\u00faster Log\u00edstic de Catalunya\",\"url\":\"https:\\\/\\\/clusterlogistic.org\\\/es\\\/\",\"logo\":{\"@type\":\"ImageObject\",\"inLanguage\":\"es\",\"@id\":\"https:\\\/\\\/clusterlogistic.org\\\/es\\\/#\\\/schema\\\/logo\\\/image\\\/\",\"url\":\"https:\\\/\\\/clusterlogistic.org\\\/wp-content\\\/uploads\\\/2017\\\/07\\\/cropped-Logo-CL-llegenda-gran.jpg\",\"contentUrl\":\"https:\\\/\\\/clusterlogistic.org\\\/wp-content\\\/uploads\\\/2017\\\/07\\\/cropped-Logo-CL-llegenda-gran.jpg\",\"width\":512,\"height\":512,\"caption\":\"Cl\u00faster Log\u00edstic de Catalunya\"},\"image\":{\"@id\":\"https:\\\/\\\/clusterlogistic.org\\\/es\\\/#\\\/schema\\\/logo\\\/image\\\/\"}},{\"@type\":\"Person\",\"@id\":\"https:\\\/\\\/clusterlogistic.org\\\/es\\\/#\\\/schema\\\/person\\\/2f968404d010f4cfb1fb1faa4cc8cd64\",\"name\":\"Cl\u00faster Log\u00edstic de Catalunya\",\"image\":{\"@type\":\"ImageObject\",\"inLanguage\":\"es\",\"@id\":\"https:\\\/\\\/secure.gravatar.com\\\/avatar\\\/d70e6dad54fc96678ebb563883ef31c8b8b0a127bb640252f5ba3696ded226fe?s=96&d=mm&r=g\",\"url\":\"https:\\\/\\\/secure.gravatar.com\\\/avatar\\\/d70e6dad54fc96678ebb563883ef31c8b8b0a127bb640252f5ba3696ded226fe?s=96&d=mm&r=g\",\"contentUrl\":\"https:\\\/\\\/secure.gravatar.com\\\/avatar\\\/d70e6dad54fc96678ebb563883ef31c8b8b0a127bb640252f5ba3696ded226fe?s=96&d=mm&r=g\",\"caption\":\"Cl\u00faster Log\u00edstic de Catalunya\"},\"description\":\"Alineem estrat\u00e8gies i sumar esfor\u00e7os per potenciar l'activitat industrial a les pimes | Alineamos estrategias y sumar esfuerzos para potenciar la actividad industrial en las pymes.\",\"url\":\"https:\\\/\\\/clusterlogistic.org\\\/es\\\/author\\\/pilar-minguez\\\/\"}]}<\/script>\n<!-- \/ Yoast SEO plugin. -->","yoast_head_json":{"title":"Logista y Prologis: Salto estrat\u00e9gico hacia Europa","description":"Logista Pharma y Prologis refuerzan su presencia en el mercado europeo con la nueva plataforma log\u00edstica Subirats DC1.","robots":{"index":"index","follow":"follow","max-snippet":"max-snippet:-1","max-image-preview":"max-image-preview:large","max-video-preview":"max-video-preview:-1"},"canonical":"https:\/\/clusterlogistic.org\/es\/el-salto-estrategico-de-logista-pharma-y-prologis-en-el-mercado-logistico-europeo\/","og_locale":"es_ES","og_type":"article","og_title":"Logista y Prologis: Salto estrat\u00e9gico hacia Europa","og_description":"Logista Pharma y Prologis refuerzan su presencia en el mercado europeo con la nueva plataforma log\u00edstica Subirats DC1.","og_url":"https:\/\/clusterlogistic.org\/es\/el-salto-estrategico-de-logista-pharma-y-prologis-en-el-mercado-logistico-europeo\/","og_site_name":"Cl\u00faster Log\u00edstic de Catalunya","article_published_time":"2026-03-27T06:00:00+00:00","article_modified_time":"2026-04-30T09:21:47+00:00","og_image":[{"width":1079,"height":801,"url":"https:\/\/clusterlogistic.org\/wp-content\/uploads\/2026\/04\/prologis-alquila.jpeg","type":"image\/jpeg"}],"author":"Cl\u00faster Log\u00edstic de Catalunya","twitter_card":"summary_large_image","twitter_misc":{"Escrito por":"Cl\u00faster Log\u00edstic de Catalunya","Tiempo de lectura":"4 minutos"},"schema":{"@context":"https:\/\/schema.org","@graph":[{"@type":"Article","@id":"https:\/\/clusterlogistic.org\/es\/el-salto-estrategico-de-logista-pharma-y-prologis-en-el-mercado-logistico-europeo\/#article","isPartOf":{"@id":"https:\/\/clusterlogistic.org\/es\/el-salto-estrategico-de-logista-pharma-y-prologis-en-el-mercado-logistico-europeo\/"},"author":{"name":"Cl\u00faster Log\u00edstic de Catalunya","@id":"https:\/\/clusterlogistic.org\/es\/#\/schema\/person\/2f968404d010f4cfb1fb1faa4cc8cd64"},"headline":"El salto estrat\u00e9gico de Logista Pharma y Prologis en el mercado log\u00edstico europeo","datePublished":"2026-03-27T06:00:00+00:00","dateModified":"2026-04-30T09:21:47+00:00","mainEntityOfPage":{"@id":"https:\/\/clusterlogistic.org\/es\/el-salto-estrategico-de-logista-pharma-y-prologis-en-el-mercado-logistico-europeo\/"},"wordCount":697,"publisher":{"@id":"https:\/\/clusterlogistic.org\/es\/#organization"},"image":{"@id":"https:\/\/clusterlogistic.org\/es\/el-salto-estrategico-de-logista-pharma-y-prologis-en-el-mercado-logistico-europeo\/#primaryimage"},"thumbnailUrl":"https:\/\/clusterlogistic.org\/wp-content\/uploads\/2026\/04\/prologis-alquila.jpeg","articleSection":["Actualidad"],"inLanguage":"es"},{"@type":"WebPage","@id":"https:\/\/clusterlogistic.org\/es\/el-salto-estrategico-de-logista-pharma-y-prologis-en-el-mercado-logistico-europeo\/","url":"https:\/\/clusterlogistic.org\/es\/el-salto-estrategico-de-logista-pharma-y-prologis-en-el-mercado-logistico-europeo\/","name":"Logista y Prologis: Salto estrat\u00e9gico hacia Europa","isPartOf":{"@id":"https:\/\/clusterlogistic.org\/es\/#website"},"primaryImageOfPage":{"@id":"https:\/\/clusterlogistic.org\/es\/el-salto-estrategico-de-logista-pharma-y-prologis-en-el-mercado-logistico-europeo\/#primaryimage"},"image":{"@id":"https:\/\/clusterlogistic.org\/es\/el-salto-estrategico-de-logista-pharma-y-prologis-en-el-mercado-logistico-europeo\/#primaryimage"},"thumbnailUrl":"https:\/\/clusterlogistic.org\/wp-content\/uploads\/2026\/04\/prologis-alquila.jpeg","datePublished":"2026-03-27T06:00:00+00:00","dateModified":"2026-04-30T09:21:47+00:00","description":"Logista Pharma y Prologis refuerzan su presencia en el mercado europeo con la nueva plataforma log\u00edstica Subirats DC1.","breadcrumb":{"@id":"https:\/\/clusterlogistic.org\/es\/el-salto-estrategico-de-logista-pharma-y-prologis-en-el-mercado-logistico-europeo\/#breadcrumb"},"inLanguage":"es","potentialAction":[{"@type":"ReadAction","target":["https:\/\/clusterlogistic.org\/es\/el-salto-estrategico-de-logista-pharma-y-prologis-en-el-mercado-logistico-europeo\/"]}]},{"@type":"ImageObject","inLanguage":"es","@id":"https:\/\/clusterlogistic.org\/es\/el-salto-estrategico-de-logista-pharma-y-prologis-en-el-mercado-logistico-europeo\/#primaryimage","url":"https:\/\/clusterlogistic.org\/wp-content\/uploads\/2026\/04\/prologis-alquila.jpeg","contentUrl":"https:\/\/clusterlogistic.org\/wp-content\/uploads\/2026\/04\/prologis-alquila.jpeg","width":1079,"height":801,"caption":"prologis alquila"},{"@type":"BreadcrumbList","@id":"https:\/\/clusterlogistic.org\/es\/el-salto-estrategico-de-logista-pharma-y-prologis-en-el-mercado-logistico-europeo\/#breadcrumb","itemListElement":[{"@type":"ListItem","position":1,"name":"Portada","item":"https:\/\/clusterlogistic.org\/es\/"},{"@type":"ListItem","position":2,"name":"El salto estrat\u00e9gico de Logista Pharma y Prologis en el mercado log\u00edstico europeo"}]},{"@type":"WebSite","@id":"https:\/\/clusterlogistic.org\/es\/#website","url":"https:\/\/clusterlogistic.org\/es\/","name":"Cl\u00faster Log\u00edstic de Catalunya","description":"associaci\u00f3 sense \u00e0nim de lucre","publisher":{"@id":"https:\/\/clusterlogistic.org\/es\/#organization"},"potentialAction":[{"@type":"SearchAction","target":{"@type":"EntryPoint","urlTemplate":"https:\/\/clusterlogistic.org\/es\/?s={search_term_string}"},"query-input":{"@type":"PropertyValueSpecification","valueRequired":true,"valueName":"search_term_string"}}],"inLanguage":"es"},{"@type":"Organization","@id":"https:\/\/clusterlogistic.org\/es\/#organization","name":"Cl\u00faster Log\u00edstic de Catalunya","url":"https:\/\/clusterlogistic.org\/es\/","logo":{"@type":"ImageObject","inLanguage":"es","@id":"https:\/\/clusterlogistic.org\/es\/#\/schema\/logo\/image\/","url":"https:\/\/clusterlogistic.org\/wp-content\/uploads\/2017\/07\/cropped-Logo-CL-llegenda-gran.jpg","contentUrl":"https:\/\/clusterlogistic.org\/wp-content\/uploads\/2017\/07\/cropped-Logo-CL-llegenda-gran.jpg","width":512,"height":512,"caption":"Cl\u00faster Log\u00edstic de Catalunya"},"image":{"@id":"https:\/\/clusterlogistic.org\/es\/#\/schema\/logo\/image\/"}},{"@type":"Person","@id":"https:\/\/clusterlogistic.org\/es\/#\/schema\/person\/2f968404d010f4cfb1fb1faa4cc8cd64","name":"Cl\u00faster Log\u00edstic de Catalunya","image":{"@type":"ImageObject","inLanguage":"es","@id":"https:\/\/secure.gravatar.com\/avatar\/d70e6dad54fc96678ebb563883ef31c8b8b0a127bb640252f5ba3696ded226fe?s=96&d=mm&r=g","url":"https:\/\/secure.gravatar.com\/avatar\/d70e6dad54fc96678ebb563883ef31c8b8b0a127bb640252f5ba3696ded226fe?s=96&d=mm&r=g","contentUrl":"https:\/\/secure.gravatar.com\/avatar\/d70e6dad54fc96678ebb563883ef31c8b8b0a127bb640252f5ba3696ded226fe?s=96&d=mm&r=g","caption":"Cl\u00faster Log\u00edstic de Catalunya"},"description":"Alineem estrat\u00e8gies i sumar esfor\u00e7os per potenciar l'activitat industrial a les pimes | Alineamos estrategias y sumar esfuerzos para potenciar la actividad industrial en las pymes.","url":"https:\/\/clusterlogistic.org\/es\/author\/pilar-minguez\/"}]}},"_links":{"self":[{"href":"https:\/\/clusterlogistic.org\/es\/wp-json\/wp\/v2\/posts\/10234","targetHints":{"allow":["GET"]}}],"collection":[{"href":"https:\/\/clusterlogistic.org\/es\/wp-json\/wp\/v2\/posts"}],"about":[{"href":"https:\/\/clusterlogistic.org\/es\/wp-json\/wp\/v2\/types\/post"}],"author":[{"embeddable":true,"href":"https:\/\/clusterlogistic.org\/es\/wp-json\/wp\/v2\/users\/3"}],"replies":[{"embeddable":true,"href":"https:\/\/clusterlogistic.org\/es\/wp-json\/wp\/v2\/comments?post=10234"}],"version-history":[{"count":2,"href":"https:\/\/clusterlogistic.org\/es\/wp-json\/wp\/v2\/posts\/10234\/revisions"}],"predecessor-version":[{"id":10236,"href":"https:\/\/clusterlogistic.org\/es\/wp-json\/wp\/v2\/posts\/10234\/revisions\/10236"}],"wp:featuredmedia":[{"embeddable":true,"href":"https:\/\/clusterlogistic.org\/es\/wp-json\/wp\/v2\/media\/10231"}],"wp:attachment":[{"href":"https:\/\/clusterlogistic.org\/es\/wp-json\/wp\/v2\/media?parent=10234"}],"wp:term":[{"taxonomy":"category","embeddable":true,"href":"https:\/\/clusterlogistic.org\/es\/wp-json\/wp\/v2\/categories?post=10234"},{"taxonomy":"post_tag","embeddable":true,"href":"https:\/\/clusterlogistic.org\/es\/wp-json\/wp\/v2\/tags?post=10234"}],"curies":[{"name":"wp","href":"https:\/\/api.w.org\/{rel}","templated":true}]}}