{"id":10246,"date":"2026-03-13T08:00:00","date_gmt":"2026-03-13T06:00:00","guid":{"rendered":"https:\/\/clusterlogistic.org\/?p=10246"},"modified":"2026-04-30T11:34:17","modified_gmt":"2026-04-30T09:34:17","slug":"la-futura-estacion-de-la-sagrera-y-la-nueva-centralidad-metropolitana","status":"publish","type":"post","link":"https:\/\/clusterlogistic.org\/es\/la-futura-estacion-de-la-sagrera-y-la-nueva-centralidad-metropolitana\/","title":{"rendered":"La futura estaci\u00f3n de la Sagrera y la nueva centralidad metropolitana"},"content":{"rendered":"<p>En un rinc\u00f3n de Barcelona, la futura <b>estaci\u00f3n de la Sagrera<\/b> emerge como un gigante silencioso, prepar\u00e1ndose para revolucionar la ciudad. Lo que una vez fue dividido por las v\u00edas del tren promete transformarse en un centro metropolitano vibrante y unificador. Pero, \u00bfqu\u00e9 significa realmente este proyecto para los barceloneses?<\/p>\n<p><img loading=\"lazy\" decoding=\"async\" class=\"alignnone size-full wp-image-10243\" src=\"https:\/\/clusterlogistic.org\/wp-content\/uploads\/2026\/04\/la-sagrera-1.png\" alt=\"la sagrera 1\" width=\"760\" height=\"428\" srcset=\"https:\/\/clusterlogistic.org\/wp-content\/uploads\/2026\/04\/la-sagrera-1.png 760w, https:\/\/clusterlogistic.org\/wp-content\/uploads\/2026\/04\/la-sagrera-1-300x169.png 300w, https:\/\/clusterlogistic.org\/wp-content\/uploads\/2026\/04\/la-sagrera-1-705x397.png 705w\" sizes=\"auto, (max-width: 760px) 100vw, 760px\" \/><\/p>\n<h2>El cambio no es solo ferroviario<\/h2>\n<p>El discurso de Jaume Collboni, pronunciado en la conferencia \u00abEl alcalde responde\u00bb, ilumin\u00f3 este ambicioso proyecto. No se trata solo de una estaci\u00f3n nueva; es <b>un renacimiento urbano<\/b>. Desde ahora hasta 2031, el Ayuntamiento de Barcelona tiene planificado inyectar hasta 260 millones de euros para sanar esta \u00abherida abierta\u00bb. Las calles de Sant Andreu y Sant Mart\u00ed, separadas por a\u00f1os, se unir\u00e1n en un tejido urbano continuo.<\/p>\n<p>El alcalde tambi\u00e9n destac\u00f3 que la Sagrera, junto con la renovada estaci\u00f3n de Sants, formar\u00e1 un modelo de doble polaridad para Barcelona. La clave es una <b>centralidad metropolitana<\/b> que reforzar\u00e1 la posici\u00f3n de la ciudad en el eje Bes\u00f2s.<\/p>\n<h2>Conexiones que generan oportunidades<\/h2>\n<p>La nueva estaci\u00f3n promete convertirse en un <b>nodo de movilidad<\/b> por excelencia. Con la confluencia de l\u00edneas de metro y Cercan\u00edas, ser\u00e1 una nueva puerta de entrada ferroviaria, elevando la conectividad de Barcelona. Sant Andreu y Sant Mart\u00ed, por fin, se beneficiar\u00e1n de esa conectividad, borrando d\u00e9cadas de separaci\u00f3n.<\/p>\n<p>En t\u00e9rminos de transporte, el dise\u00f1o de la estaci\u00f3n prioriza la <b>movilidad integrada<\/b>. As\u00ed, la ciudad espera no solo facilitar el tr\u00e1nsito diario de miles de personas, sino tambi\u00e9n fomentar el desarrollo econ\u00f3mico y cultural m\u00e1s all\u00e1 del centro tradicional.<\/p>\n<h2>El pulm\u00f3n verde de Barcelona<\/h2>\n<p>Imagina un parque de 36 hect\u00e1reas que abarca cuatro kil\u00f3metros lineales, el m\u00e1s grande de la ciudad. Este parque no es solo un espacio para el ocio; es un <b>puente verde<\/b> entre la Ciutadella y el r\u00edo Bes\u00f2s. Las \u00e1reas circundantes como la Torre del Fang y los jardines que rodean la estaci\u00f3n de Sant Andreu Comtal estar\u00e1n mejoradas y conectadas.<\/p>\n<p>El desarrollo de este parque se har\u00e1 en colaboraci\u00f3n con los vecinos, comenzando en oto\u00f1o de 2026. Los ciudadanos ser\u00e1n parte del dise\u00f1o y del alma del parque, asegurando que este enorme espacio verde sea tanto suyo como de la ciudad.<\/p>\n<h2>Vivienda para todos<\/h2>\n<p>La visi\u00f3n de la Sagrera incluye tambi\u00e9n un fuerte componente de <b>vivienda asequible<\/b>. M\u00e1s de 11,000 unidades habitacionales est\u00e1n en el horizonte, con casi la mitad de ellas clasificadas como protegidas. Esto es m\u00e1s que solo n\u00fameros; representa un compromiso para asegurar que Barcelona permanezca accesible.<\/p>\n<p>La distribuci\u00f3n de viviendas por sectores es variada, con Prim y Casernes de Sant Andreu liderando la oferta de vivienda protegida. La estrenada infraestructura permitir\u00e1 a m\u00e1s de 25,000 personas llamar al nuevo barrio su hogar.<\/p>\n<h2>Equipamientos y espacio p\u00fablico para los vecinos<\/h2>\n<p>La transformaci\u00f3n de la Sagrera no se detiene en el concreto y el acero. M\u00e1s de 200,000 metros cuadrados est\u00e1n destinados a <b>equipamientos p\u00fablicos<\/b>. Desde escuelas hasta centros c\u00edvicos, estos espacios servir\u00e1n como palpitante coraz\u00f3n comunitario.<\/p>\n<p>Equipamientos como el CEM La Sagrera, ahora en funcionamiento, son solo el comienzo. La llegada de nuevas instalaciones como el Instituto Salvador Segu\u00ed o el Centro C\u00edvico Masia Can Riera ampliar\u00e1n significativamente las oportunidades educativas y sociales en la zona.<\/p>\n<h2>Actividad econ\u00f3mica y empleo<\/h2>\n<p>La Sagrera y su entorno est\u00e1n destinados a convertirse en un <b>hub econ\u00f3mico<\/b>. M\u00e1s de 10,000 empleos se vislumbran en el horizonte, con oficinas, comercios y hoteles tomando forma alrededor de la estaci\u00f3n. Esta \u00e1rea estrat\u00e9gica, cercana al hub de movilidad, promete atraer empresas y talento, conectando con otros puntos calientes como el 22@ y Catalunya Media City.<\/p>\n<p>En resumen, la estaci\u00f3n de la Sagrera es mucho m\u00e1s que un nuevo punto de transporte; es un microcosmos de oportunidades, crecimiento y comunidad. Entre el murmullo del tr\u00e1fico y los andenes por abrir, Barcelona se alista para despegar hacia un futuro vibrante y cohesionado. La ciudad no solo se mueve hacia el futuro, sino que lo abraza con todos sus recursos. \u00bfEst\u00e1 el mundo listo para esta transformaci\u00f3n? Solo el tiempo lo dir\u00e1.<\/p>\n","protected":false},"excerpt":{"rendered":"<p>En un rinc\u00f3n de Barcelona, la futura estaci\u00f3n de la Sagrera emerge como un gigante silencioso, prepar\u00e1ndose para revolucionar la ciudad. Lo que una vez fue dividido por las v\u00edas del tren promete transformarse en un centro metropolitano vibrante y unificador. Pero, \u00bfqu\u00e9 significa realmente este proyecto para los barceloneses? El cambio no es solo [&hellip;]<\/p>\n","protected":false},"author":3,"featured_media":10243,"comment_status":"closed","ping_status":"closed","sticky":false,"template":"","format":"standard","meta":{"footnotes":""},"categories":[16],"tags":[],"class_list":["post-10246","post","type-post","status-publish","format-standard","has-post-thumbnail","hentry","category-actualidad"],"yoast_head":"<!-- This site is optimized with the Yoast SEO plugin v27.4 - https:\/\/yoast.com\/product\/yoast-seo-wordpress\/ -->\n<title>Transformaci\u00f3n de la Sagrera: futuro de Barcelona<\/title>\n<meta name=\"description\" content=\"Descubre c\u00f3mo el proyecto de la Sagrera est\u00e1 listo para cambiar la cara de Barcelona y ofrecer un futuro m\u00e1s conectado y verde.\" \/>\n<meta name=\"robots\" content=\"index, follow, max-snippet:-1, max-image-preview:large, max-video-preview:-1\" \/>\n<link rel=\"canonical\" href=\"https:\/\/clusterlogistic.org\/es\/la-futura-estacion-de-la-sagrera-y-la-nueva-centralidad-metropolitana\/\" \/>\n<meta property=\"og:locale\" content=\"es_ES\" \/>\n<meta property=\"og:type\" content=\"article\" \/>\n<meta property=\"og:title\" content=\"Transformaci\u00f3n de la Sagrera: futuro de Barcelona\" \/>\n<meta property=\"og:description\" content=\"Descubre c\u00f3mo el proyecto de la Sagrera est\u00e1 listo para cambiar la cara de Barcelona y ofrecer un futuro m\u00e1s conectado y verde.\" \/>\n<meta property=\"og:url\" content=\"https:\/\/clusterlogistic.org\/es\/la-futura-estacion-de-la-sagrera-y-la-nueva-centralidad-metropolitana\/\" \/>\n<meta property=\"og:site_name\" content=\"Cl\u00faster Log\u00edstic de Catalunya\" \/>\n<meta property=\"article:published_time\" content=\"2026-03-13T06:00:00+00:00\" \/>\n<meta property=\"article:modified_time\" content=\"2026-04-30T09:34:17+00:00\" \/>\n<meta property=\"og:image\" content=\"https:\/\/clusterlogistic.org\/wp-content\/uploads\/2026\/04\/la-sagrera-1.png\" \/>\n\t<meta property=\"og:image:width\" content=\"760\" \/>\n\t<meta property=\"og:image:height\" content=\"428\" \/>\n\t<meta property=\"og:image:type\" content=\"image\/png\" \/>\n<meta name=\"author\" content=\"Cl\u00faster Log\u00edstic de Catalunya\" \/>\n<meta name=\"twitter:card\" content=\"summary_large_image\" \/>\n<meta name=\"twitter:label1\" content=\"Escrito por\" \/>\n\t<meta name=\"twitter:data1\" content=\"Cl\u00faster Log\u00edstic de Catalunya\" \/>\n\t<meta name=\"twitter:label2\" content=\"Tiempo de lectura\" \/>\n\t<meta name=\"twitter:data2\" content=\"4 minutos\" \/>\n<script type=\"application\/ld+json\" class=\"yoast-schema-graph\">{\"@context\":\"https:\\\/\\\/schema.org\",\"@graph\":[{\"@type\":\"Article\",\"@id\":\"https:\\\/\\\/clusterlogistic.org\\\/es\\\/la-futura-estacion-de-la-sagrera-y-la-nueva-centralidad-metropolitana\\\/#article\",\"isPartOf\":{\"@id\":\"https:\\\/\\\/clusterlogistic.org\\\/es\\\/la-futura-estacion-de-la-sagrera-y-la-nueva-centralidad-metropolitana\\\/\"},\"author\":{\"name\":\"Cl\u00faster Log\u00edstic de Catalunya\",\"@id\":\"https:\\\/\\\/clusterlogistic.org\\\/es\\\/#\\\/schema\\\/person\\\/2f968404d010f4cfb1fb1faa4cc8cd64\"},\"headline\":\"La futura estaci\u00f3n de la Sagrera y la nueva centralidad metropolitana\",\"datePublished\":\"2026-03-13T06:00:00+00:00\",\"dateModified\":\"2026-04-30T09:34:17+00:00\",\"mainEntityOfPage\":{\"@id\":\"https:\\\/\\\/clusterlogistic.org\\\/es\\\/la-futura-estacion-de-la-sagrera-y-la-nueva-centralidad-metropolitana\\\/\"},\"wordCount\":733,\"publisher\":{\"@id\":\"https:\\\/\\\/clusterlogistic.org\\\/es\\\/#organization\"},\"image\":{\"@id\":\"https:\\\/\\\/clusterlogistic.org\\\/es\\\/la-futura-estacion-de-la-sagrera-y-la-nueva-centralidad-metropolitana\\\/#primaryimage\"},\"thumbnailUrl\":\"https:\\\/\\\/clusterlogistic.org\\\/wp-content\\\/uploads\\\/2026\\\/04\\\/la-sagrera-1.png\",\"articleSection\":[\"Actualidad\"],\"inLanguage\":\"es\"},{\"@type\":\"WebPage\",\"@id\":\"https:\\\/\\\/clusterlogistic.org\\\/es\\\/la-futura-estacion-de-la-sagrera-y-la-nueva-centralidad-metropolitana\\\/\",\"url\":\"https:\\\/\\\/clusterlogistic.org\\\/es\\\/la-futura-estacion-de-la-sagrera-y-la-nueva-centralidad-metropolitana\\\/\",\"name\":\"Transformaci\u00f3n de la Sagrera: futuro de Barcelona\",\"isPartOf\":{\"@id\":\"https:\\\/\\\/clusterlogistic.org\\\/es\\\/#website\"},\"primaryImageOfPage\":{\"@id\":\"https:\\\/\\\/clusterlogistic.org\\\/es\\\/la-futura-estacion-de-la-sagrera-y-la-nueva-centralidad-metropolitana\\\/#primaryimage\"},\"image\":{\"@id\":\"https:\\\/\\\/clusterlogistic.org\\\/es\\\/la-futura-estacion-de-la-sagrera-y-la-nueva-centralidad-metropolitana\\\/#primaryimage\"},\"thumbnailUrl\":\"https:\\\/\\\/clusterlogistic.org\\\/wp-content\\\/uploads\\\/2026\\\/04\\\/la-sagrera-1.png\",\"datePublished\":\"2026-03-13T06:00:00+00:00\",\"dateModified\":\"2026-04-30T09:34:17+00:00\",\"description\":\"Descubre c\u00f3mo el proyecto de la Sagrera est\u00e1 listo para cambiar la cara de Barcelona y ofrecer un futuro m\u00e1s conectado y verde.\",\"breadcrumb\":{\"@id\":\"https:\\\/\\\/clusterlogistic.org\\\/es\\\/la-futura-estacion-de-la-sagrera-y-la-nueva-centralidad-metropolitana\\\/#breadcrumb\"},\"inLanguage\":\"es\",\"potentialAction\":[{\"@type\":\"ReadAction\",\"target\":[\"https:\\\/\\\/clusterlogistic.org\\\/es\\\/la-futura-estacion-de-la-sagrera-y-la-nueva-centralidad-metropolitana\\\/\"]}]},{\"@type\":\"ImageObject\",\"inLanguage\":\"es\",\"@id\":\"https:\\\/\\\/clusterlogistic.org\\\/es\\\/la-futura-estacion-de-la-sagrera-y-la-nueva-centralidad-metropolitana\\\/#primaryimage\",\"url\":\"https:\\\/\\\/clusterlogistic.org\\\/wp-content\\\/uploads\\\/2026\\\/04\\\/la-sagrera-1.png\",\"contentUrl\":\"https:\\\/\\\/clusterlogistic.org\\\/wp-content\\\/uploads\\\/2026\\\/04\\\/la-sagrera-1.png\",\"width\":760,\"height\":428,\"caption\":\"la sagrera 1\"},{\"@type\":\"BreadcrumbList\",\"@id\":\"https:\\\/\\\/clusterlogistic.org\\\/es\\\/la-futura-estacion-de-la-sagrera-y-la-nueva-centralidad-metropolitana\\\/#breadcrumb\",\"itemListElement\":[{\"@type\":\"ListItem\",\"position\":1,\"name\":\"Portada\",\"item\":\"https:\\\/\\\/clusterlogistic.org\\\/es\\\/\"},{\"@type\":\"ListItem\",\"position\":2,\"name\":\"La futura estaci\u00f3n de la Sagrera y la nueva centralidad metropolitana\"}]},{\"@type\":\"WebSite\",\"@id\":\"https:\\\/\\\/clusterlogistic.org\\\/es\\\/#website\",\"url\":\"https:\\\/\\\/clusterlogistic.org\\\/es\\\/\",\"name\":\"Cl\u00faster Log\u00edstic de Catalunya\",\"description\":\"associaci\u00f3 sense \u00e0nim de lucre\",\"publisher\":{\"@id\":\"https:\\\/\\\/clusterlogistic.org\\\/es\\\/#organization\"},\"potentialAction\":[{\"@type\":\"SearchAction\",\"target\":{\"@type\":\"EntryPoint\",\"urlTemplate\":\"https:\\\/\\\/clusterlogistic.org\\\/es\\\/?s={search_term_string}\"},\"query-input\":{\"@type\":\"PropertyValueSpecification\",\"valueRequired\":true,\"valueName\":\"search_term_string\"}}],\"inLanguage\":\"es\"},{\"@type\":\"Organization\",\"@id\":\"https:\\\/\\\/clusterlogistic.org\\\/es\\\/#organization\",\"name\":\"Cl\u00faster Log\u00edstic de Catalunya\",\"url\":\"https:\\\/\\\/clusterlogistic.org\\\/es\\\/\",\"logo\":{\"@type\":\"ImageObject\",\"inLanguage\":\"es\",\"@id\":\"https:\\\/\\\/clusterlogistic.org\\\/es\\\/#\\\/schema\\\/logo\\\/image\\\/\",\"url\":\"https:\\\/\\\/clusterlogistic.org\\\/wp-content\\\/uploads\\\/2017\\\/07\\\/cropped-Logo-CL-llegenda-gran.jpg\",\"contentUrl\":\"https:\\\/\\\/clusterlogistic.org\\\/wp-content\\\/uploads\\\/2017\\\/07\\\/cropped-Logo-CL-llegenda-gran.jpg\",\"width\":512,\"height\":512,\"caption\":\"Cl\u00faster Log\u00edstic de Catalunya\"},\"image\":{\"@id\":\"https:\\\/\\\/clusterlogistic.org\\\/es\\\/#\\\/schema\\\/logo\\\/image\\\/\"}},{\"@type\":\"Person\",\"@id\":\"https:\\\/\\\/clusterlogistic.org\\\/es\\\/#\\\/schema\\\/person\\\/2f968404d010f4cfb1fb1faa4cc8cd64\",\"name\":\"Cl\u00faster Log\u00edstic de Catalunya\",\"image\":{\"@type\":\"ImageObject\",\"inLanguage\":\"es\",\"@id\":\"https:\\\/\\\/secure.gravatar.com\\\/avatar\\\/d70e6dad54fc96678ebb563883ef31c8b8b0a127bb640252f5ba3696ded226fe?s=96&d=mm&r=g\",\"url\":\"https:\\\/\\\/secure.gravatar.com\\\/avatar\\\/d70e6dad54fc96678ebb563883ef31c8b8b0a127bb640252f5ba3696ded226fe?s=96&d=mm&r=g\",\"contentUrl\":\"https:\\\/\\\/secure.gravatar.com\\\/avatar\\\/d70e6dad54fc96678ebb563883ef31c8b8b0a127bb640252f5ba3696ded226fe?s=96&d=mm&r=g\",\"caption\":\"Cl\u00faster Log\u00edstic de Catalunya\"},\"description\":\"Alineem estrat\u00e8gies i sumar esfor\u00e7os per potenciar l'activitat industrial a les pimes | Alineamos estrategias y sumar esfuerzos para potenciar la actividad industrial en las pymes.\",\"url\":\"https:\\\/\\\/clusterlogistic.org\\\/es\\\/author\\\/pilar-minguez\\\/\"}]}<\/script>\n<!-- \/ Yoast SEO plugin. -->","yoast_head_json":{"title":"Transformaci\u00f3n de la Sagrera: futuro de Barcelona","description":"Descubre c\u00f3mo el proyecto de la Sagrera est\u00e1 listo para cambiar la cara de Barcelona y ofrecer un futuro m\u00e1s conectado y verde.","robots":{"index":"index","follow":"follow","max-snippet":"max-snippet:-1","max-image-preview":"max-image-preview:large","max-video-preview":"max-video-preview:-1"},"canonical":"https:\/\/clusterlogistic.org\/es\/la-futura-estacion-de-la-sagrera-y-la-nueva-centralidad-metropolitana\/","og_locale":"es_ES","og_type":"article","og_title":"Transformaci\u00f3n de la Sagrera: futuro de Barcelona","og_description":"Descubre c\u00f3mo el proyecto de la Sagrera est\u00e1 listo para cambiar la cara de Barcelona y ofrecer un futuro m\u00e1s conectado y verde.","og_url":"https:\/\/clusterlogistic.org\/es\/la-futura-estacion-de-la-sagrera-y-la-nueva-centralidad-metropolitana\/","og_site_name":"Cl\u00faster Log\u00edstic de Catalunya","article_published_time":"2026-03-13T06:00:00+00:00","article_modified_time":"2026-04-30T09:34:17+00:00","og_image":[{"width":760,"height":428,"url":"https:\/\/clusterlogistic.org\/wp-content\/uploads\/2026\/04\/la-sagrera-1.png","type":"image\/png"}],"author":"Cl\u00faster Log\u00edstic de Catalunya","twitter_card":"summary_large_image","twitter_misc":{"Escrito por":"Cl\u00faster Log\u00edstic de Catalunya","Tiempo de lectura":"4 minutos"},"schema":{"@context":"https:\/\/schema.org","@graph":[{"@type":"Article","@id":"https:\/\/clusterlogistic.org\/es\/la-futura-estacion-de-la-sagrera-y-la-nueva-centralidad-metropolitana\/#article","isPartOf":{"@id":"https:\/\/clusterlogistic.org\/es\/la-futura-estacion-de-la-sagrera-y-la-nueva-centralidad-metropolitana\/"},"author":{"name":"Cl\u00faster Log\u00edstic de Catalunya","@id":"https:\/\/clusterlogistic.org\/es\/#\/schema\/person\/2f968404d010f4cfb1fb1faa4cc8cd64"},"headline":"La futura estaci\u00f3n de la Sagrera y la nueva centralidad metropolitana","datePublished":"2026-03-13T06:00:00+00:00","dateModified":"2026-04-30T09:34:17+00:00","mainEntityOfPage":{"@id":"https:\/\/clusterlogistic.org\/es\/la-futura-estacion-de-la-sagrera-y-la-nueva-centralidad-metropolitana\/"},"wordCount":733,"publisher":{"@id":"https:\/\/clusterlogistic.org\/es\/#organization"},"image":{"@id":"https:\/\/clusterlogistic.org\/es\/la-futura-estacion-de-la-sagrera-y-la-nueva-centralidad-metropolitana\/#primaryimage"},"thumbnailUrl":"https:\/\/clusterlogistic.org\/wp-content\/uploads\/2026\/04\/la-sagrera-1.png","articleSection":["Actualidad"],"inLanguage":"es"},{"@type":"WebPage","@id":"https:\/\/clusterlogistic.org\/es\/la-futura-estacion-de-la-sagrera-y-la-nueva-centralidad-metropolitana\/","url":"https:\/\/clusterlogistic.org\/es\/la-futura-estacion-de-la-sagrera-y-la-nueva-centralidad-metropolitana\/","name":"Transformaci\u00f3n de la Sagrera: futuro de Barcelona","isPartOf":{"@id":"https:\/\/clusterlogistic.org\/es\/#website"},"primaryImageOfPage":{"@id":"https:\/\/clusterlogistic.org\/es\/la-futura-estacion-de-la-sagrera-y-la-nueva-centralidad-metropolitana\/#primaryimage"},"image":{"@id":"https:\/\/clusterlogistic.org\/es\/la-futura-estacion-de-la-sagrera-y-la-nueva-centralidad-metropolitana\/#primaryimage"},"thumbnailUrl":"https:\/\/clusterlogistic.org\/wp-content\/uploads\/2026\/04\/la-sagrera-1.png","datePublished":"2026-03-13T06:00:00+00:00","dateModified":"2026-04-30T09:34:17+00:00","description":"Descubre c\u00f3mo el proyecto de la Sagrera est\u00e1 listo para cambiar la cara de Barcelona y ofrecer un futuro m\u00e1s conectado y verde.","breadcrumb":{"@id":"https:\/\/clusterlogistic.org\/es\/la-futura-estacion-de-la-sagrera-y-la-nueva-centralidad-metropolitana\/#breadcrumb"},"inLanguage":"es","potentialAction":[{"@type":"ReadAction","target":["https:\/\/clusterlogistic.org\/es\/la-futura-estacion-de-la-sagrera-y-la-nueva-centralidad-metropolitana\/"]}]},{"@type":"ImageObject","inLanguage":"es","@id":"https:\/\/clusterlogistic.org\/es\/la-futura-estacion-de-la-sagrera-y-la-nueva-centralidad-metropolitana\/#primaryimage","url":"https:\/\/clusterlogistic.org\/wp-content\/uploads\/2026\/04\/la-sagrera-1.png","contentUrl":"https:\/\/clusterlogistic.org\/wp-content\/uploads\/2026\/04\/la-sagrera-1.png","width":760,"height":428,"caption":"la sagrera 1"},{"@type":"BreadcrumbList","@id":"https:\/\/clusterlogistic.org\/es\/la-futura-estacion-de-la-sagrera-y-la-nueva-centralidad-metropolitana\/#breadcrumb","itemListElement":[{"@type":"ListItem","position":1,"name":"Portada","item":"https:\/\/clusterlogistic.org\/es\/"},{"@type":"ListItem","position":2,"name":"La futura estaci\u00f3n de la Sagrera y la nueva centralidad metropolitana"}]},{"@type":"WebSite","@id":"https:\/\/clusterlogistic.org\/es\/#website","url":"https:\/\/clusterlogistic.org\/es\/","name":"Cl\u00faster Log\u00edstic de Catalunya","description":"associaci\u00f3 sense \u00e0nim de lucre","publisher":{"@id":"https:\/\/clusterlogistic.org\/es\/#organization"},"potentialAction":[{"@type":"SearchAction","target":{"@type":"EntryPoint","urlTemplate":"https:\/\/clusterlogistic.org\/es\/?s={search_term_string}"},"query-input":{"@type":"PropertyValueSpecification","valueRequired":true,"valueName":"search_term_string"}}],"inLanguage":"es"},{"@type":"Organization","@id":"https:\/\/clusterlogistic.org\/es\/#organization","name":"Cl\u00faster Log\u00edstic de Catalunya","url":"https:\/\/clusterlogistic.org\/es\/","logo":{"@type":"ImageObject","inLanguage":"es","@id":"https:\/\/clusterlogistic.org\/es\/#\/schema\/logo\/image\/","url":"https:\/\/clusterlogistic.org\/wp-content\/uploads\/2017\/07\/cropped-Logo-CL-llegenda-gran.jpg","contentUrl":"https:\/\/clusterlogistic.org\/wp-content\/uploads\/2017\/07\/cropped-Logo-CL-llegenda-gran.jpg","width":512,"height":512,"caption":"Cl\u00faster Log\u00edstic de Catalunya"},"image":{"@id":"https:\/\/clusterlogistic.org\/es\/#\/schema\/logo\/image\/"}},{"@type":"Person","@id":"https:\/\/clusterlogistic.org\/es\/#\/schema\/person\/2f968404d010f4cfb1fb1faa4cc8cd64","name":"Cl\u00faster Log\u00edstic de Catalunya","image":{"@type":"ImageObject","inLanguage":"es","@id":"https:\/\/secure.gravatar.com\/avatar\/d70e6dad54fc96678ebb563883ef31c8b8b0a127bb640252f5ba3696ded226fe?s=96&d=mm&r=g","url":"https:\/\/secure.gravatar.com\/avatar\/d70e6dad54fc96678ebb563883ef31c8b8b0a127bb640252f5ba3696ded226fe?s=96&d=mm&r=g","contentUrl":"https:\/\/secure.gravatar.com\/avatar\/d70e6dad54fc96678ebb563883ef31c8b8b0a127bb640252f5ba3696ded226fe?s=96&d=mm&r=g","caption":"Cl\u00faster Log\u00edstic de Catalunya"},"description":"Alineem estrat\u00e8gies i sumar esfor\u00e7os per potenciar l'activitat industrial a les pimes | Alineamos estrategias y sumar esfuerzos para potenciar la actividad industrial en las pymes.","url":"https:\/\/clusterlogistic.org\/es\/author\/pilar-minguez\/"}]}},"_links":{"self":[{"href":"https:\/\/clusterlogistic.org\/es\/wp-json\/wp\/v2\/posts\/10246","targetHints":{"allow":["GET"]}}],"collection":[{"href":"https:\/\/clusterlogistic.org\/es\/wp-json\/wp\/v2\/posts"}],"about":[{"href":"https:\/\/clusterlogistic.org\/es\/wp-json\/wp\/v2\/types\/post"}],"author":[{"embeddable":true,"href":"https:\/\/clusterlogistic.org\/es\/wp-json\/wp\/v2\/users\/3"}],"replies":[{"embeddable":true,"href":"https:\/\/clusterlogistic.org\/es\/wp-json\/wp\/v2\/comments?post=10246"}],"version-history":[{"count":2,"href":"https:\/\/clusterlogistic.org\/es\/wp-json\/wp\/v2\/posts\/10246\/revisions"}],"predecessor-version":[{"id":10248,"href":"https:\/\/clusterlogistic.org\/es\/wp-json\/wp\/v2\/posts\/10246\/revisions\/10248"}],"wp:featuredmedia":[{"embeddable":true,"href":"https:\/\/clusterlogistic.org\/es\/wp-json\/wp\/v2\/media\/10243"}],"wp:attachment":[{"href":"https:\/\/clusterlogistic.org\/es\/wp-json\/wp\/v2\/media?parent=10246"}],"wp:term":[{"taxonomy":"category","embeddable":true,"href":"https:\/\/clusterlogistic.org\/es\/wp-json\/wp\/v2\/categories?post=10246"},{"taxonomy":"post_tag","embeddable":true,"href":"https:\/\/clusterlogistic.org\/es\/wp-json\/wp\/v2\/tags?post=10246"}],"curies":[{"name":"wp","href":"https:\/\/api.w.org\/{rel}","templated":true}]}}