{"id":10252,"date":"2026-04-03T08:00:00","date_gmt":"2026-04-03T06:00:00","guid":{"rendered":"https:\/\/clusterlogistic.org\/?p=10252"},"modified":"2026-04-30T11:38:26","modified_gmt":"2026-04-30T09:38:26","slug":"el-trafico-aereo-en-barcelona-el-prat-equilibrio-entre-aerolineas-y-desafios-futuros","status":"publish","type":"post","link":"https:\/\/clusterlogistic.org\/es\/el-trafico-aereo-en-barcelona-el-prat-equilibrio-entre-aerolineas-y-desafios-futuros\/","title":{"rendered":"El tr\u00e1fico a\u00e9reo en Barcelona-El Prat: equilibrio entre aerol\u00edneas y desaf\u00edos futuros"},"content":{"rendered":"<h2>Aerol\u00edneas de \u00e9lite manteniendo su posici\u00f3n<\/h2>\n<p>En los \u00faltimos a\u00f1os, el <b>aeropuerto de Barcelona-El Prat<\/b> ha mostrado una constancia en las aerol\u00edneas que lideran el tr\u00e1fico de pasajeros. <b>Vueling<\/b>, <b>Ryanair<\/b> y <b>Lufthansa<\/b> han mantenido su tr\u00edo de liderazgo, navegando por un mar turbulento de competitividad y desaf\u00edos operativos. Esta estabilidad se debe, en gran medida, a la creciente demanda tras la pandemia del Covid. Vueling, una veterana en el mercado, ha experimentado un notable crecimiento en su n\u00famero de asientos vendidos. Aunque su cuota de mercado permanece alrededor del 40%, ha logrado encabezar con confianza el tr\u00e1fico comercial.<\/p>\n<p>Ryanair, con su caracter\u00edstico modelo low cost, retiene el segundo lugar. Con unos <b>9,4 millones de pasajeros<\/b>, la aerol\u00ednea irlandesa sigue siendo una opci\u00f3n favorita para quienes buscan vuelos asequibles, aunque su participaci\u00f3n en el mercado es menor que la de Vueling. Por otro lado, Lufthansa, reforzada por Eurowings, mantiene el tercer puesto en el podio gracias a una estrategia de servicios europeos eficientes y bien planificados.<\/p>\n<p><img loading=\"lazy\" decoding=\"async\" class=\"alignnone size-full wp-image-10249\" src=\"https:\/\/clusterlogistic.org\/wp-content\/uploads\/2026\/04\/aereopuerto-el-prat.jpg\" alt=\"aereopuerto el prat\" width=\"1000\" height=\"667\" srcset=\"https:\/\/clusterlogistic.org\/wp-content\/uploads\/2026\/04\/aereopuerto-el-prat.jpg 1000w, https:\/\/clusterlogistic.org\/wp-content\/uploads\/2026\/04\/aereopuerto-el-prat-300x200.jpg 300w, https:\/\/clusterlogistic.org\/wp-content\/uploads\/2026\/04\/aereopuerto-el-prat-768x512.jpg 768w, https:\/\/clusterlogistic.org\/wp-content\/uploads\/2026\/04\/aereopuerto-el-prat-705x470.jpg 705w\" sizes=\"auto, (max-width: 1000px) 100vw, 1000px\" \/><\/p>\n<h2>Desaf\u00edos de infraestructura en El Prat<\/h2>\n<p>La <b>capacidad de El Prat<\/b> est\u00e1 al l\u00edmite. Con m\u00e1s de 55 millones de pasajeros atendidos en 2025, el aeropuerto enfrenta restricciones f\u00edsicas significativas que demandan soluciones creativas. Un plan de expansi\u00f3n que incluye una <b>inversi\u00f3n de 3.000 millones de euros<\/b> promete aliviar esta presi\u00f3n al extender la tercera pista. Las obras buscan facilitar el incremento de vuelos de largo radio, una considerable oportunidad para mejorar a\u00fan m\u00e1s el desempe\u00f1o del aeropuerto.<\/p>\n<p>Entretanto, las operaciones se optimizan durante las llamadas \u00abhoras valle\u00bb para maximizar la capacidad existente. Sin embargo, la congesti\u00f3n sigue siendo un tema candente en las mesas de discusi\u00f3n de los ingenieros aeron\u00e1uticos y los gestores de la infraestructura.<\/p>\n<h2>Comparativa con aeropuertos cercanos<\/h2>\n<p>En el ecosistema aeroportuario de Catalu\u00f1a, <b>Girona y Reus<\/b> desempe\u00f1an papeles cruciales. El Prat, en comparaci\u00f3n, muestra una <b>demanda m\u00e1s diversificada<\/b> y menor dependencia de mercados espec\u00edficos. Pol P\u00e9rez plantea que la dependencia de Girona y Reus del mercado brit\u00e1nico puede ser un arma de doble filo, generando picos estacionales en la actividad.<\/p>\n<p>Las aerol\u00edneas low cost dominan en estos aeropuertos regionales, con el tr\u00e1fico concentrado mayormente en los meses c\u00e1lidos. Esta estacionalidad plantea problemas de eficiencia, ya que los recursos se ven infrautilizados durante los periodos inactivos. Un enfoque m\u00e1s estrat\u00e9gico podr\u00eda mitigar estos problemas, aumentando la resiliencia del sistema aeroportuario catal\u00e1n.<\/p>\n<h2>Nuevos jugadores en el tablero<\/h2>\n<p>Aunque el podio de las grandes aerol\u00edneas se mantiene sin cambios, otras compa\u00f1\u00edas comienzan a mover fichas. <b>Wizz Air<\/b>, por ejemplo, ha captado un mill\u00f3n m\u00e1s de pasajeros en los \u00faltimos tres a\u00f1os. Su nicho en vuelos hacia el este de Europa se ha solidificado, aumentando su cuota de mercado significativamente.<\/p>\n<p>EasyJet, Iberia, y otras compa\u00f1\u00edas tambi\u00e9n permanecen competitivas, pero ocupan una porci\u00f3n menor del tr\u00e1fico total. Mientras tanto, aerol\u00edneas como Transavia, la marca low cost de Air France, buscan oportunidades para expandir su presencia, contribuyendo con su oferta al diverso paisaje a\u00e9reo de El Prat.<\/p>\n<h2>El futuro del tr\u00e1fico y las estrategias a\u00e9reas<\/h2>\n<p>Mirando hacia el futuro, las estrategias de expansi\u00f3n de las aerol\u00edneas y las mejoras en infraestructura ser\u00e1n cruciales para navegar un mercado cada vez m\u00e1s vol\u00e1til. Sin embargo, la dependencia de pocos mercados y aerol\u00edneas espec\u00edficas podr\u00eda generar riesgos, especialmente en los aeropuertos regionales.<\/p>\n<p>La <b>capacidad de adaptaci\u00f3n<\/b> y la elecci\u00f3n de rutas innovadoras jugar\u00e1n un papel crucial para asegurar la eficiencia operativa. Con los planes de expansi\u00f3n de El Prat en marcha, el panorama del tr\u00e1fico a\u00e9reo catal\u00e1n parece estar en camino de alcanzar una nueva fase de crecimiento y estabilidad.<\/p>\n<p>&#8212;<\/p>\n","protected":false},"excerpt":{"rendered":"<p>Aerol\u00edneas de \u00e9lite manteniendo su posici\u00f3n En los \u00faltimos a\u00f1os, el aeropuerto de Barcelona-El Prat ha mostrado una constancia en las aerol\u00edneas que lideran el tr\u00e1fico de pasajeros. Vueling, Ryanair y Lufthansa han mantenido su tr\u00edo de liderazgo, navegando por un mar turbulento de competitividad y desaf\u00edos operativos. Esta estabilidad se debe, en gran medida, [&hellip;]<\/p>\n","protected":false},"author":3,"featured_media":10249,"comment_status":"closed","ping_status":"closed","sticky":false,"template":"","format":"standard","meta":{"footnotes":""},"categories":[16],"tags":[],"class_list":["post-10252","post","type-post","status-publish","format-standard","has-post-thumbnail","hentry","category-actualidad"],"yoast_head":"<!-- This site is optimized with the Yoast SEO plugin v27.4 - https:\/\/yoast.com\/product\/yoast-seo-wordpress\/ -->\n<title>Tr\u00e1fico a\u00e9reo Barcelona-El Prat: constancia y futuro<\/title>\n<meta name=\"description\" content=\"El Prat mantiene liderato en tr\u00e1fico. Vueling, Ryanair y Lufthansa: el tr\u00edo fuerte. Desaf\u00edos y futuro en la expansi\u00f3n aeroportuaria catalana.\" \/>\n<meta name=\"robots\" content=\"index, follow, max-snippet:-1, max-image-preview:large, max-video-preview:-1\" \/>\n<link rel=\"canonical\" href=\"https:\/\/clusterlogistic.org\/es\/el-trafico-aereo-en-barcelona-el-prat-equilibrio-entre-aerolineas-y-desafios-futuros\/\" \/>\n<meta property=\"og:locale\" content=\"es_ES\" \/>\n<meta property=\"og:type\" content=\"article\" \/>\n<meta property=\"og:title\" content=\"Tr\u00e1fico a\u00e9reo Barcelona-El Prat: constancia y futuro\" \/>\n<meta property=\"og:description\" content=\"El Prat mantiene liderato en tr\u00e1fico. Vueling, Ryanair y Lufthansa: el tr\u00edo fuerte. Desaf\u00edos y futuro en la expansi\u00f3n aeroportuaria catalana.\" \/>\n<meta property=\"og:url\" content=\"https:\/\/clusterlogistic.org\/es\/el-trafico-aereo-en-barcelona-el-prat-equilibrio-entre-aerolineas-y-desafios-futuros\/\" \/>\n<meta property=\"og:site_name\" content=\"Cl\u00faster Log\u00edstic de Catalunya\" \/>\n<meta property=\"article:published_time\" content=\"2026-04-03T06:00:00+00:00\" \/>\n<meta property=\"article:modified_time\" content=\"2026-04-30T09:38:26+00:00\" \/>\n<meta property=\"og:image\" content=\"https:\/\/clusterlogistic.org\/wp-content\/uploads\/2026\/04\/aereopuerto-el-prat.jpg\" \/>\n\t<meta property=\"og:image:width\" content=\"1000\" \/>\n\t<meta property=\"og:image:height\" content=\"667\" \/>\n\t<meta property=\"og:image:type\" content=\"image\/jpeg\" \/>\n<meta name=\"author\" content=\"Cl\u00faster Log\u00edstic de Catalunya\" \/>\n<meta name=\"twitter:card\" content=\"summary_large_image\" \/>\n<meta name=\"twitter:label1\" content=\"Escrito por\" \/>\n\t<meta name=\"twitter:data1\" content=\"Cl\u00faster Log\u00edstic de Catalunya\" \/>\n\t<meta name=\"twitter:label2\" content=\"Tiempo de lectura\" \/>\n\t<meta name=\"twitter:data2\" content=\"4 minutos\" \/>\n<script type=\"application\/ld+json\" class=\"yoast-schema-graph\">{\"@context\":\"https:\\\/\\\/schema.org\",\"@graph\":[{\"@type\":\"Article\",\"@id\":\"https:\\\/\\\/clusterlogistic.org\\\/es\\\/el-trafico-aereo-en-barcelona-el-prat-equilibrio-entre-aerolineas-y-desafios-futuros\\\/#article\",\"isPartOf\":{\"@id\":\"https:\\\/\\\/clusterlogistic.org\\\/es\\\/el-trafico-aereo-en-barcelona-el-prat-equilibrio-entre-aerolineas-y-desafios-futuros\\\/\"},\"author\":{\"name\":\"Cl\u00faster Log\u00edstic de Catalunya\",\"@id\":\"https:\\\/\\\/clusterlogistic.org\\\/es\\\/#\\\/schema\\\/person\\\/2f968404d010f4cfb1fb1faa4cc8cd64\"},\"headline\":\"El tr\u00e1fico a\u00e9reo en Barcelona-El Prat: equilibrio entre aerol\u00edneas y desaf\u00edos futuros\",\"datePublished\":\"2026-04-03T06:00:00+00:00\",\"dateModified\":\"2026-04-30T09:38:26+00:00\",\"mainEntityOfPage\":{\"@id\":\"https:\\\/\\\/clusterlogistic.org\\\/es\\\/el-trafico-aereo-en-barcelona-el-prat-equilibrio-entre-aerolineas-y-desafios-futuros\\\/\"},\"wordCount\":670,\"publisher\":{\"@id\":\"https:\\\/\\\/clusterlogistic.org\\\/es\\\/#organization\"},\"image\":{\"@id\":\"https:\\\/\\\/clusterlogistic.org\\\/es\\\/el-trafico-aereo-en-barcelona-el-prat-equilibrio-entre-aerolineas-y-desafios-futuros\\\/#primaryimage\"},\"thumbnailUrl\":\"https:\\\/\\\/clusterlogistic.org\\\/wp-content\\\/uploads\\\/2026\\\/04\\\/aereopuerto-el-prat.jpg\",\"articleSection\":[\"Actualidad\"],\"inLanguage\":\"es\"},{\"@type\":\"WebPage\",\"@id\":\"https:\\\/\\\/clusterlogistic.org\\\/es\\\/el-trafico-aereo-en-barcelona-el-prat-equilibrio-entre-aerolineas-y-desafios-futuros\\\/\",\"url\":\"https:\\\/\\\/clusterlogistic.org\\\/es\\\/el-trafico-aereo-en-barcelona-el-prat-equilibrio-entre-aerolineas-y-desafios-futuros\\\/\",\"name\":\"Tr\u00e1fico a\u00e9reo Barcelona-El Prat: constancia y futuro\",\"isPartOf\":{\"@id\":\"https:\\\/\\\/clusterlogistic.org\\\/es\\\/#website\"},\"primaryImageOfPage\":{\"@id\":\"https:\\\/\\\/clusterlogistic.org\\\/es\\\/el-trafico-aereo-en-barcelona-el-prat-equilibrio-entre-aerolineas-y-desafios-futuros\\\/#primaryimage\"},\"image\":{\"@id\":\"https:\\\/\\\/clusterlogistic.org\\\/es\\\/el-trafico-aereo-en-barcelona-el-prat-equilibrio-entre-aerolineas-y-desafios-futuros\\\/#primaryimage\"},\"thumbnailUrl\":\"https:\\\/\\\/clusterlogistic.org\\\/wp-content\\\/uploads\\\/2026\\\/04\\\/aereopuerto-el-prat.jpg\",\"datePublished\":\"2026-04-03T06:00:00+00:00\",\"dateModified\":\"2026-04-30T09:38:26+00:00\",\"description\":\"El Prat mantiene liderato en tr\u00e1fico. Vueling, Ryanair y Lufthansa: el tr\u00edo fuerte. Desaf\u00edos y futuro en la expansi\u00f3n aeroportuaria catalana.\",\"breadcrumb\":{\"@id\":\"https:\\\/\\\/clusterlogistic.org\\\/es\\\/el-trafico-aereo-en-barcelona-el-prat-equilibrio-entre-aerolineas-y-desafios-futuros\\\/#breadcrumb\"},\"inLanguage\":\"es\",\"potentialAction\":[{\"@type\":\"ReadAction\",\"target\":[\"https:\\\/\\\/clusterlogistic.org\\\/es\\\/el-trafico-aereo-en-barcelona-el-prat-equilibrio-entre-aerolineas-y-desafios-futuros\\\/\"]}]},{\"@type\":\"ImageObject\",\"inLanguage\":\"es\",\"@id\":\"https:\\\/\\\/clusterlogistic.org\\\/es\\\/el-trafico-aereo-en-barcelona-el-prat-equilibrio-entre-aerolineas-y-desafios-futuros\\\/#primaryimage\",\"url\":\"https:\\\/\\\/clusterlogistic.org\\\/wp-content\\\/uploads\\\/2026\\\/04\\\/aereopuerto-el-prat.jpg\",\"contentUrl\":\"https:\\\/\\\/clusterlogistic.org\\\/wp-content\\\/uploads\\\/2026\\\/04\\\/aereopuerto-el-prat.jpg\",\"width\":1000,\"height\":667,\"caption\":\"aereopuerto el prat\"},{\"@type\":\"BreadcrumbList\",\"@id\":\"https:\\\/\\\/clusterlogistic.org\\\/es\\\/el-trafico-aereo-en-barcelona-el-prat-equilibrio-entre-aerolineas-y-desafios-futuros\\\/#breadcrumb\",\"itemListElement\":[{\"@type\":\"ListItem\",\"position\":1,\"name\":\"Portada\",\"item\":\"https:\\\/\\\/clusterlogistic.org\\\/es\\\/\"},{\"@type\":\"ListItem\",\"position\":2,\"name\":\"El tr\u00e1fico a\u00e9reo en Barcelona-El Prat: equilibrio entre aerol\u00edneas y desaf\u00edos futuros\"}]},{\"@type\":\"WebSite\",\"@id\":\"https:\\\/\\\/clusterlogistic.org\\\/es\\\/#website\",\"url\":\"https:\\\/\\\/clusterlogistic.org\\\/es\\\/\",\"name\":\"Cl\u00faster Log\u00edstic de Catalunya\",\"description\":\"associaci\u00f3 sense \u00e0nim de lucre\",\"publisher\":{\"@id\":\"https:\\\/\\\/clusterlogistic.org\\\/es\\\/#organization\"},\"potentialAction\":[{\"@type\":\"SearchAction\",\"target\":{\"@type\":\"EntryPoint\",\"urlTemplate\":\"https:\\\/\\\/clusterlogistic.org\\\/es\\\/?s={search_term_string}\"},\"query-input\":{\"@type\":\"PropertyValueSpecification\",\"valueRequired\":true,\"valueName\":\"search_term_string\"}}],\"inLanguage\":\"es\"},{\"@type\":\"Organization\",\"@id\":\"https:\\\/\\\/clusterlogistic.org\\\/es\\\/#organization\",\"name\":\"Cl\u00faster Log\u00edstic de Catalunya\",\"url\":\"https:\\\/\\\/clusterlogistic.org\\\/es\\\/\",\"logo\":{\"@type\":\"ImageObject\",\"inLanguage\":\"es\",\"@id\":\"https:\\\/\\\/clusterlogistic.org\\\/es\\\/#\\\/schema\\\/logo\\\/image\\\/\",\"url\":\"https:\\\/\\\/clusterlogistic.org\\\/wp-content\\\/uploads\\\/2017\\\/07\\\/cropped-Logo-CL-llegenda-gran.jpg\",\"contentUrl\":\"https:\\\/\\\/clusterlogistic.org\\\/wp-content\\\/uploads\\\/2017\\\/07\\\/cropped-Logo-CL-llegenda-gran.jpg\",\"width\":512,\"height\":512,\"caption\":\"Cl\u00faster Log\u00edstic de Catalunya\"},\"image\":{\"@id\":\"https:\\\/\\\/clusterlogistic.org\\\/es\\\/#\\\/schema\\\/logo\\\/image\\\/\"}},{\"@type\":\"Person\",\"@id\":\"https:\\\/\\\/clusterlogistic.org\\\/es\\\/#\\\/schema\\\/person\\\/2f968404d010f4cfb1fb1faa4cc8cd64\",\"name\":\"Cl\u00faster Log\u00edstic de Catalunya\",\"image\":{\"@type\":\"ImageObject\",\"inLanguage\":\"es\",\"@id\":\"https:\\\/\\\/secure.gravatar.com\\\/avatar\\\/d70e6dad54fc96678ebb563883ef31c8b8b0a127bb640252f5ba3696ded226fe?s=96&d=mm&r=g\",\"url\":\"https:\\\/\\\/secure.gravatar.com\\\/avatar\\\/d70e6dad54fc96678ebb563883ef31c8b8b0a127bb640252f5ba3696ded226fe?s=96&d=mm&r=g\",\"contentUrl\":\"https:\\\/\\\/secure.gravatar.com\\\/avatar\\\/d70e6dad54fc96678ebb563883ef31c8b8b0a127bb640252f5ba3696ded226fe?s=96&d=mm&r=g\",\"caption\":\"Cl\u00faster Log\u00edstic de Catalunya\"},\"description\":\"Alineem estrat\u00e8gies i sumar esfor\u00e7os per potenciar l'activitat industrial a les pimes | Alineamos estrategias y sumar esfuerzos para potenciar la actividad industrial en las pymes.\",\"url\":\"https:\\\/\\\/clusterlogistic.org\\\/es\\\/author\\\/pilar-minguez\\\/\"}]}<\/script>\n<!-- \/ Yoast SEO plugin. -->","yoast_head_json":{"title":"Tr\u00e1fico a\u00e9reo Barcelona-El Prat: constancia y futuro","description":"El Prat mantiene liderato en tr\u00e1fico. Vueling, Ryanair y Lufthansa: el tr\u00edo fuerte. Desaf\u00edos y futuro en la expansi\u00f3n aeroportuaria catalana.","robots":{"index":"index","follow":"follow","max-snippet":"max-snippet:-1","max-image-preview":"max-image-preview:large","max-video-preview":"max-video-preview:-1"},"canonical":"https:\/\/clusterlogistic.org\/es\/el-trafico-aereo-en-barcelona-el-prat-equilibrio-entre-aerolineas-y-desafios-futuros\/","og_locale":"es_ES","og_type":"article","og_title":"Tr\u00e1fico a\u00e9reo Barcelona-El Prat: constancia y futuro","og_description":"El Prat mantiene liderato en tr\u00e1fico. Vueling, Ryanair y Lufthansa: el tr\u00edo fuerte. Desaf\u00edos y futuro en la expansi\u00f3n aeroportuaria catalana.","og_url":"https:\/\/clusterlogistic.org\/es\/el-trafico-aereo-en-barcelona-el-prat-equilibrio-entre-aerolineas-y-desafios-futuros\/","og_site_name":"Cl\u00faster Log\u00edstic de Catalunya","article_published_time":"2026-04-03T06:00:00+00:00","article_modified_time":"2026-04-30T09:38:26+00:00","og_image":[{"width":1000,"height":667,"url":"https:\/\/clusterlogistic.org\/wp-content\/uploads\/2026\/04\/aereopuerto-el-prat.jpg","type":"image\/jpeg"}],"author":"Cl\u00faster Log\u00edstic de Catalunya","twitter_card":"summary_large_image","twitter_misc":{"Escrito por":"Cl\u00faster Log\u00edstic de Catalunya","Tiempo de lectura":"4 minutos"},"schema":{"@context":"https:\/\/schema.org","@graph":[{"@type":"Article","@id":"https:\/\/clusterlogistic.org\/es\/el-trafico-aereo-en-barcelona-el-prat-equilibrio-entre-aerolineas-y-desafios-futuros\/#article","isPartOf":{"@id":"https:\/\/clusterlogistic.org\/es\/el-trafico-aereo-en-barcelona-el-prat-equilibrio-entre-aerolineas-y-desafios-futuros\/"},"author":{"name":"Cl\u00faster Log\u00edstic de Catalunya","@id":"https:\/\/clusterlogistic.org\/es\/#\/schema\/person\/2f968404d010f4cfb1fb1faa4cc8cd64"},"headline":"El tr\u00e1fico a\u00e9reo en Barcelona-El Prat: equilibrio entre aerol\u00edneas y desaf\u00edos futuros","datePublished":"2026-04-03T06:00:00+00:00","dateModified":"2026-04-30T09:38:26+00:00","mainEntityOfPage":{"@id":"https:\/\/clusterlogistic.org\/es\/el-trafico-aereo-en-barcelona-el-prat-equilibrio-entre-aerolineas-y-desafios-futuros\/"},"wordCount":670,"publisher":{"@id":"https:\/\/clusterlogistic.org\/es\/#organization"},"image":{"@id":"https:\/\/clusterlogistic.org\/es\/el-trafico-aereo-en-barcelona-el-prat-equilibrio-entre-aerolineas-y-desafios-futuros\/#primaryimage"},"thumbnailUrl":"https:\/\/clusterlogistic.org\/wp-content\/uploads\/2026\/04\/aereopuerto-el-prat.jpg","articleSection":["Actualidad"],"inLanguage":"es"},{"@type":"WebPage","@id":"https:\/\/clusterlogistic.org\/es\/el-trafico-aereo-en-barcelona-el-prat-equilibrio-entre-aerolineas-y-desafios-futuros\/","url":"https:\/\/clusterlogistic.org\/es\/el-trafico-aereo-en-barcelona-el-prat-equilibrio-entre-aerolineas-y-desafios-futuros\/","name":"Tr\u00e1fico a\u00e9reo Barcelona-El Prat: constancia y futuro","isPartOf":{"@id":"https:\/\/clusterlogistic.org\/es\/#website"},"primaryImageOfPage":{"@id":"https:\/\/clusterlogistic.org\/es\/el-trafico-aereo-en-barcelona-el-prat-equilibrio-entre-aerolineas-y-desafios-futuros\/#primaryimage"},"image":{"@id":"https:\/\/clusterlogistic.org\/es\/el-trafico-aereo-en-barcelona-el-prat-equilibrio-entre-aerolineas-y-desafios-futuros\/#primaryimage"},"thumbnailUrl":"https:\/\/clusterlogistic.org\/wp-content\/uploads\/2026\/04\/aereopuerto-el-prat.jpg","datePublished":"2026-04-03T06:00:00+00:00","dateModified":"2026-04-30T09:38:26+00:00","description":"El Prat mantiene liderato en tr\u00e1fico. Vueling, Ryanair y Lufthansa: el tr\u00edo fuerte. Desaf\u00edos y futuro en la expansi\u00f3n aeroportuaria catalana.","breadcrumb":{"@id":"https:\/\/clusterlogistic.org\/es\/el-trafico-aereo-en-barcelona-el-prat-equilibrio-entre-aerolineas-y-desafios-futuros\/#breadcrumb"},"inLanguage":"es","potentialAction":[{"@type":"ReadAction","target":["https:\/\/clusterlogistic.org\/es\/el-trafico-aereo-en-barcelona-el-prat-equilibrio-entre-aerolineas-y-desafios-futuros\/"]}]},{"@type":"ImageObject","inLanguage":"es","@id":"https:\/\/clusterlogistic.org\/es\/el-trafico-aereo-en-barcelona-el-prat-equilibrio-entre-aerolineas-y-desafios-futuros\/#primaryimage","url":"https:\/\/clusterlogistic.org\/wp-content\/uploads\/2026\/04\/aereopuerto-el-prat.jpg","contentUrl":"https:\/\/clusterlogistic.org\/wp-content\/uploads\/2026\/04\/aereopuerto-el-prat.jpg","width":1000,"height":667,"caption":"aereopuerto el prat"},{"@type":"BreadcrumbList","@id":"https:\/\/clusterlogistic.org\/es\/el-trafico-aereo-en-barcelona-el-prat-equilibrio-entre-aerolineas-y-desafios-futuros\/#breadcrumb","itemListElement":[{"@type":"ListItem","position":1,"name":"Portada","item":"https:\/\/clusterlogistic.org\/es\/"},{"@type":"ListItem","position":2,"name":"El tr\u00e1fico a\u00e9reo en Barcelona-El Prat: equilibrio entre aerol\u00edneas y desaf\u00edos futuros"}]},{"@type":"WebSite","@id":"https:\/\/clusterlogistic.org\/es\/#website","url":"https:\/\/clusterlogistic.org\/es\/","name":"Cl\u00faster Log\u00edstic de Catalunya","description":"associaci\u00f3 sense \u00e0nim de lucre","publisher":{"@id":"https:\/\/clusterlogistic.org\/es\/#organization"},"potentialAction":[{"@type":"SearchAction","target":{"@type":"EntryPoint","urlTemplate":"https:\/\/clusterlogistic.org\/es\/?s={search_term_string}"},"query-input":{"@type":"PropertyValueSpecification","valueRequired":true,"valueName":"search_term_string"}}],"inLanguage":"es"},{"@type":"Organization","@id":"https:\/\/clusterlogistic.org\/es\/#organization","name":"Cl\u00faster Log\u00edstic de Catalunya","url":"https:\/\/clusterlogistic.org\/es\/","logo":{"@type":"ImageObject","inLanguage":"es","@id":"https:\/\/clusterlogistic.org\/es\/#\/schema\/logo\/image\/","url":"https:\/\/clusterlogistic.org\/wp-content\/uploads\/2017\/07\/cropped-Logo-CL-llegenda-gran.jpg","contentUrl":"https:\/\/clusterlogistic.org\/wp-content\/uploads\/2017\/07\/cropped-Logo-CL-llegenda-gran.jpg","width":512,"height":512,"caption":"Cl\u00faster Log\u00edstic de Catalunya"},"image":{"@id":"https:\/\/clusterlogistic.org\/es\/#\/schema\/logo\/image\/"}},{"@type":"Person","@id":"https:\/\/clusterlogistic.org\/es\/#\/schema\/person\/2f968404d010f4cfb1fb1faa4cc8cd64","name":"Cl\u00faster Log\u00edstic de Catalunya","image":{"@type":"ImageObject","inLanguage":"es","@id":"https:\/\/secure.gravatar.com\/avatar\/d70e6dad54fc96678ebb563883ef31c8b8b0a127bb640252f5ba3696ded226fe?s=96&d=mm&r=g","url":"https:\/\/secure.gravatar.com\/avatar\/d70e6dad54fc96678ebb563883ef31c8b8b0a127bb640252f5ba3696ded226fe?s=96&d=mm&r=g","contentUrl":"https:\/\/secure.gravatar.com\/avatar\/d70e6dad54fc96678ebb563883ef31c8b8b0a127bb640252f5ba3696ded226fe?s=96&d=mm&r=g","caption":"Cl\u00faster Log\u00edstic de Catalunya"},"description":"Alineem estrat\u00e8gies i sumar esfor\u00e7os per potenciar l'activitat industrial a les pimes | Alineamos estrategias y sumar esfuerzos para potenciar la actividad industrial en las pymes.","url":"https:\/\/clusterlogistic.org\/es\/author\/pilar-minguez\/"}]}},"_links":{"self":[{"href":"https:\/\/clusterlogistic.org\/es\/wp-json\/wp\/v2\/posts\/10252","targetHints":{"allow":["GET"]}}],"collection":[{"href":"https:\/\/clusterlogistic.org\/es\/wp-json\/wp\/v2\/posts"}],"about":[{"href":"https:\/\/clusterlogistic.org\/es\/wp-json\/wp\/v2\/types\/post"}],"author":[{"embeddable":true,"href":"https:\/\/clusterlogistic.org\/es\/wp-json\/wp\/v2\/users\/3"}],"replies":[{"embeddable":true,"href":"https:\/\/clusterlogistic.org\/es\/wp-json\/wp\/v2\/comments?post=10252"}],"version-history":[{"count":2,"href":"https:\/\/clusterlogistic.org\/es\/wp-json\/wp\/v2\/posts\/10252\/revisions"}],"predecessor-version":[{"id":10254,"href":"https:\/\/clusterlogistic.org\/es\/wp-json\/wp\/v2\/posts\/10252\/revisions\/10254"}],"wp:featuredmedia":[{"embeddable":true,"href":"https:\/\/clusterlogistic.org\/es\/wp-json\/wp\/v2\/media\/10249"}],"wp:attachment":[{"href":"https:\/\/clusterlogistic.org\/es\/wp-json\/wp\/v2\/media?parent=10252"}],"wp:term":[{"taxonomy":"category","embeddable":true,"href":"https:\/\/clusterlogistic.org\/es\/wp-json\/wp\/v2\/categories?post=10252"},{"taxonomy":"post_tag","embeddable":true,"href":"https:\/\/clusterlogistic.org\/es\/wp-json\/wp\/v2\/tags?post=10252"}],"curies":[{"name":"wp","href":"https:\/\/api.w.org\/{rel}","templated":true}]}}