{"id":10298,"date":"2026-04-30T16:42:25","date_gmt":"2026-04-30T14:42:25","guid":{"rendered":"https:\/\/clusterlogistic.org\/?p=10298"},"modified":"2026-04-30T16:52:33","modified_gmt":"2026-04-30T14:52:33","slug":"hazte-socio-en-el-sil-2026-y-aprovechas-de-condiciones-especiales","status":"publish","type":"post","link":"https:\/\/clusterlogistic.org\/es\/hazte-socio-en-el-sil-2026-y-aprovechas-de-condiciones-especiales\/","title":{"rendered":"Hazte socio en el SIL 2026 y aprovechas de condiciones especiales"},"content":{"rendered":"<h2 data-section-id=\"1vy5q2t\" data-start=\"170\" data-end=\"233\">Abrimos una oportunidad especial para nuevas empresas socias<\/h2>\n<p data-start=\"235\" data-end=\"431\">En el <strong data-start=\"241\" data-end=\"274\">Cl\u00faster Log\u00edstic de Catalunya<\/strong> lanzamos una campa\u00f1a especial de captaci\u00f3n de nuevos socios con un mensaje muy claro: <strong data-start=\"361\" data-end=\"430\">el SIL 2026 es la oportunidad y el Cl\u00faster Log\u00edstic Cat es la red<\/strong>.<\/p>\n<p data-start=\"433\" data-end=\"755\">La iniciativa empieza el <strong data-start=\"458\" data-end=\"471\">1 de mayo<\/strong> y estar\u00e1 activa los d\u00edas <strong data-start=\"497\" data-end=\"518\">3, 4 y 5 de junio<\/strong>, coincidiendo con la celebraci\u00f3n del <strong data-start=\"556\" data-end=\"568\">SIL 2026<\/strong>. Durante esos d\u00edas, las empresas interesadas podr\u00e1n incorporarse a nuestra comunidad con <strong data-start=\"658\" data-end=\"684\">condiciones exclusivas<\/strong> pensadas para facilitar su entrada en el ecosistema log\u00edstico catal\u00e1n.<\/p>\n<p data-start=\"433\" data-end=\"755\"><img loading=\"lazy\" decoding=\"async\" class=\"alignnone size-full wp-image-10299\" src=\"https:\/\/clusterlogistic.org\/wp-content\/uploads\/2026\/04\/promo-cluster-2.jpg\" alt=\"\" width=\"1024\" height=\"768\" srcset=\"https:\/\/clusterlogistic.org\/wp-content\/uploads\/2026\/04\/promo-cluster-2.jpg 1024w, https:\/\/clusterlogistic.org\/wp-content\/uploads\/2026\/04\/promo-cluster-2-300x225.jpg 300w, https:\/\/clusterlogistic.org\/wp-content\/uploads\/2026\/04\/promo-cluster-2-768x576.jpg 768w, https:\/\/clusterlogistic.org\/wp-content\/uploads\/2026\/04\/promo-cluster-2-705x529.jpg 705w\" sizes=\"auto, (max-width: 1024px) 100vw, 1024px\" \/><\/p>\n<p data-start=\"757\" data-end=\"1053\">Queremos aprovechar este gran punto de encuentro del sector para abrir la puerta a nuevas empresas. Buscamos compa\u00f1\u00edas que quieran crecer, conectar, aportar y participar de forma activa en una red que trabaja durante todo el a\u00f1o por la competitividad de la log\u00edstica y de la cadena de suministro.<\/p>\n<p data-start=\"1055\" data-end=\"1340\">El momento no puede ser m\u00e1s adecuado. La log\u00edstica vive una etapa de transformaci\u00f3n profunda. Las empresas necesitan m\u00e1s eficiencia, m\u00e1s innovaci\u00f3n, m\u00e1s digitalizaci\u00f3n y m\u00e1s colaboraci\u00f3n. Adem\u00e1s, la cadena de suministro ocupa hoy un papel estrat\u00e9gico en cualquier actividad industrial.<\/p>\n<p data-start=\"1342\" data-end=\"1536\">Por eso, formar parte de una red especializada ya no representa solo una cuesti\u00f3n de visibilidad. Tambi\u00e9n permite estar cerca de las conversaciones que marcan el presente y el futuro del sector.<\/p>\n<p data-start=\"1342\" data-end=\"1536\">\u00a0<a href=\"https:\/\/clusterlogistic.org\/es\/nuevos-socios\/\"><img loading=\"lazy\" decoding=\"async\" class=\"aligncenter wp-image-10305 size-full\" src=\"https:\/\/clusterlogistic.org\/wp-content\/uploads\/2026\/04\/Hazte-socio-y-sumate-a-mas-de-50-empresas-del-sector.png\" alt=\"\" width=\"500\" height=\"50\" srcset=\"https:\/\/clusterlogistic.org\/wp-content\/uploads\/2026\/04\/Hazte-socio-y-sumate-a-mas-de-50-empresas-del-sector.png 500w, https:\/\/clusterlogistic.org\/wp-content\/uploads\/2026\/04\/Hazte-socio-y-sumate-a-mas-de-50-empresas-del-sector-300x30.png 300w, https:\/\/clusterlogistic.org\/wp-content\/uploads\/2026\/04\/Hazte-socio-y-sumate-a-mas-de-50-empresas-del-sector-495x50.png 495w\" sizes=\"auto, (max-width: 500px) 100vw, 500px\" \/><\/a><\/p>\n<h2 data-section-id=\"1lq6itx\" data-start=\"1538\" data-end=\"1585\">SIL es la oportunidad, nosotros somos la red<\/h2>\n<p data-start=\"1587\" data-end=\"1843\">Cada edici\u00f3n del SIL re\u00fane a empresas, profesionales, instituciones y proyectos vinculados a la log\u00edstica, el transporte, la intralog\u00edstica y la supply chain. Durante tres d\u00edas, Barcelona se convierte en un punto de encuentro imprescindible para el sector.<\/p>\n<p data-start=\"1845\" data-end=\"2027\">Sin embargo, una feria dura solo unos d\u00edas. Abre puertas, genera contactos y acelera conversaciones. Pero despu\u00e9s llega el reto m\u00e1s importante: <strong data-start=\"1989\" data-end=\"2026\">dar continuidad a esas relaciones<\/strong>.<\/p>\n<p data-start=\"2029\" data-end=\"2340\">Ah\u00ed es donde queremos aportar valor. Desde el Cl\u00faster Log\u00edstic de Catalunya ofrecemos un espacio estable de conexi\u00f3n, colaboraci\u00f3n y crecimiento para las empresas del ecosistema log\u00edstico. En otras palabras, el SIL puede ser el primer contacto. Nuestra red puede convertir ese contacto en una relaci\u00f3n de valor.<\/p>\n<p data-start=\"2342\" data-end=\"2628\">Esta campa\u00f1a nace precisamente con esa visi\u00f3n. Queremos aprovechar el impulso del SIL 2026 para acercar nuevas empresas a una comunidad que trabaja durante todo el a\u00f1o. Porque la log\u00edstica no se construye solo en una feria. Se construye con colaboraci\u00f3n, confianza y trabajo compartido.<\/p>\n<p><a href=\"https:\/\/clusterlogistic.org\/es\/nuevos-socios\/\"><img loading=\"lazy\" decoding=\"async\" class=\"aligncenter wp-image-10305 size-full\" src=\"https:\/\/clusterlogistic.org\/wp-content\/uploads\/2026\/04\/Hazte-socio-y-sumate-a-mas-de-50-empresas-del-sector.png\" alt=\"\" width=\"500\" height=\"50\" srcset=\"https:\/\/clusterlogistic.org\/wp-content\/uploads\/2026\/04\/Hazte-socio-y-sumate-a-mas-de-50-empresas-del-sector.png 500w, https:\/\/clusterlogistic.org\/wp-content\/uploads\/2026\/04\/Hazte-socio-y-sumate-a-mas-de-50-empresas-del-sector-300x30.png 300w, https:\/\/clusterlogistic.org\/wp-content\/uploads\/2026\/04\/Hazte-socio-y-sumate-a-mas-de-50-empresas-del-sector-495x50.png 495w\" sizes=\"auto, (max-width: 500px) 100vw, 500px\" \/><\/a><\/p>\n<h2 data-section-id=\"1esyjsa\" data-start=\"2630\" data-end=\"2675\">Condiciones exclusivas durante el SIL 2026<\/h2>\n<p data-start=\"2677\" data-end=\"2808\">Durante los d\u00edas <strong data-start=\"2694\" data-end=\"2715\">3, 4 y 5 de junio<\/strong>, las empresas que quieran hacerse socias del Cl\u00faster podr\u00e1n hacerlo con ventajas especiales.<\/p>\n<p data-start=\"2810\" data-end=\"2957\">La campa\u00f1a incluye <strong data-start=\"2829\" data-end=\"2858\">cuota de entrada gratuita<\/strong>, <strong data-start=\"2860\" data-end=\"2904\">tres primeros meses como socio sin coste<\/strong> y <strong data-start=\"2907\" data-end=\"2956\">solo un a\u00f1o de permanencia m\u00ednima obligatoria<\/strong>.<\/p>\n<p data-start=\"2959\" data-end=\"3290\">Adem\u00e1s, las nuevas empresas socias podr\u00e1n presentarse ante todos los socios en la pr\u00f3xima Junta del CLCat. Este punto tiene mucho valor. En log\u00edstica, la confianza y la visibilidad importan mucho. Entrar en una red profesional no significa solo aparecer en un listado. Significa explicar qui\u00e9n eres, qu\u00e9 haces y qu\u00e9 puedes aportar.<\/p>\n<p data-start=\"3292\" data-end=\"3524\">Tambi\u00e9n significa abrir conversaciones con empresas que comparten retos, objetivos y visi\u00f3n de futuro. Por eso, queremos que cada nueva incorporaci\u00f3n tenga una primera oportunidad real de darse a conocer dentro de nuestra comunidad.<\/p>\n<p data-start=\"3526\" data-end=\"3685\">Las ventajas de esta campa\u00f1a reducen la barrera inicial. Al mismo tiempo, permiten a las empresas comprobar de forma directa el valor de pertenecer al Cl\u00faster.<\/p>\n<p data-start=\"3526\" data-end=\"3685\"><a href=\"https:\/\/clusterlogistic.org\/es\/nuevos-socios\/\"><img loading=\"lazy\" decoding=\"async\" class=\"aligncenter wp-image-10305 size-full\" src=\"https:\/\/clusterlogistic.org\/wp-content\/uploads\/2026\/04\/Hazte-socio-y-sumate-a-mas-de-50-empresas-del-sector.png\" alt=\"\" width=\"500\" height=\"50\" srcset=\"https:\/\/clusterlogistic.org\/wp-content\/uploads\/2026\/04\/Hazte-socio-y-sumate-a-mas-de-50-empresas-del-sector.png 500w, https:\/\/clusterlogistic.org\/wp-content\/uploads\/2026\/04\/Hazte-socio-y-sumate-a-mas-de-50-empresas-del-sector-300x30.png 300w, https:\/\/clusterlogistic.org\/wp-content\/uploads\/2026\/04\/Hazte-socio-y-sumate-a-mas-de-50-empresas-del-sector-495x50.png 495w\" sizes=\"auto, (max-width: 500px) 100vw, 500px\" \/><\/a><\/p>\n<h2 data-section-id=\"azy1zb\" data-start=\"3687\" data-end=\"3740\">Una comunidad que conecta toda la cadena log\u00edstica<\/h2>\n<p data-start=\"3742\" data-end=\"4029\">Somos una <strong data-start=\"3752\" data-end=\"3785\">asociaci\u00f3n sin \u00e1nimo de lucro<\/strong> y trabajamos para <strong data-start=\"3804\" data-end=\"3845\">alinear estrategias y sumar esfuerzos<\/strong>. Nuestro objetivo es potenciar la actividad industrial, especialmente en las pymes, y mejorar su competitividad mediante la modernizaci\u00f3n de la log\u00edstica y de la cadena de suministro.<\/p>\n<p data-start=\"4031\" data-end=\"4272\">Nuestra comunidad re\u00fane empresas de \u00e1mbitos muy distintos. Forman parte del Cl\u00faster compa\u00f1\u00edas de <strong data-start=\"4128\" data-end=\"4271\">transporte, almacenamiento, manipulaci\u00f3n, software, hardware, ingenier\u00eda, consultor\u00eda y otros servicios vinculados a la actividad log\u00edstica<\/strong>.<\/p>\n<p data-start=\"4274\" data-end=\"4469\">Esta diversidad nos hace m\u00e1s fuertes. La log\u00edstica actual ya no funciona como una suma de piezas aisladas. Necesita coordinaci\u00f3n, tecnolog\u00eda, datos, infraestructuras, talento y visi\u00f3n compartida.<\/p>\n<p data-start=\"4471\" data-end=\"4684\">Por eso, cuando una empresa se incorpora al Cl\u00faster, entra en contacto con una red amplia y activa. Puede encontrar colaboradores, proveedores, clientes potenciales, proyectos compartidos y conocimiento sectorial.<\/p>\n<p data-start=\"4686\" data-end=\"4827\">Adem\u00e1s, puede participar en una conversaci\u00f3n colectiva sobre los grandes retos del sector. Y esa conversaci\u00f3n resulta cada vez m\u00e1s necesaria.<\/p>\n<p data-start=\"4686\" data-end=\"4827\"><a href=\"https:\/\/clusterlogistic.org\/es\/nuevos-socios\/\"><img loading=\"lazy\" decoding=\"async\" class=\"aligncenter wp-image-10305 size-full\" src=\"https:\/\/clusterlogistic.org\/wp-content\/uploads\/2026\/04\/Hazte-socio-y-sumate-a-mas-de-50-empresas-del-sector.png\" alt=\"\" width=\"500\" height=\"50\" srcset=\"https:\/\/clusterlogistic.org\/wp-content\/uploads\/2026\/04\/Hazte-socio-y-sumate-a-mas-de-50-empresas-del-sector.png 500w, https:\/\/clusterlogistic.org\/wp-content\/uploads\/2026\/04\/Hazte-socio-y-sumate-a-mas-de-50-empresas-del-sector-300x30.png 300w, https:\/\/clusterlogistic.org\/wp-content\/uploads\/2026\/04\/Hazte-socio-y-sumate-a-mas-de-50-empresas-del-sector-495x50.png 495w\" sizes=\"auto, (max-width: 500px) 100vw, 500px\" \/><\/a><\/p>\n<h2 data-section-id=\"1w4ilec\" data-start=\"4829\" data-end=\"4873\">Competitividad, innovaci\u00f3n y colaboraci\u00f3n<\/h2>\n<p data-start=\"4875\" data-end=\"5111\">Catalu\u00f1a tiene una posici\u00f3n log\u00edstica estrat\u00e9gica. Cuenta con infraestructuras clave, tejido industrial, capacidad exportadora y una ubicaci\u00f3n privilegiada en el sur de Europa. Sin embargo, esa posici\u00f3n exige avanzar de forma constante.<\/p>\n<p data-start=\"5113\" data-end=\"5381\">Las empresas del sector afrontan desaf\u00edos importantes. Necesitan digitalizar procesos, mejorar la eficiencia energ\u00e9tica, reforzar la intermodalidad y adaptarse a nuevas exigencias normativas. Tambi\u00e9n deben responder a clientes m\u00e1s exigentes y a mercados m\u00e1s vol\u00e1tiles.<\/p>\n<p data-start=\"5383\" data-end=\"5592\">Ninguna empresa puede abordar todos estos retos sola. Por eso, la colaboraci\u00f3n gana peso. Compartir experiencias, identificar problemas comunes y trabajar en proyectos conjuntos permite avanzar con m\u00e1s fuerza.<\/p>\n<p data-start=\"5594\" data-end=\"5773\">Desde el Cl\u00faster actuamos como punto de encuentro para esa colaboraci\u00f3n. Vertebramos el ecosistema, dinamizamos relaciones y facilitamos que las empresas puedan sumar capacidades.<\/p>\n<p data-start=\"5775\" data-end=\"5957\">Hacerse socio no supone \u00fanicamente acceder a eventos o contactos. Supone participar en una comunidad que quiere impulsar una log\u00edstica m\u00e1s moderna, m\u00e1s competitiva y mejor conectada.<\/p>\n<h2 data-section-id=\"1x2d2n1\" data-start=\"5959\" data-end=\"5996\">Una red con reconocimiento europeo<\/h2>\n<p data-start=\"5998\" data-end=\"6213\">Nuestro trabajo tambi\u00e9n cuenta con reconocimiento en el \u00e1mbito europeo. El Cl\u00faster Log\u00edstic de Catalunya dispone de la certificaci\u00f3n <strong data-start=\"6131\" data-end=\"6141\">Bronze<\/strong> otorgada por la <strong data-start=\"6158\" data-end=\"6166\">ESCA<\/strong>, el European Secretariat for Cluster Analysis.<\/p>\n<p data-start=\"6215\" data-end=\"6394\">Adem\u00e1s, formamos parte de <strong data-start=\"6241\" data-end=\"6250\">ALICE<\/strong>, la Alliance for Logistics Innovation through Collaboration in Europe. Esta conexi\u00f3n europea refuerza nuestra posici\u00f3n y ampl\u00eda nuestra visi\u00f3n.<\/p>\n<p data-start=\"6396\" data-end=\"6643\">La log\u00edstica no entiende de fronteras r\u00edgidas. Los flujos comerciales, las cadenas de suministro y los corredores de transporte conectan territorios y mercados. Por eso, resulta clave formar parte de redes que miran m\u00e1s all\u00e1 del entorno inmediato.<\/p>\n<p data-start=\"6645\" data-end=\"6819\">Para nuestras empresas socias, esta dimensi\u00f3n europea aporta contexto, referencias y oportunidades de conexi\u00f3n. Tambi\u00e9n permite entender mejor hacia d\u00f3nde se mueve el sector.<\/p>\n<h2 data-section-id=\"1m3bv9n\" data-start=\"6821\" data-end=\"6869\">Una invitaci\u00f3n a empresas que quieren avanzar<\/h2>\n<p data-start=\"6871\" data-end=\"7105\">Esta campa\u00f1a especial durante el SIL 2026 se dirige a empresas que quieren estar m\u00e1s cerca del ecosistema log\u00edstico catal\u00e1n. Tambi\u00e9n se dirige a compa\u00f1\u00edas que buscan visibilidad, colaboraci\u00f3n y acceso a una comunidad sectorial activa.<\/p>\n<p data-start=\"7107\" data-end=\"7279\">Queremos sumar a pymes, operadores log\u00edsticos, empresas tecnol\u00f3gicas, consultoras, ingenier\u00edas, compa\u00f1\u00edas industriales y otros actores vinculados a la cadena de suministro.<\/p>\n<p data-start=\"7281\" data-end=\"7452\">Las condiciones especiales facilitan el primer paso. Pero el verdadero valor est\u00e1 en lo que viene despu\u00e9s. Estar dentro del Cl\u00faster permite participar, conectar y aportar.<\/p>\n<p data-start=\"7454\" data-end=\"7636\">Tambi\u00e9n permite formar parte de una comunidad que trabaja para reforzar la competitividad de la log\u00edstica catalana. En un sector tan cambiante, esa conexi\u00f3n puede marcar diferencias.<\/p>\n<h2 data-section-id=\"vwx29d\" data-start=\"7638\" data-end=\"7685\">Del contacto puntual a una relaci\u00f3n de valor<\/h2>\n<p data-start=\"7687\" data-end=\"7890\">El SIL 2026 reunir\u00e1 durante tres d\u00edas a una parte importante del sector. Habr\u00e1 reuniones, presentaciones, conversaciones y oportunidades. Sin embargo, el verdadero reto aparecer\u00e1 cuando termine la feria.<\/p>\n<p data-start=\"7892\" data-end=\"8104\">Las empresas que quieran transformar esos contactos en relaciones necesitan una red. Necesitan espacios de continuidad. Necesitan participar en una comunidad que mantenga viva la conversaci\u00f3n durante todo el a\u00f1o.<\/p>\n<p data-start=\"8106\" data-end=\"8349\">Desde el Cl\u00faster Log\u00edstic de Catalunya ofrecemos precisamente ese entorno. Por eso, esta campa\u00f1a especial no se limita a una promoci\u00f3n puntual. Es una invitaci\u00f3n a formar parte de una red que trabaja, conecta y empuja al sector hacia adelante.<\/p>\n<p data-start=\"8351\" data-end=\"8575\"><strong data-start=\"8351\" data-end=\"8420\">Hazte socio los d\u00edas 3, 4 y 5 de junio con condiciones exclusivas<\/strong>. Es una oportunidad para impulsar tu empresa, conectar con el sector y entrar en la comunidad log\u00edstica l\u00edder en Catalu\u00f1a y referente en el sur de Europa.<\/p>\n<p data-start=\"8577\" data-end=\"8646\">El SIL abre la puerta. <strong data-start=\"8600\" data-end=\"8645\">El Cl\u00faster Log\u00edstic Cat conecta el camino<\/strong>.<\/p>\n","protected":false},"excerpt":{"rendered":"<p>Abrimos una oportunidad especial para nuevas empresas socias En el Cl\u00faster Log\u00edstic de Catalunya lanzamos una campa\u00f1a especial de captaci\u00f3n de nuevos socios con un mensaje muy claro: el SIL 2026 es la oportunidad y el Cl\u00faster Log\u00edstic Cat es la red. La iniciativa empieza el 1 de mayo y estar\u00e1 activa los d\u00edas 3, [&hellip;]<\/p>\n","protected":false},"author":3,"featured_media":10302,"comment_status":"closed","ping_status":"closed","sticky":false,"template":"","format":"standard","meta":{"footnotes":""},"categories":[16],"tags":[],"class_list":["post-10298","post","type-post","status-publish","format-standard","has-post-thumbnail","hentry","category-actualidad"],"yoast_head":"<!-- This site is optimized with the Yoast SEO plugin v27.4 - https:\/\/yoast.com\/product\/yoast-seo-wordpress\/ -->\n<title>Hazte socio en el SIL 2026 y aprovechas de condiciones especiales - Cl\u00faster Log\u00edstic de Catalunya<\/title>\n<meta name=\"robots\" content=\"index, follow, max-snippet:-1, max-image-preview:large, max-video-preview:-1\" \/>\n<link rel=\"canonical\" href=\"https:\/\/clusterlogistic.org\/es\/hazte-socio-en-el-sil-2026-y-aprovechas-de-condiciones-especiales\/\" \/>\n<meta property=\"og:locale\" content=\"es_ES\" \/>\n<meta property=\"og:type\" content=\"article\" \/>\n<meta property=\"og:title\" content=\"Hazte socio en el SIL 2026 y aprovechas de condiciones especiales - Cl\u00faster Log\u00edstic de Catalunya\" \/>\n<meta property=\"og:description\" content=\"Abrimos una oportunidad especial para nuevas empresas socias En el Cl\u00faster Log\u00edstic de Catalunya lanzamos una campa\u00f1a especial de captaci\u00f3n de nuevos socios con un mensaje muy claro: el SIL 2026 es la oportunidad y el Cl\u00faster Log\u00edstic Cat es la red. La iniciativa empieza el 1 de mayo y estar\u00e1 activa los d\u00edas 3, [&hellip;]\" \/>\n<meta property=\"og:url\" content=\"https:\/\/clusterlogistic.org\/es\/hazte-socio-en-el-sil-2026-y-aprovechas-de-condiciones-especiales\/\" \/>\n<meta property=\"og:site_name\" content=\"Cl\u00faster Log\u00edstic de Catalunya\" \/>\n<meta property=\"article:published_time\" content=\"2026-04-30T14:42:25+00:00\" \/>\n<meta property=\"article:modified_time\" content=\"2026-04-30T14:52:33+00:00\" \/>\n<meta property=\"og:image\" content=\"https:\/\/clusterlogistic.org\/wp-content\/uploads\/2026\/04\/promo-cluster-2-1.jpg\" \/>\n\t<meta property=\"og:image:width\" content=\"1024\" \/>\n\t<meta property=\"og:image:height\" content=\"768\" \/>\n\t<meta property=\"og:image:type\" content=\"image\/jpeg\" \/>\n<meta name=\"author\" content=\"Cl\u00faster Log\u00edstic de Catalunya\" \/>\n<meta name=\"twitter:card\" content=\"summary_large_image\" \/>\n<meta name=\"twitter:label1\" content=\"Escrito por\" \/>\n\t<meta name=\"twitter:data1\" content=\"Cl\u00faster Log\u00edstic de Catalunya\" \/>\n\t<meta name=\"twitter:label2\" content=\"Tiempo de lectura\" \/>\n\t<meta name=\"twitter:data2\" content=\"8 minutos\" \/>\n<script type=\"application\/ld+json\" class=\"yoast-schema-graph\">{\"@context\":\"https:\\\/\\\/schema.org\",\"@graph\":[{\"@type\":\"Article\",\"@id\":\"https:\\\/\\\/clusterlogistic.org\\\/es\\\/hazte-socio-en-el-sil-2026-y-aprovechas-de-condiciones-especiales\\\/#article\",\"isPartOf\":{\"@id\":\"https:\\\/\\\/clusterlogistic.org\\\/es\\\/hazte-socio-en-el-sil-2026-y-aprovechas-de-condiciones-especiales\\\/\"},\"author\":{\"name\":\"Cl\u00faster Log\u00edstic de Catalunya\",\"@id\":\"https:\\\/\\\/clusterlogistic.org\\\/es\\\/#\\\/schema\\\/person\\\/2f968404d010f4cfb1fb1faa4cc8cd64\"},\"headline\":\"Hazte socio en el SIL 2026 y aprovechas de condiciones especiales\",\"datePublished\":\"2026-04-30T14:42:25+00:00\",\"dateModified\":\"2026-04-30T14:52:33+00:00\",\"mainEntityOfPage\":{\"@id\":\"https:\\\/\\\/clusterlogistic.org\\\/es\\\/hazte-socio-en-el-sil-2026-y-aprovechas-de-condiciones-especiales\\\/\"},\"wordCount\":1394,\"publisher\":{\"@id\":\"https:\\\/\\\/clusterlogistic.org\\\/es\\\/#organization\"},\"image\":{\"@id\":\"https:\\\/\\\/clusterlogistic.org\\\/es\\\/hazte-socio-en-el-sil-2026-y-aprovechas-de-condiciones-especiales\\\/#primaryimage\"},\"thumbnailUrl\":\"https:\\\/\\\/clusterlogistic.org\\\/wp-content\\\/uploads\\\/2026\\\/04\\\/promo-cluster-2-1.jpg\",\"articleSection\":[\"Actualidad\"],\"inLanguage\":\"es\"},{\"@type\":\"WebPage\",\"@id\":\"https:\\\/\\\/clusterlogistic.org\\\/es\\\/hazte-socio-en-el-sil-2026-y-aprovechas-de-condiciones-especiales\\\/\",\"url\":\"https:\\\/\\\/clusterlogistic.org\\\/es\\\/hazte-socio-en-el-sil-2026-y-aprovechas-de-condiciones-especiales\\\/\",\"name\":\"Hazte socio en el SIL 2026 y aprovechas de condiciones especiales - Cl\u00faster Log\u00edstic de Catalunya\",\"isPartOf\":{\"@id\":\"https:\\\/\\\/clusterlogistic.org\\\/es\\\/#website\"},\"primaryImageOfPage\":{\"@id\":\"https:\\\/\\\/clusterlogistic.org\\\/es\\\/hazte-socio-en-el-sil-2026-y-aprovechas-de-condiciones-especiales\\\/#primaryimage\"},\"image\":{\"@id\":\"https:\\\/\\\/clusterlogistic.org\\\/es\\\/hazte-socio-en-el-sil-2026-y-aprovechas-de-condiciones-especiales\\\/#primaryimage\"},\"thumbnailUrl\":\"https:\\\/\\\/clusterlogistic.org\\\/wp-content\\\/uploads\\\/2026\\\/04\\\/promo-cluster-2-1.jpg\",\"datePublished\":\"2026-04-30T14:42:25+00:00\",\"dateModified\":\"2026-04-30T14:52:33+00:00\",\"breadcrumb\":{\"@id\":\"https:\\\/\\\/clusterlogistic.org\\\/es\\\/hazte-socio-en-el-sil-2026-y-aprovechas-de-condiciones-especiales\\\/#breadcrumb\"},\"inLanguage\":\"es\",\"potentialAction\":[{\"@type\":\"ReadAction\",\"target\":[\"https:\\\/\\\/clusterlogistic.org\\\/es\\\/hazte-socio-en-el-sil-2026-y-aprovechas-de-condiciones-especiales\\\/\"]}]},{\"@type\":\"ImageObject\",\"inLanguage\":\"es\",\"@id\":\"https:\\\/\\\/clusterlogistic.org\\\/es\\\/hazte-socio-en-el-sil-2026-y-aprovechas-de-condiciones-especiales\\\/#primaryimage\",\"url\":\"https:\\\/\\\/clusterlogistic.org\\\/wp-content\\\/uploads\\\/2026\\\/04\\\/promo-cluster-2-1.jpg\",\"contentUrl\":\"https:\\\/\\\/clusterlogistic.org\\\/wp-content\\\/uploads\\\/2026\\\/04\\\/promo-cluster-2-1.jpg\",\"width\":1024,\"height\":768},{\"@type\":\"BreadcrumbList\",\"@id\":\"https:\\\/\\\/clusterlogistic.org\\\/es\\\/hazte-socio-en-el-sil-2026-y-aprovechas-de-condiciones-especiales\\\/#breadcrumb\",\"itemListElement\":[{\"@type\":\"ListItem\",\"position\":1,\"name\":\"Portada\",\"item\":\"https:\\\/\\\/clusterlogistic.org\\\/es\\\/\"},{\"@type\":\"ListItem\",\"position\":2,\"name\":\"Hazte socio en el SIL 2026 y aprovechas de condiciones especiales\"}]},{\"@type\":\"WebSite\",\"@id\":\"https:\\\/\\\/clusterlogistic.org\\\/es\\\/#website\",\"url\":\"https:\\\/\\\/clusterlogistic.org\\\/es\\\/\",\"name\":\"Cl\u00faster Log\u00edstic de Catalunya\",\"description\":\"associaci\u00f3 sense \u00e0nim de lucre\",\"publisher\":{\"@id\":\"https:\\\/\\\/clusterlogistic.org\\\/es\\\/#organization\"},\"potentialAction\":[{\"@type\":\"SearchAction\",\"target\":{\"@type\":\"EntryPoint\",\"urlTemplate\":\"https:\\\/\\\/clusterlogistic.org\\\/es\\\/?s={search_term_string}\"},\"query-input\":{\"@type\":\"PropertyValueSpecification\",\"valueRequired\":true,\"valueName\":\"search_term_string\"}}],\"inLanguage\":\"es\"},{\"@type\":\"Organization\",\"@id\":\"https:\\\/\\\/clusterlogistic.org\\\/es\\\/#organization\",\"name\":\"Cl\u00faster Log\u00edstic de Catalunya\",\"url\":\"https:\\\/\\\/clusterlogistic.org\\\/es\\\/\",\"logo\":{\"@type\":\"ImageObject\",\"inLanguage\":\"es\",\"@id\":\"https:\\\/\\\/clusterlogistic.org\\\/es\\\/#\\\/schema\\\/logo\\\/image\\\/\",\"url\":\"https:\\\/\\\/clusterlogistic.org\\\/wp-content\\\/uploads\\\/2017\\\/07\\\/cropped-Logo-CL-llegenda-gran.jpg\",\"contentUrl\":\"https:\\\/\\\/clusterlogistic.org\\\/wp-content\\\/uploads\\\/2017\\\/07\\\/cropped-Logo-CL-llegenda-gran.jpg\",\"width\":512,\"height\":512,\"caption\":\"Cl\u00faster Log\u00edstic de Catalunya\"},\"image\":{\"@id\":\"https:\\\/\\\/clusterlogistic.org\\\/es\\\/#\\\/schema\\\/logo\\\/image\\\/\"}},{\"@type\":\"Person\",\"@id\":\"https:\\\/\\\/clusterlogistic.org\\\/es\\\/#\\\/schema\\\/person\\\/2f968404d010f4cfb1fb1faa4cc8cd64\",\"name\":\"Cl\u00faster Log\u00edstic de Catalunya\",\"image\":{\"@type\":\"ImageObject\",\"inLanguage\":\"es\",\"@id\":\"https:\\\/\\\/secure.gravatar.com\\\/avatar\\\/d70e6dad54fc96678ebb563883ef31c8b8b0a127bb640252f5ba3696ded226fe?s=96&d=mm&r=g\",\"url\":\"https:\\\/\\\/secure.gravatar.com\\\/avatar\\\/d70e6dad54fc96678ebb563883ef31c8b8b0a127bb640252f5ba3696ded226fe?s=96&d=mm&r=g\",\"contentUrl\":\"https:\\\/\\\/secure.gravatar.com\\\/avatar\\\/d70e6dad54fc96678ebb563883ef31c8b8b0a127bb640252f5ba3696ded226fe?s=96&d=mm&r=g\",\"caption\":\"Cl\u00faster Log\u00edstic de Catalunya\"},\"description\":\"Alineem estrat\u00e8gies i sumar esfor\u00e7os per potenciar l'activitat industrial a les pimes | Alineamos estrategias y sumar esfuerzos para potenciar la actividad industrial en las pymes.\",\"url\":\"https:\\\/\\\/clusterlogistic.org\\\/es\\\/author\\\/pilar-minguez\\\/\"}]}<\/script>\n<!-- \/ Yoast SEO plugin. -->","yoast_head_json":{"title":"Hazte socio en el SIL 2026 y aprovechas de condiciones especiales - Cl\u00faster Log\u00edstic de Catalunya","robots":{"index":"index","follow":"follow","max-snippet":"max-snippet:-1","max-image-preview":"max-image-preview:large","max-video-preview":"max-video-preview:-1"},"canonical":"https:\/\/clusterlogistic.org\/es\/hazte-socio-en-el-sil-2026-y-aprovechas-de-condiciones-especiales\/","og_locale":"es_ES","og_type":"article","og_title":"Hazte socio en el SIL 2026 y aprovechas de condiciones especiales - Cl\u00faster Log\u00edstic de Catalunya","og_description":"Abrimos una oportunidad especial para nuevas empresas socias En el Cl\u00faster Log\u00edstic de Catalunya lanzamos una campa\u00f1a especial de captaci\u00f3n de nuevos socios con un mensaje muy claro: el SIL 2026 es la oportunidad y el Cl\u00faster Log\u00edstic Cat es la red. La iniciativa empieza el 1 de mayo y estar\u00e1 activa los d\u00edas 3, [&hellip;]","og_url":"https:\/\/clusterlogistic.org\/es\/hazte-socio-en-el-sil-2026-y-aprovechas-de-condiciones-especiales\/","og_site_name":"Cl\u00faster Log\u00edstic de Catalunya","article_published_time":"2026-04-30T14:42:25+00:00","article_modified_time":"2026-04-30T14:52:33+00:00","og_image":[{"width":1024,"height":768,"url":"https:\/\/clusterlogistic.org\/wp-content\/uploads\/2026\/04\/promo-cluster-2-1.jpg","type":"image\/jpeg"}],"author":"Cl\u00faster Log\u00edstic de Catalunya","twitter_card":"summary_large_image","twitter_misc":{"Escrito por":"Cl\u00faster Log\u00edstic de Catalunya","Tiempo de lectura":"8 minutos"},"schema":{"@context":"https:\/\/schema.org","@graph":[{"@type":"Article","@id":"https:\/\/clusterlogistic.org\/es\/hazte-socio-en-el-sil-2026-y-aprovechas-de-condiciones-especiales\/#article","isPartOf":{"@id":"https:\/\/clusterlogistic.org\/es\/hazte-socio-en-el-sil-2026-y-aprovechas-de-condiciones-especiales\/"},"author":{"name":"Cl\u00faster Log\u00edstic de Catalunya","@id":"https:\/\/clusterlogistic.org\/es\/#\/schema\/person\/2f968404d010f4cfb1fb1faa4cc8cd64"},"headline":"Hazte socio en el SIL 2026 y aprovechas de condiciones especiales","datePublished":"2026-04-30T14:42:25+00:00","dateModified":"2026-04-30T14:52:33+00:00","mainEntityOfPage":{"@id":"https:\/\/clusterlogistic.org\/es\/hazte-socio-en-el-sil-2026-y-aprovechas-de-condiciones-especiales\/"},"wordCount":1394,"publisher":{"@id":"https:\/\/clusterlogistic.org\/es\/#organization"},"image":{"@id":"https:\/\/clusterlogistic.org\/es\/hazte-socio-en-el-sil-2026-y-aprovechas-de-condiciones-especiales\/#primaryimage"},"thumbnailUrl":"https:\/\/clusterlogistic.org\/wp-content\/uploads\/2026\/04\/promo-cluster-2-1.jpg","articleSection":["Actualidad"],"inLanguage":"es"},{"@type":"WebPage","@id":"https:\/\/clusterlogistic.org\/es\/hazte-socio-en-el-sil-2026-y-aprovechas-de-condiciones-especiales\/","url":"https:\/\/clusterlogistic.org\/es\/hazte-socio-en-el-sil-2026-y-aprovechas-de-condiciones-especiales\/","name":"Hazte socio en el SIL 2026 y aprovechas de condiciones especiales - Cl\u00faster Log\u00edstic de Catalunya","isPartOf":{"@id":"https:\/\/clusterlogistic.org\/es\/#website"},"primaryImageOfPage":{"@id":"https:\/\/clusterlogistic.org\/es\/hazte-socio-en-el-sil-2026-y-aprovechas-de-condiciones-especiales\/#primaryimage"},"image":{"@id":"https:\/\/clusterlogistic.org\/es\/hazte-socio-en-el-sil-2026-y-aprovechas-de-condiciones-especiales\/#primaryimage"},"thumbnailUrl":"https:\/\/clusterlogistic.org\/wp-content\/uploads\/2026\/04\/promo-cluster-2-1.jpg","datePublished":"2026-04-30T14:42:25+00:00","dateModified":"2026-04-30T14:52:33+00:00","breadcrumb":{"@id":"https:\/\/clusterlogistic.org\/es\/hazte-socio-en-el-sil-2026-y-aprovechas-de-condiciones-especiales\/#breadcrumb"},"inLanguage":"es","potentialAction":[{"@type":"ReadAction","target":["https:\/\/clusterlogistic.org\/es\/hazte-socio-en-el-sil-2026-y-aprovechas-de-condiciones-especiales\/"]}]},{"@type":"ImageObject","inLanguage":"es","@id":"https:\/\/clusterlogistic.org\/es\/hazte-socio-en-el-sil-2026-y-aprovechas-de-condiciones-especiales\/#primaryimage","url":"https:\/\/clusterlogistic.org\/wp-content\/uploads\/2026\/04\/promo-cluster-2-1.jpg","contentUrl":"https:\/\/clusterlogistic.org\/wp-content\/uploads\/2026\/04\/promo-cluster-2-1.jpg","width":1024,"height":768},{"@type":"BreadcrumbList","@id":"https:\/\/clusterlogistic.org\/es\/hazte-socio-en-el-sil-2026-y-aprovechas-de-condiciones-especiales\/#breadcrumb","itemListElement":[{"@type":"ListItem","position":1,"name":"Portada","item":"https:\/\/clusterlogistic.org\/es\/"},{"@type":"ListItem","position":2,"name":"Hazte socio en el SIL 2026 y aprovechas de condiciones especiales"}]},{"@type":"WebSite","@id":"https:\/\/clusterlogistic.org\/es\/#website","url":"https:\/\/clusterlogistic.org\/es\/","name":"Cl\u00faster Log\u00edstic de Catalunya","description":"associaci\u00f3 sense \u00e0nim de lucre","publisher":{"@id":"https:\/\/clusterlogistic.org\/es\/#organization"},"potentialAction":[{"@type":"SearchAction","target":{"@type":"EntryPoint","urlTemplate":"https:\/\/clusterlogistic.org\/es\/?s={search_term_string}"},"query-input":{"@type":"PropertyValueSpecification","valueRequired":true,"valueName":"search_term_string"}}],"inLanguage":"es"},{"@type":"Organization","@id":"https:\/\/clusterlogistic.org\/es\/#organization","name":"Cl\u00faster Log\u00edstic de Catalunya","url":"https:\/\/clusterlogistic.org\/es\/","logo":{"@type":"ImageObject","inLanguage":"es","@id":"https:\/\/clusterlogistic.org\/es\/#\/schema\/logo\/image\/","url":"https:\/\/clusterlogistic.org\/wp-content\/uploads\/2017\/07\/cropped-Logo-CL-llegenda-gran.jpg","contentUrl":"https:\/\/clusterlogistic.org\/wp-content\/uploads\/2017\/07\/cropped-Logo-CL-llegenda-gran.jpg","width":512,"height":512,"caption":"Cl\u00faster Log\u00edstic de Catalunya"},"image":{"@id":"https:\/\/clusterlogistic.org\/es\/#\/schema\/logo\/image\/"}},{"@type":"Person","@id":"https:\/\/clusterlogistic.org\/es\/#\/schema\/person\/2f968404d010f4cfb1fb1faa4cc8cd64","name":"Cl\u00faster Log\u00edstic de Catalunya","image":{"@type":"ImageObject","inLanguage":"es","@id":"https:\/\/secure.gravatar.com\/avatar\/d70e6dad54fc96678ebb563883ef31c8b8b0a127bb640252f5ba3696ded226fe?s=96&d=mm&r=g","url":"https:\/\/secure.gravatar.com\/avatar\/d70e6dad54fc96678ebb563883ef31c8b8b0a127bb640252f5ba3696ded226fe?s=96&d=mm&r=g","contentUrl":"https:\/\/secure.gravatar.com\/avatar\/d70e6dad54fc96678ebb563883ef31c8b8b0a127bb640252f5ba3696ded226fe?s=96&d=mm&r=g","caption":"Cl\u00faster Log\u00edstic de Catalunya"},"description":"Alineem estrat\u00e8gies i sumar esfor\u00e7os per potenciar l'activitat industrial a les pimes | Alineamos estrategias y sumar esfuerzos para potenciar la actividad industrial en las pymes.","url":"https:\/\/clusterlogistic.org\/es\/author\/pilar-minguez\/"}]}},"_links":{"self":[{"href":"https:\/\/clusterlogistic.org\/es\/wp-json\/wp\/v2\/posts\/10298","targetHints":{"allow":["GET"]}}],"collection":[{"href":"https:\/\/clusterlogistic.org\/es\/wp-json\/wp\/v2\/posts"}],"about":[{"href":"https:\/\/clusterlogistic.org\/es\/wp-json\/wp\/v2\/types\/post"}],"author":[{"embeddable":true,"href":"https:\/\/clusterlogistic.org\/es\/wp-json\/wp\/v2\/users\/3"}],"replies":[{"embeddable":true,"href":"https:\/\/clusterlogistic.org\/es\/wp-json\/wp\/v2\/comments?post=10298"}],"version-history":[{"count":3,"href":"https:\/\/clusterlogistic.org\/es\/wp-json\/wp\/v2\/posts\/10298\/revisions"}],"predecessor-version":[{"id":10325,"href":"https:\/\/clusterlogistic.org\/es\/wp-json\/wp\/v2\/posts\/10298\/revisions\/10325"}],"wp:featuredmedia":[{"embeddable":true,"href":"https:\/\/clusterlogistic.org\/es\/wp-json\/wp\/v2\/media\/10302"}],"wp:attachment":[{"href":"https:\/\/clusterlogistic.org\/es\/wp-json\/wp\/v2\/media?parent=10298"}],"wp:term":[{"taxonomy":"category","embeddable":true,"href":"https:\/\/clusterlogistic.org\/es\/wp-json\/wp\/v2\/categories?post=10298"},{"taxonomy":"post_tag","embeddable":true,"href":"https:\/\/clusterlogistic.org\/es\/wp-json\/wp\/v2\/tags?post=10298"}],"curies":[{"name":"wp","href":"https:\/\/api.w.org\/{rel}","templated":true}]}}