{"id":1037,"date":"2018-11-16T09:57:48","date_gmt":"2018-11-16T09:57:48","guid":{"rendered":"https:\/\/clusterlogistic.org\/?p=1037"},"modified":"2018-11-16T11:03:58","modified_gmt":"2018-11-16T11:03:58","slug":"logistica-del-ecommerce-consejos-y-claves-para-el-exito","status":"publish","type":"post","link":"https:\/\/clusterlogistic.org\/es\/logistica-del-ecommerce-consejos-y-claves-para-el-exito\/","title":{"rendered":"Log\u00edstica del ecommerce: consejos y claves para el \u00e9xito"},"content":{"rendered":"<p>La log\u00edstica del ecommerce se ha convertido en uno de los grandes pilares de cualquier comercio electr\u00f3nico. El motivo est\u00e1 m\u00e1s que claro, de nada le servir\u00e1 a una marca trabajar su imagen, su identidad, su posicionamiento, sus estrategias de marketing\u2026 si despu\u00e9s falla a la hora de enviar o entregar los productos.<\/p>\n<p>En manos del servicio log\u00edstico est\u00e1 gran parte de la satisfacci\u00f3n del cliente. De ah\u00ed la importancia de la log\u00edstica del ecommerce. Y es que a trav\u00e9s de ella, si est\u00e1 bien estructurada y planificada, podemos lograr la fidelizaci\u00f3n de clientes.<\/p>\n<h2>Pero, \u00bfqu\u00e9 abarca realmente la log\u00edstica de ecommerce?<\/h2>\n<p>Hablamos del proceso que abarca todos los procesos de coordinaci\u00f3n empelados para mover los recursos de un lugar de almacenamiento a otro lugar que, suele ser habitual que sea elegido por el consumidor online.<br \/>\nLa clave est\u00e1 en que el producto llegue r\u00e1pido y en buenas condiciones. Solo as\u00ed seremos capaces de satisfacer los deseos de un consumidor cada vez m\u00e1s exigente.<\/p>\n<h3>Lo que los comparadores online valoran<\/h3>\n<p>Como dec\u00edamos, el mercado est\u00e1 cambiando, y los consumidores est\u00e1n cada vez m\u00e1s acostumbrados a una log\u00edstica de ecommerce r\u00e1pida y eficaz, por lo que fallar en este aspecto puede ser cr\u00edtico. Veamos qu\u00e9 es lo que m\u00e1s valoran los compradores:<\/p>\n<ol>\n<li>Disponibilidad de los productos que desean. Lo cierto es que si no hay stock de esos productos, no se\u00a0 convierte la venta.<\/li>\n<li>Cumplimiento de los plazos de entrega prometidos. Buscan efectividad y que se cumplan los plazos acordados.<\/li>\n<li>Rapidez. Pero adem\u00e1s tambi\u00e9n quieren inmediatez.<\/li>\n<li>Pero debemos ir un poco m\u00e1s all\u00e1, ya que hoy en d\u00eda los clientes adem\u00e1s esperan personalizaci\u00f3n, como la posibilidad de elegir los lugares de entrega, incluso los horarios, etc.<\/li>\n<li>Seguridad en el tratamiento de sus datos. Este es un aspecto clave, necesario y uno de los que m\u00e1s y mejor valoran los usuarios.<\/li>\n<li>Una correcta y eficaz atenci\u00f3n al cliente. Antes dudas o incidencias, los consumidores valoran mucho la capacidad del operador log\u00edstico de ofrecer soluciones y respuestas r\u00e1pidas.<\/li>\n<\/ol>\n<p>Por lo tanto, para que tu servicio sea de un valor a\u00f1adido y bien valorado y que funcione de forma eficiente y eficaz, se torna necesario contar con una planificaci\u00f3n que contemple la previsi\u00f3n, planificaci\u00f3n y anticipaci\u00f3n.<\/p>\n","protected":false},"excerpt":{"rendered":"<p>La log\u00edstica del ecommerce se ha convertido en uno de los grandes pilares de cualquier comercio electr\u00f3nico. El motivo est\u00e1 m\u00e1s que claro, de nada le servir\u00e1 a una marca trabajar su imagen, su identidad, su posicionamiento, sus estrategias de marketing\u2026 si despu\u00e9s falla a la hora de enviar o entregar los productos. En manos [&hellip;]<\/p>\n","protected":false},"author":4,"featured_media":1033,"comment_status":"closed","ping_status":"closed","sticky":false,"template":"","format":"standard","meta":{"footnotes":""},"categories":[16],"tags":[],"class_list":["post-1037","post","type-post","status-publish","format-standard","has-post-thumbnail","hentry","category-actualidad"],"yoast_head":"<!-- This site is optimized with the Yoast SEO plugin v27.4 - https:\/\/yoast.com\/product\/yoast-seo-wordpress\/ -->\n<title>Log\u00edstica del ecommerce: consejos y claves para el \u00e9xito - Cl\u00faster Log\u00edstic de Catalunya<\/title>\n<meta name=\"description\" content=\"\u00bfqu\u00e9 abarca realmente la log\u00edstica de ecommerce?Hablamos del proceso que abarca todos los procesos de coordinaci\u00f3n empelados para mover los recursos de un\" \/>\n<meta name=\"robots\" content=\"index, follow, max-snippet:-1, max-image-preview:large, max-video-preview:-1\" \/>\n<link rel=\"canonical\" href=\"https:\/\/clusterlogistic.org\/es\/logistica-del-ecommerce-consejos-y-claves-para-el-exito\/\" \/>\n<meta property=\"og:locale\" content=\"es_ES\" \/>\n<meta property=\"og:type\" content=\"article\" \/>\n<meta property=\"og:title\" content=\"Log\u00edstica del ecommerce: consejos y claves para el \u00e9xito - Cl\u00faster Log\u00edstic de Catalunya\" \/>\n<meta property=\"og:description\" content=\"\u00bfqu\u00e9 abarca realmente la log\u00edstica de ecommerce?Hablamos del proceso que abarca todos los procesos de coordinaci\u00f3n empelados para mover los recursos de un\" \/>\n<meta property=\"og:url\" content=\"https:\/\/clusterlogistic.org\/es\/logistica-del-ecommerce-consejos-y-claves-para-el-exito\/\" \/>\n<meta property=\"og:site_name\" content=\"Cl\u00faster Log\u00edstic de Catalunya\" \/>\n<meta property=\"article:published_time\" content=\"2018-11-16T09:57:48+00:00\" \/>\n<meta property=\"article:modified_time\" content=\"2018-11-16T11:03:58+00:00\" \/>\n<meta property=\"og:image\" content=\"https:\/\/clusterlogistic.org\/wp-content\/uploads\/2018\/11\/download.jpg\" \/>\n\t<meta property=\"og:image:width\" content=\"275\" \/>\n\t<meta property=\"og:image:height\" content=\"183\" \/>\n\t<meta property=\"og:image:type\" content=\"image\/jpeg\" \/>\n<meta name=\"author\" content=\"Cl\u00faster Log\u00edstic de Catalunya\" \/>\n<meta name=\"twitter:card\" content=\"summary_large_image\" \/>\n<meta name=\"twitter:creator\" content=\"@LogisticCluster\" \/>\n<meta name=\"twitter:label1\" content=\"Escrito por\" \/>\n\t<meta name=\"twitter:data1\" content=\"Cl\u00faster Log\u00edstic de Catalunya\" \/>\n\t<meta name=\"twitter:label2\" content=\"Tiempo de lectura\" \/>\n\t<meta name=\"twitter:data2\" content=\"2 minutos\" \/>\n<script type=\"application\/ld+json\" class=\"yoast-schema-graph\">{\"@context\":\"https:\\\/\\\/schema.org\",\"@graph\":[{\"@type\":\"Article\",\"@id\":\"https:\\\/\\\/clusterlogistic.org\\\/es\\\/logistica-del-ecommerce-consejos-y-claves-para-el-exito\\\/#article\",\"isPartOf\":{\"@id\":\"https:\\\/\\\/clusterlogistic.org\\\/es\\\/logistica-del-ecommerce-consejos-y-claves-para-el-exito\\\/\"},\"author\":{\"name\":\"Cl\u00faster Log\u00edstic de Catalunya\",\"@id\":\"https:\\\/\\\/clusterlogistic.org\\\/es\\\/#\\\/schema\\\/person\\\/2b5a7fc3df89c3bcb0dc3979b0559a05\"},\"headline\":\"Log\u00edstica del ecommerce: consejos y claves para el \u00e9xito\",\"datePublished\":\"2018-11-16T09:57:48+00:00\",\"dateModified\":\"2018-11-16T11:03:58+00:00\",\"mainEntityOfPage\":{\"@id\":\"https:\\\/\\\/clusterlogistic.org\\\/es\\\/logistica-del-ecommerce-consejos-y-claves-para-el-exito\\\/\"},\"wordCount\":417,\"publisher\":{\"@id\":\"https:\\\/\\\/clusterlogistic.org\\\/es\\\/#organization\"},\"image\":{\"@id\":\"https:\\\/\\\/clusterlogistic.org\\\/es\\\/logistica-del-ecommerce-consejos-y-claves-para-el-exito\\\/#primaryimage\"},\"thumbnailUrl\":\"https:\\\/\\\/clusterlogistic.org\\\/wp-content\\\/uploads\\\/2018\\\/11\\\/download.jpg\",\"articleSection\":[\"Actualidad\"],\"inLanguage\":\"es\"},{\"@type\":\"WebPage\",\"@id\":\"https:\\\/\\\/clusterlogistic.org\\\/es\\\/logistica-del-ecommerce-consejos-y-claves-para-el-exito\\\/\",\"url\":\"https:\\\/\\\/clusterlogistic.org\\\/es\\\/logistica-del-ecommerce-consejos-y-claves-para-el-exito\\\/\",\"name\":\"Log\u00edstica del ecommerce: consejos y claves para el \u00e9xito - Cl\u00faster Log\u00edstic de Catalunya\",\"isPartOf\":{\"@id\":\"https:\\\/\\\/clusterlogistic.org\\\/es\\\/#website\"},\"primaryImageOfPage\":{\"@id\":\"https:\\\/\\\/clusterlogistic.org\\\/es\\\/logistica-del-ecommerce-consejos-y-claves-para-el-exito\\\/#primaryimage\"},\"image\":{\"@id\":\"https:\\\/\\\/clusterlogistic.org\\\/es\\\/logistica-del-ecommerce-consejos-y-claves-para-el-exito\\\/#primaryimage\"},\"thumbnailUrl\":\"https:\\\/\\\/clusterlogistic.org\\\/wp-content\\\/uploads\\\/2018\\\/11\\\/download.jpg\",\"datePublished\":\"2018-11-16T09:57:48+00:00\",\"dateModified\":\"2018-11-16T11:03:58+00:00\",\"description\":\"\u00bfqu\u00e9 abarca realmente la log\u00edstica de ecommerce?Hablamos del proceso que abarca todos los procesos de coordinaci\u00f3n empelados para mover los recursos de un\",\"breadcrumb\":{\"@id\":\"https:\\\/\\\/clusterlogistic.org\\\/es\\\/logistica-del-ecommerce-consejos-y-claves-para-el-exito\\\/#breadcrumb\"},\"inLanguage\":\"es\",\"potentialAction\":[{\"@type\":\"ReadAction\",\"target\":[\"https:\\\/\\\/clusterlogistic.org\\\/es\\\/logistica-del-ecommerce-consejos-y-claves-para-el-exito\\\/\"]}]},{\"@type\":\"ImageObject\",\"inLanguage\":\"es\",\"@id\":\"https:\\\/\\\/clusterlogistic.org\\\/es\\\/logistica-del-ecommerce-consejos-y-claves-para-el-exito\\\/#primaryimage\",\"url\":\"https:\\\/\\\/clusterlogistic.org\\\/wp-content\\\/uploads\\\/2018\\\/11\\\/download.jpg\",\"contentUrl\":\"https:\\\/\\\/clusterlogistic.org\\\/wp-content\\\/uploads\\\/2018\\\/11\\\/download.jpg\",\"width\":275,\"height\":183,\"caption\":\"log\u00edstica ecommerce\"},{\"@type\":\"BreadcrumbList\",\"@id\":\"https:\\\/\\\/clusterlogistic.org\\\/es\\\/logistica-del-ecommerce-consejos-y-claves-para-el-exito\\\/#breadcrumb\",\"itemListElement\":[{\"@type\":\"ListItem\",\"position\":1,\"name\":\"Portada\",\"item\":\"https:\\\/\\\/clusterlogistic.org\\\/es\\\/\"},{\"@type\":\"ListItem\",\"position\":2,\"name\":\"Log\u00edstica del ecommerce: consejos y claves para el \u00e9xito\"}]},{\"@type\":\"WebSite\",\"@id\":\"https:\\\/\\\/clusterlogistic.org\\\/es\\\/#website\",\"url\":\"https:\\\/\\\/clusterlogistic.org\\\/es\\\/\",\"name\":\"Cl\u00faster Log\u00edstic de Catalunya\",\"description\":\"associaci\u00f3 sense \u00e0nim de lucre\",\"publisher\":{\"@id\":\"https:\\\/\\\/clusterlogistic.org\\\/es\\\/#organization\"},\"potentialAction\":[{\"@type\":\"SearchAction\",\"target\":{\"@type\":\"EntryPoint\",\"urlTemplate\":\"https:\\\/\\\/clusterlogistic.org\\\/es\\\/?s={search_term_string}\"},\"query-input\":{\"@type\":\"PropertyValueSpecification\",\"valueRequired\":true,\"valueName\":\"search_term_string\"}}],\"inLanguage\":\"es\"},{\"@type\":\"Organization\",\"@id\":\"https:\\\/\\\/clusterlogistic.org\\\/es\\\/#organization\",\"name\":\"Cl\u00faster Log\u00edstic de Catalunya\",\"url\":\"https:\\\/\\\/clusterlogistic.org\\\/es\\\/\",\"logo\":{\"@type\":\"ImageObject\",\"inLanguage\":\"es\",\"@id\":\"https:\\\/\\\/clusterlogistic.org\\\/es\\\/#\\\/schema\\\/logo\\\/image\\\/\",\"url\":\"https:\\\/\\\/clusterlogistic.org\\\/wp-content\\\/uploads\\\/2017\\\/07\\\/cropped-Logo-CL-llegenda-gran.jpg\",\"contentUrl\":\"https:\\\/\\\/clusterlogistic.org\\\/wp-content\\\/uploads\\\/2017\\\/07\\\/cropped-Logo-CL-llegenda-gran.jpg\",\"width\":512,\"height\":512,\"caption\":\"Cl\u00faster Log\u00edstic de Catalunya\"},\"image\":{\"@id\":\"https:\\\/\\\/clusterlogistic.org\\\/es\\\/#\\\/schema\\\/logo\\\/image\\\/\"}},{\"@type\":\"Person\",\"@id\":\"https:\\\/\\\/clusterlogistic.org\\\/es\\\/#\\\/schema\\\/person\\\/2b5a7fc3df89c3bcb0dc3979b0559a05\",\"name\":\"Cl\u00faster Log\u00edstic de Catalunya\",\"image\":{\"@type\":\"ImageObject\",\"inLanguage\":\"es\",\"@id\":\"https:\\\/\\\/secure.gravatar.com\\\/avatar\\\/f9856af336aae8848d84d8a6016489d03e1f9562478561f9b86cb8c287ba12a2?s=96&d=mm&r=g\",\"url\":\"https:\\\/\\\/secure.gravatar.com\\\/avatar\\\/f9856af336aae8848d84d8a6016489d03e1f9562478561f9b86cb8c287ba12a2?s=96&d=mm&r=g\",\"contentUrl\":\"https:\\\/\\\/secure.gravatar.com\\\/avatar\\\/f9856af336aae8848d84d8a6016489d03e1f9562478561f9b86cb8c287ba12a2?s=96&d=mm&r=g\",\"caption\":\"Cl\u00faster Log\u00edstic de Catalunya\"},\"description\":\"Alineem estrat\u00e8gies i sumem esfor\u00e7os per potenciar l'activitat industrial a les pimes | Alineamos estrategias y sumamos esfuerzos para potenciar la actividad industrial en las pymes.\",\"sameAs\":[\"https:\\\/\\\/x.com\\\/LogisticCluster\"],\"url\":\"https:\\\/\\\/clusterlogistic.org\\\/es\\\/author\\\/guacimarapimec\\\/\"}]}<\/script>\n<!-- \/ Yoast SEO plugin. -->","yoast_head_json":{"title":"Log\u00edstica del ecommerce: consejos y claves para el \u00e9xito - Cl\u00faster Log\u00edstic de Catalunya","description":"\u00bfqu\u00e9 abarca realmente la log\u00edstica de ecommerce?Hablamos del proceso que abarca todos los procesos de coordinaci\u00f3n empelados para mover los recursos de un","robots":{"index":"index","follow":"follow","max-snippet":"max-snippet:-1","max-image-preview":"max-image-preview:large","max-video-preview":"max-video-preview:-1"},"canonical":"https:\/\/clusterlogistic.org\/es\/logistica-del-ecommerce-consejos-y-claves-para-el-exito\/","og_locale":"es_ES","og_type":"article","og_title":"Log\u00edstica del ecommerce: consejos y claves para el \u00e9xito - Cl\u00faster Log\u00edstic de Catalunya","og_description":"\u00bfqu\u00e9 abarca realmente la log\u00edstica de ecommerce?Hablamos del proceso que abarca todos los procesos de coordinaci\u00f3n empelados para mover los recursos de un","og_url":"https:\/\/clusterlogistic.org\/es\/logistica-del-ecommerce-consejos-y-claves-para-el-exito\/","og_site_name":"Cl\u00faster Log\u00edstic de Catalunya","article_published_time":"2018-11-16T09:57:48+00:00","article_modified_time":"2018-11-16T11:03:58+00:00","og_image":[{"width":275,"height":183,"url":"https:\/\/clusterlogistic.org\/wp-content\/uploads\/2018\/11\/download.jpg","type":"image\/jpeg"}],"author":"Cl\u00faster Log\u00edstic de Catalunya","twitter_card":"summary_large_image","twitter_creator":"@LogisticCluster","twitter_misc":{"Escrito por":"Cl\u00faster Log\u00edstic de Catalunya","Tiempo de lectura":"2 minutos"},"schema":{"@context":"https:\/\/schema.org","@graph":[{"@type":"Article","@id":"https:\/\/clusterlogistic.org\/es\/logistica-del-ecommerce-consejos-y-claves-para-el-exito\/#article","isPartOf":{"@id":"https:\/\/clusterlogistic.org\/es\/logistica-del-ecommerce-consejos-y-claves-para-el-exito\/"},"author":{"name":"Cl\u00faster Log\u00edstic de Catalunya","@id":"https:\/\/clusterlogistic.org\/es\/#\/schema\/person\/2b5a7fc3df89c3bcb0dc3979b0559a05"},"headline":"Log\u00edstica del ecommerce: consejos y claves para el \u00e9xito","datePublished":"2018-11-16T09:57:48+00:00","dateModified":"2018-11-16T11:03:58+00:00","mainEntityOfPage":{"@id":"https:\/\/clusterlogistic.org\/es\/logistica-del-ecommerce-consejos-y-claves-para-el-exito\/"},"wordCount":417,"publisher":{"@id":"https:\/\/clusterlogistic.org\/es\/#organization"},"image":{"@id":"https:\/\/clusterlogistic.org\/es\/logistica-del-ecommerce-consejos-y-claves-para-el-exito\/#primaryimage"},"thumbnailUrl":"https:\/\/clusterlogistic.org\/wp-content\/uploads\/2018\/11\/download.jpg","articleSection":["Actualidad"],"inLanguage":"es"},{"@type":"WebPage","@id":"https:\/\/clusterlogistic.org\/es\/logistica-del-ecommerce-consejos-y-claves-para-el-exito\/","url":"https:\/\/clusterlogistic.org\/es\/logistica-del-ecommerce-consejos-y-claves-para-el-exito\/","name":"Log\u00edstica del ecommerce: consejos y claves para el \u00e9xito - Cl\u00faster Log\u00edstic de Catalunya","isPartOf":{"@id":"https:\/\/clusterlogistic.org\/es\/#website"},"primaryImageOfPage":{"@id":"https:\/\/clusterlogistic.org\/es\/logistica-del-ecommerce-consejos-y-claves-para-el-exito\/#primaryimage"},"image":{"@id":"https:\/\/clusterlogistic.org\/es\/logistica-del-ecommerce-consejos-y-claves-para-el-exito\/#primaryimage"},"thumbnailUrl":"https:\/\/clusterlogistic.org\/wp-content\/uploads\/2018\/11\/download.jpg","datePublished":"2018-11-16T09:57:48+00:00","dateModified":"2018-11-16T11:03:58+00:00","description":"\u00bfqu\u00e9 abarca realmente la log\u00edstica de ecommerce?Hablamos del proceso que abarca todos los procesos de coordinaci\u00f3n empelados para mover los recursos de un","breadcrumb":{"@id":"https:\/\/clusterlogistic.org\/es\/logistica-del-ecommerce-consejos-y-claves-para-el-exito\/#breadcrumb"},"inLanguage":"es","potentialAction":[{"@type":"ReadAction","target":["https:\/\/clusterlogistic.org\/es\/logistica-del-ecommerce-consejos-y-claves-para-el-exito\/"]}]},{"@type":"ImageObject","inLanguage":"es","@id":"https:\/\/clusterlogistic.org\/es\/logistica-del-ecommerce-consejos-y-claves-para-el-exito\/#primaryimage","url":"https:\/\/clusterlogistic.org\/wp-content\/uploads\/2018\/11\/download.jpg","contentUrl":"https:\/\/clusterlogistic.org\/wp-content\/uploads\/2018\/11\/download.jpg","width":275,"height":183,"caption":"log\u00edstica ecommerce"},{"@type":"BreadcrumbList","@id":"https:\/\/clusterlogistic.org\/es\/logistica-del-ecommerce-consejos-y-claves-para-el-exito\/#breadcrumb","itemListElement":[{"@type":"ListItem","position":1,"name":"Portada","item":"https:\/\/clusterlogistic.org\/es\/"},{"@type":"ListItem","position":2,"name":"Log\u00edstica del ecommerce: consejos y claves para el \u00e9xito"}]},{"@type":"WebSite","@id":"https:\/\/clusterlogistic.org\/es\/#website","url":"https:\/\/clusterlogistic.org\/es\/","name":"Cl\u00faster Log\u00edstic de Catalunya","description":"associaci\u00f3 sense \u00e0nim de lucre","publisher":{"@id":"https:\/\/clusterlogistic.org\/es\/#organization"},"potentialAction":[{"@type":"SearchAction","target":{"@type":"EntryPoint","urlTemplate":"https:\/\/clusterlogistic.org\/es\/?s={search_term_string}"},"query-input":{"@type":"PropertyValueSpecification","valueRequired":true,"valueName":"search_term_string"}}],"inLanguage":"es"},{"@type":"Organization","@id":"https:\/\/clusterlogistic.org\/es\/#organization","name":"Cl\u00faster Log\u00edstic de Catalunya","url":"https:\/\/clusterlogistic.org\/es\/","logo":{"@type":"ImageObject","inLanguage":"es","@id":"https:\/\/clusterlogistic.org\/es\/#\/schema\/logo\/image\/","url":"https:\/\/clusterlogistic.org\/wp-content\/uploads\/2017\/07\/cropped-Logo-CL-llegenda-gran.jpg","contentUrl":"https:\/\/clusterlogistic.org\/wp-content\/uploads\/2017\/07\/cropped-Logo-CL-llegenda-gran.jpg","width":512,"height":512,"caption":"Cl\u00faster Log\u00edstic de Catalunya"},"image":{"@id":"https:\/\/clusterlogistic.org\/es\/#\/schema\/logo\/image\/"}},{"@type":"Person","@id":"https:\/\/clusterlogistic.org\/es\/#\/schema\/person\/2b5a7fc3df89c3bcb0dc3979b0559a05","name":"Cl\u00faster Log\u00edstic de Catalunya","image":{"@type":"ImageObject","inLanguage":"es","@id":"https:\/\/secure.gravatar.com\/avatar\/f9856af336aae8848d84d8a6016489d03e1f9562478561f9b86cb8c287ba12a2?s=96&d=mm&r=g","url":"https:\/\/secure.gravatar.com\/avatar\/f9856af336aae8848d84d8a6016489d03e1f9562478561f9b86cb8c287ba12a2?s=96&d=mm&r=g","contentUrl":"https:\/\/secure.gravatar.com\/avatar\/f9856af336aae8848d84d8a6016489d03e1f9562478561f9b86cb8c287ba12a2?s=96&d=mm&r=g","caption":"Cl\u00faster Log\u00edstic de Catalunya"},"description":"Alineem estrat\u00e8gies i sumem esfor\u00e7os per potenciar l'activitat industrial a les pimes | Alineamos estrategias y sumamos esfuerzos para potenciar la actividad industrial en las pymes.","sameAs":["https:\/\/x.com\/LogisticCluster"],"url":"https:\/\/clusterlogistic.org\/es\/author\/guacimarapimec\/"}]}},"_links":{"self":[{"href":"https:\/\/clusterlogistic.org\/es\/wp-json\/wp\/v2\/posts\/1037","targetHints":{"allow":["GET"]}}],"collection":[{"href":"https:\/\/clusterlogistic.org\/es\/wp-json\/wp\/v2\/posts"}],"about":[{"href":"https:\/\/clusterlogistic.org\/es\/wp-json\/wp\/v2\/types\/post"}],"author":[{"embeddable":true,"href":"https:\/\/clusterlogistic.org\/es\/wp-json\/wp\/v2\/users\/4"}],"replies":[{"embeddable":true,"href":"https:\/\/clusterlogistic.org\/es\/wp-json\/wp\/v2\/comments?post=1037"}],"version-history":[{"count":1,"href":"https:\/\/clusterlogistic.org\/es\/wp-json\/wp\/v2\/posts\/1037\/revisions"}],"predecessor-version":[{"id":1038,"href":"https:\/\/clusterlogistic.org\/es\/wp-json\/wp\/v2\/posts\/1037\/revisions\/1038"}],"wp:featuredmedia":[{"embeddable":true,"href":"https:\/\/clusterlogistic.org\/es\/wp-json\/wp\/v2\/media\/1033"}],"wp:attachment":[{"href":"https:\/\/clusterlogistic.org\/es\/wp-json\/wp\/v2\/media?parent=1037"}],"wp:term":[{"taxonomy":"category","embeddable":true,"href":"https:\/\/clusterlogistic.org\/es\/wp-json\/wp\/v2\/categories?post=1037"},{"taxonomy":"post_tag","embeddable":true,"href":"https:\/\/clusterlogistic.org\/es\/wp-json\/wp\/v2\/tags?post=1037"}],"curies":[{"name":"wp","href":"https:\/\/api.w.org\/{rel}","templated":true}]}}