{"id":1047,"date":"2018-11-23T23:59:14","date_gmt":"2018-11-23T23:59:14","guid":{"rendered":"https:\/\/clusterlogistic.org\/?p=1047"},"modified":"2018-11-24T03:35:42","modified_gmt":"2018-11-24T03:35:42","slug":"ventajas-que-tendra-tu-empresa-al-contar-con-un-proveedor-logistico","status":"publish","type":"post","link":"https:\/\/clusterlogistic.org\/es\/ventajas-que-tendra-tu-empresa-al-contar-con-un-proveedor-logistico\/","title":{"rendered":"Ventajas que tendr\u00e1 tu empresa al contar con un proveedor log\u00edstico"},"content":{"rendered":"<p>El mercado log\u00edstico pone a disposici\u00f3n de las empresas un amplio abanico de opciones de empresas de talla peque\u00f1a hasta transaccionales, que ofrecen servicios de transporte terrestre con el objetivo de satisfacer las necesidades log\u00edsticas de las compa\u00f1\u00edas.<\/p>\n<p>Sin embargo, existen riesgos a la hora de externalizar el servicio log\u00edstico de nuestra empresa. Quiz\u00e1 entre los m\u00e1s habituales se encuentra la impuntualidad, flujo inadecuado de informaci\u00f3n en las operaciones o una deficiente atenci\u00f3n al cliente. Para evitar o al menos minimizar estos riesgos, es fundamental analizar previamente a nuestro proveedor y requerirle ciertas garant\u00edas antes de llegar a un acuerdo.<\/p>\n<p>Pero, cuando la colaboraci\u00f3n se realiza con un buen proveedor log\u00edstico, tambi\u00e9n hay muchos beneficios en la externalizaci\u00f3n log\u00edstica. Y esas ventajas son las que queremos destacar en este post:<\/p>\n<h2>Ventajas de contar con un proveedor log\u00edstico<\/h2>\n<h3>Mayor calidad de atenci\u00f3n al cliente<\/h3>\n<p>Cuando la empresa no cuenta con su propio servicio log\u00edstico, o no es su core, aliarse con un buen proveedor, sin duda, le permitir\u00e1 ofrecer una mejor atenci\u00f3n al cliente. El proveedor ya cuenta con los medios y la experiencia para solventar ese servicio con eficacia, profesionalidad y eficiencia.<\/p>\n<h3>Garantizar la seguridad e integridad de la mercanc\u00eda y la documentaci\u00f3n<\/h3>\n<p>Y esto es un aspecto fundamental para el correcto funcionamiento de la compa\u00f1\u00eda. Mejor, sin duda, que est\u00e9 en manos de profesionales expertos que permitan generar un proceso log\u00edstico sin contratiempos.<\/p>\n<h3>Mejora continua para una mayor eficiencia<\/h3>\n<p>Un proveedor log\u00edstico mide constantemente sus acciones para perfeccionar sus procesos log\u00edsticos, mejorar la calidad de sus servicios, ejecutarlos con una mayor eficiencia y reduciendo los costes.<\/p>\n<h3>Responsabilidad social<\/h3>\n<p>Al contratar los servicios de un buen proveedor log\u00edstico, se hace una apuesta clara por la responsabilidad social, ya que su personal y procesos est\u00e1n encaminados a mejorar las relaciones con la seguridad, la salud ocupacional y el medio ambiente.<\/p>\n","protected":false},"excerpt":{"rendered":"<p>El mercado log\u00edstico pone a disposici\u00f3n de las empresas un amplio abanico de opciones de empresas de talla peque\u00f1a hasta transaccionales, que ofrecen servicios de transporte terrestre con el objetivo de satisfacer las necesidades log\u00edsticas de las compa\u00f1\u00edas. Sin embargo, existen riesgos a la hora de externalizar el servicio log\u00edstico de nuestra empresa. Quiz\u00e1 entre [&hellip;]<\/p>\n","protected":false},"author":4,"featured_media":1045,"comment_status":"closed","ping_status":"closed","sticky":false,"template":"","format":"standard","meta":{"footnotes":""},"categories":[16],"tags":[],"class_list":["post-1047","post","type-post","status-publish","format-standard","has-post-thumbnail","hentry","category-actualidad"],"yoast_head":"<!-- This site is optimized with the Yoast SEO plugin v27.4 - https:\/\/yoast.com\/product\/yoast-seo-wordpress\/ -->\n<title>Ventajas que tendr\u00e1 tu empresa al contar con un proveedor log\u00edstico - Cl\u00faster Log\u00edstic de Catalunya<\/title>\n<meta name=\"description\" content=\"Ventajas de contar con un proveedor log\u00edstico. Mayor calidad de atenci\u00f3n al cliente. Cuando la empresa no cuenta con su propio servicio log\u00edstico, o no\" \/>\n<meta name=\"robots\" content=\"index, follow, max-snippet:-1, max-image-preview:large, max-video-preview:-1\" \/>\n<link rel=\"canonical\" href=\"https:\/\/clusterlogistic.org\/es\/ventajas-que-tendra-tu-empresa-al-contar-con-un-proveedor-logistico\/\" \/>\n<meta property=\"og:locale\" content=\"es_ES\" \/>\n<meta property=\"og:type\" content=\"article\" \/>\n<meta property=\"og:title\" content=\"Ventajas que tendr\u00e1 tu empresa al contar con un proveedor log\u00edstico - Cl\u00faster Log\u00edstic de Catalunya\" \/>\n<meta property=\"og:description\" content=\"Ventajas de contar con un proveedor log\u00edstico. Mayor calidad de atenci\u00f3n al cliente. Cuando la empresa no cuenta con su propio servicio log\u00edstico, o no\" \/>\n<meta property=\"og:url\" content=\"https:\/\/clusterlogistic.org\/es\/ventajas-que-tendra-tu-empresa-al-contar-con-un-proveedor-logistico\/\" \/>\n<meta property=\"og:site_name\" content=\"Cl\u00faster Log\u00edstic de Catalunya\" \/>\n<meta property=\"article:published_time\" content=\"2018-11-23T23:59:14+00:00\" \/>\n<meta property=\"article:modified_time\" content=\"2018-11-24T03:35:42+00:00\" \/>\n<meta property=\"og:image\" content=\"https:\/\/clusterlogistic.org\/wp-content\/uploads\/2018\/11\/ventahas-de-contar-con-proveedor-log\u00edstico.jpg\" \/>\n\t<meta property=\"og:image:width\" content=\"369\" \/>\n\t<meta property=\"og:image:height\" content=\"136\" \/>\n\t<meta property=\"og:image:type\" content=\"image\/jpeg\" \/>\n<meta name=\"author\" content=\"Cl\u00faster Log\u00edstic de Catalunya\" \/>\n<meta name=\"twitter:card\" content=\"summary_large_image\" \/>\n<meta name=\"twitter:creator\" content=\"@LogisticCluster\" \/>\n<meta name=\"twitter:label1\" content=\"Escrito por\" \/>\n\t<meta name=\"twitter:data1\" content=\"Cl\u00faster Log\u00edstic de Catalunya\" \/>\n\t<meta name=\"twitter:label2\" content=\"Tiempo de lectura\" \/>\n\t<meta name=\"twitter:data2\" content=\"2 minutos\" \/>\n<script type=\"application\/ld+json\" class=\"yoast-schema-graph\">{\"@context\":\"https:\\\/\\\/schema.org\",\"@graph\":[{\"@type\":\"Article\",\"@id\":\"https:\\\/\\\/clusterlogistic.org\\\/es\\\/ventajas-que-tendra-tu-empresa-al-contar-con-un-proveedor-logistico\\\/#article\",\"isPartOf\":{\"@id\":\"https:\\\/\\\/clusterlogistic.org\\\/es\\\/ventajas-que-tendra-tu-empresa-al-contar-con-un-proveedor-logistico\\\/\"},\"author\":{\"name\":\"Cl\u00faster Log\u00edstic de Catalunya\",\"@id\":\"https:\\\/\\\/clusterlogistic.org\\\/es\\\/#\\\/schema\\\/person\\\/2b5a7fc3df89c3bcb0dc3979b0559a05\"},\"headline\":\"Ventajas que tendr\u00e1 tu empresa al contar con un proveedor log\u00edstico\",\"datePublished\":\"2018-11-23T23:59:14+00:00\",\"dateModified\":\"2018-11-24T03:35:42+00:00\",\"mainEntityOfPage\":{\"@id\":\"https:\\\/\\\/clusterlogistic.org\\\/es\\\/ventajas-que-tendra-tu-empresa-al-contar-con-un-proveedor-logistico\\\/\"},\"wordCount\":348,\"publisher\":{\"@id\":\"https:\\\/\\\/clusterlogistic.org\\\/es\\\/#organization\"},\"image\":{\"@id\":\"https:\\\/\\\/clusterlogistic.org\\\/es\\\/ventajas-que-tendra-tu-empresa-al-contar-con-un-proveedor-logistico\\\/#primaryimage\"},\"thumbnailUrl\":\"https:\\\/\\\/clusterlogistic.org\\\/wp-content\\\/uploads\\\/2018\\\/11\\\/ventahas-de-contar-con-proveedor-log\u00edstico.jpg\",\"articleSection\":[\"Actualidad\"],\"inLanguage\":\"es\"},{\"@type\":\"WebPage\",\"@id\":\"https:\\\/\\\/clusterlogistic.org\\\/es\\\/ventajas-que-tendra-tu-empresa-al-contar-con-un-proveedor-logistico\\\/\",\"url\":\"https:\\\/\\\/clusterlogistic.org\\\/es\\\/ventajas-que-tendra-tu-empresa-al-contar-con-un-proveedor-logistico\\\/\",\"name\":\"Ventajas que tendr\u00e1 tu empresa al contar con un proveedor log\u00edstico - Cl\u00faster Log\u00edstic de Catalunya\",\"isPartOf\":{\"@id\":\"https:\\\/\\\/clusterlogistic.org\\\/es\\\/#website\"},\"primaryImageOfPage\":{\"@id\":\"https:\\\/\\\/clusterlogistic.org\\\/es\\\/ventajas-que-tendra-tu-empresa-al-contar-con-un-proveedor-logistico\\\/#primaryimage\"},\"image\":{\"@id\":\"https:\\\/\\\/clusterlogistic.org\\\/es\\\/ventajas-que-tendra-tu-empresa-al-contar-con-un-proveedor-logistico\\\/#primaryimage\"},\"thumbnailUrl\":\"https:\\\/\\\/clusterlogistic.org\\\/wp-content\\\/uploads\\\/2018\\\/11\\\/ventahas-de-contar-con-proveedor-log\u00edstico.jpg\",\"datePublished\":\"2018-11-23T23:59:14+00:00\",\"dateModified\":\"2018-11-24T03:35:42+00:00\",\"description\":\"Ventajas de contar con un proveedor log\u00edstico. Mayor calidad de atenci\u00f3n al cliente. Cuando la empresa no cuenta con su propio servicio log\u00edstico, o no\",\"breadcrumb\":{\"@id\":\"https:\\\/\\\/clusterlogistic.org\\\/es\\\/ventajas-que-tendra-tu-empresa-al-contar-con-un-proveedor-logistico\\\/#breadcrumb\"},\"inLanguage\":\"es\",\"potentialAction\":[{\"@type\":\"ReadAction\",\"target\":[\"https:\\\/\\\/clusterlogistic.org\\\/es\\\/ventajas-que-tendra-tu-empresa-al-contar-con-un-proveedor-logistico\\\/\"]}]},{\"@type\":\"ImageObject\",\"inLanguage\":\"es\",\"@id\":\"https:\\\/\\\/clusterlogistic.org\\\/es\\\/ventajas-que-tendra-tu-empresa-al-contar-con-un-proveedor-logistico\\\/#primaryimage\",\"url\":\"https:\\\/\\\/clusterlogistic.org\\\/wp-content\\\/uploads\\\/2018\\\/11\\\/ventahas-de-contar-con-proveedor-log\u00edstico.jpg\",\"contentUrl\":\"https:\\\/\\\/clusterlogistic.org\\\/wp-content\\\/uploads\\\/2018\\\/11\\\/ventahas-de-contar-con-proveedor-log\u00edstico.jpg\",\"width\":369,\"height\":136,\"caption\":\"ventajas de contar con proveedor log\u00edstico\"},{\"@type\":\"BreadcrumbList\",\"@id\":\"https:\\\/\\\/clusterlogistic.org\\\/es\\\/ventajas-que-tendra-tu-empresa-al-contar-con-un-proveedor-logistico\\\/#breadcrumb\",\"itemListElement\":[{\"@type\":\"ListItem\",\"position\":1,\"name\":\"Portada\",\"item\":\"https:\\\/\\\/clusterlogistic.org\\\/es\\\/\"},{\"@type\":\"ListItem\",\"position\":2,\"name\":\"Ventajas que tendr\u00e1 tu empresa al contar con un proveedor log\u00edstico\"}]},{\"@type\":\"WebSite\",\"@id\":\"https:\\\/\\\/clusterlogistic.org\\\/es\\\/#website\",\"url\":\"https:\\\/\\\/clusterlogistic.org\\\/es\\\/\",\"name\":\"Cl\u00faster Log\u00edstic de Catalunya\",\"description\":\"associaci\u00f3 sense \u00e0nim de lucre\",\"publisher\":{\"@id\":\"https:\\\/\\\/clusterlogistic.org\\\/es\\\/#organization\"},\"potentialAction\":[{\"@type\":\"SearchAction\",\"target\":{\"@type\":\"EntryPoint\",\"urlTemplate\":\"https:\\\/\\\/clusterlogistic.org\\\/es\\\/?s={search_term_string}\"},\"query-input\":{\"@type\":\"PropertyValueSpecification\",\"valueRequired\":true,\"valueName\":\"search_term_string\"}}],\"inLanguage\":\"es\"},{\"@type\":\"Organization\",\"@id\":\"https:\\\/\\\/clusterlogistic.org\\\/es\\\/#organization\",\"name\":\"Cl\u00faster Log\u00edstic de Catalunya\",\"url\":\"https:\\\/\\\/clusterlogistic.org\\\/es\\\/\",\"logo\":{\"@type\":\"ImageObject\",\"inLanguage\":\"es\",\"@id\":\"https:\\\/\\\/clusterlogistic.org\\\/es\\\/#\\\/schema\\\/logo\\\/image\\\/\",\"url\":\"https:\\\/\\\/clusterlogistic.org\\\/wp-content\\\/uploads\\\/2017\\\/07\\\/cropped-Logo-CL-llegenda-gran.jpg\",\"contentUrl\":\"https:\\\/\\\/clusterlogistic.org\\\/wp-content\\\/uploads\\\/2017\\\/07\\\/cropped-Logo-CL-llegenda-gran.jpg\",\"width\":512,\"height\":512,\"caption\":\"Cl\u00faster Log\u00edstic de Catalunya\"},\"image\":{\"@id\":\"https:\\\/\\\/clusterlogistic.org\\\/es\\\/#\\\/schema\\\/logo\\\/image\\\/\"}},{\"@type\":\"Person\",\"@id\":\"https:\\\/\\\/clusterlogistic.org\\\/es\\\/#\\\/schema\\\/person\\\/2b5a7fc3df89c3bcb0dc3979b0559a05\",\"name\":\"Cl\u00faster Log\u00edstic de Catalunya\",\"image\":{\"@type\":\"ImageObject\",\"inLanguage\":\"es\",\"@id\":\"https:\\\/\\\/secure.gravatar.com\\\/avatar\\\/f9856af336aae8848d84d8a6016489d03e1f9562478561f9b86cb8c287ba12a2?s=96&d=mm&r=g\",\"url\":\"https:\\\/\\\/secure.gravatar.com\\\/avatar\\\/f9856af336aae8848d84d8a6016489d03e1f9562478561f9b86cb8c287ba12a2?s=96&d=mm&r=g\",\"contentUrl\":\"https:\\\/\\\/secure.gravatar.com\\\/avatar\\\/f9856af336aae8848d84d8a6016489d03e1f9562478561f9b86cb8c287ba12a2?s=96&d=mm&r=g\",\"caption\":\"Cl\u00faster Log\u00edstic de Catalunya\"},\"description\":\"Alineem estrat\u00e8gies i sumem esfor\u00e7os per potenciar l'activitat industrial a les pimes | Alineamos estrategias y sumamos esfuerzos para potenciar la actividad industrial en las pymes.\",\"sameAs\":[\"https:\\\/\\\/x.com\\\/LogisticCluster\"],\"url\":\"https:\\\/\\\/clusterlogistic.org\\\/es\\\/author\\\/guacimarapimec\\\/\"}]}<\/script>\n<!-- \/ Yoast SEO plugin. -->","yoast_head_json":{"title":"Ventajas que tendr\u00e1 tu empresa al contar con un proveedor log\u00edstico - Cl\u00faster Log\u00edstic de Catalunya","description":"Ventajas de contar con un proveedor log\u00edstico. Mayor calidad de atenci\u00f3n al cliente. Cuando la empresa no cuenta con su propio servicio log\u00edstico, o no","robots":{"index":"index","follow":"follow","max-snippet":"max-snippet:-1","max-image-preview":"max-image-preview:large","max-video-preview":"max-video-preview:-1"},"canonical":"https:\/\/clusterlogistic.org\/es\/ventajas-que-tendra-tu-empresa-al-contar-con-un-proveedor-logistico\/","og_locale":"es_ES","og_type":"article","og_title":"Ventajas que tendr\u00e1 tu empresa al contar con un proveedor log\u00edstico - Cl\u00faster Log\u00edstic de Catalunya","og_description":"Ventajas de contar con un proveedor log\u00edstico. Mayor calidad de atenci\u00f3n al cliente. Cuando la empresa no cuenta con su propio servicio log\u00edstico, o no","og_url":"https:\/\/clusterlogistic.org\/es\/ventajas-que-tendra-tu-empresa-al-contar-con-un-proveedor-logistico\/","og_site_name":"Cl\u00faster Log\u00edstic de Catalunya","article_published_time":"2018-11-23T23:59:14+00:00","article_modified_time":"2018-11-24T03:35:42+00:00","og_image":[{"width":369,"height":136,"url":"https:\/\/clusterlogistic.org\/wp-content\/uploads\/2018\/11\/ventahas-de-contar-con-proveedor-log\u00edstico.jpg","type":"image\/jpeg"}],"author":"Cl\u00faster Log\u00edstic de Catalunya","twitter_card":"summary_large_image","twitter_creator":"@LogisticCluster","twitter_misc":{"Escrito por":"Cl\u00faster Log\u00edstic de Catalunya","Tiempo de lectura":"2 minutos"},"schema":{"@context":"https:\/\/schema.org","@graph":[{"@type":"Article","@id":"https:\/\/clusterlogistic.org\/es\/ventajas-que-tendra-tu-empresa-al-contar-con-un-proveedor-logistico\/#article","isPartOf":{"@id":"https:\/\/clusterlogistic.org\/es\/ventajas-que-tendra-tu-empresa-al-contar-con-un-proveedor-logistico\/"},"author":{"name":"Cl\u00faster Log\u00edstic de Catalunya","@id":"https:\/\/clusterlogistic.org\/es\/#\/schema\/person\/2b5a7fc3df89c3bcb0dc3979b0559a05"},"headline":"Ventajas que tendr\u00e1 tu empresa al contar con un proveedor log\u00edstico","datePublished":"2018-11-23T23:59:14+00:00","dateModified":"2018-11-24T03:35:42+00:00","mainEntityOfPage":{"@id":"https:\/\/clusterlogistic.org\/es\/ventajas-que-tendra-tu-empresa-al-contar-con-un-proveedor-logistico\/"},"wordCount":348,"publisher":{"@id":"https:\/\/clusterlogistic.org\/es\/#organization"},"image":{"@id":"https:\/\/clusterlogistic.org\/es\/ventajas-que-tendra-tu-empresa-al-contar-con-un-proveedor-logistico\/#primaryimage"},"thumbnailUrl":"https:\/\/clusterlogistic.org\/wp-content\/uploads\/2018\/11\/ventahas-de-contar-con-proveedor-log\u00edstico.jpg","articleSection":["Actualidad"],"inLanguage":"es"},{"@type":"WebPage","@id":"https:\/\/clusterlogistic.org\/es\/ventajas-que-tendra-tu-empresa-al-contar-con-un-proveedor-logistico\/","url":"https:\/\/clusterlogistic.org\/es\/ventajas-que-tendra-tu-empresa-al-contar-con-un-proveedor-logistico\/","name":"Ventajas que tendr\u00e1 tu empresa al contar con un proveedor log\u00edstico - Cl\u00faster Log\u00edstic de Catalunya","isPartOf":{"@id":"https:\/\/clusterlogistic.org\/es\/#website"},"primaryImageOfPage":{"@id":"https:\/\/clusterlogistic.org\/es\/ventajas-que-tendra-tu-empresa-al-contar-con-un-proveedor-logistico\/#primaryimage"},"image":{"@id":"https:\/\/clusterlogistic.org\/es\/ventajas-que-tendra-tu-empresa-al-contar-con-un-proveedor-logistico\/#primaryimage"},"thumbnailUrl":"https:\/\/clusterlogistic.org\/wp-content\/uploads\/2018\/11\/ventahas-de-contar-con-proveedor-log\u00edstico.jpg","datePublished":"2018-11-23T23:59:14+00:00","dateModified":"2018-11-24T03:35:42+00:00","description":"Ventajas de contar con un proveedor log\u00edstico. Mayor calidad de atenci\u00f3n al cliente. Cuando la empresa no cuenta con su propio servicio log\u00edstico, o no","breadcrumb":{"@id":"https:\/\/clusterlogistic.org\/es\/ventajas-que-tendra-tu-empresa-al-contar-con-un-proveedor-logistico\/#breadcrumb"},"inLanguage":"es","potentialAction":[{"@type":"ReadAction","target":["https:\/\/clusterlogistic.org\/es\/ventajas-que-tendra-tu-empresa-al-contar-con-un-proveedor-logistico\/"]}]},{"@type":"ImageObject","inLanguage":"es","@id":"https:\/\/clusterlogistic.org\/es\/ventajas-que-tendra-tu-empresa-al-contar-con-un-proveedor-logistico\/#primaryimage","url":"https:\/\/clusterlogistic.org\/wp-content\/uploads\/2018\/11\/ventahas-de-contar-con-proveedor-log\u00edstico.jpg","contentUrl":"https:\/\/clusterlogistic.org\/wp-content\/uploads\/2018\/11\/ventahas-de-contar-con-proveedor-log\u00edstico.jpg","width":369,"height":136,"caption":"ventajas de contar con proveedor log\u00edstico"},{"@type":"BreadcrumbList","@id":"https:\/\/clusterlogistic.org\/es\/ventajas-que-tendra-tu-empresa-al-contar-con-un-proveedor-logistico\/#breadcrumb","itemListElement":[{"@type":"ListItem","position":1,"name":"Portada","item":"https:\/\/clusterlogistic.org\/es\/"},{"@type":"ListItem","position":2,"name":"Ventajas que tendr\u00e1 tu empresa al contar con un proveedor log\u00edstico"}]},{"@type":"WebSite","@id":"https:\/\/clusterlogistic.org\/es\/#website","url":"https:\/\/clusterlogistic.org\/es\/","name":"Cl\u00faster Log\u00edstic de Catalunya","description":"associaci\u00f3 sense \u00e0nim de lucre","publisher":{"@id":"https:\/\/clusterlogistic.org\/es\/#organization"},"potentialAction":[{"@type":"SearchAction","target":{"@type":"EntryPoint","urlTemplate":"https:\/\/clusterlogistic.org\/es\/?s={search_term_string}"},"query-input":{"@type":"PropertyValueSpecification","valueRequired":true,"valueName":"search_term_string"}}],"inLanguage":"es"},{"@type":"Organization","@id":"https:\/\/clusterlogistic.org\/es\/#organization","name":"Cl\u00faster Log\u00edstic de Catalunya","url":"https:\/\/clusterlogistic.org\/es\/","logo":{"@type":"ImageObject","inLanguage":"es","@id":"https:\/\/clusterlogistic.org\/es\/#\/schema\/logo\/image\/","url":"https:\/\/clusterlogistic.org\/wp-content\/uploads\/2017\/07\/cropped-Logo-CL-llegenda-gran.jpg","contentUrl":"https:\/\/clusterlogistic.org\/wp-content\/uploads\/2017\/07\/cropped-Logo-CL-llegenda-gran.jpg","width":512,"height":512,"caption":"Cl\u00faster Log\u00edstic de Catalunya"},"image":{"@id":"https:\/\/clusterlogistic.org\/es\/#\/schema\/logo\/image\/"}},{"@type":"Person","@id":"https:\/\/clusterlogistic.org\/es\/#\/schema\/person\/2b5a7fc3df89c3bcb0dc3979b0559a05","name":"Cl\u00faster Log\u00edstic de Catalunya","image":{"@type":"ImageObject","inLanguage":"es","@id":"https:\/\/secure.gravatar.com\/avatar\/f9856af336aae8848d84d8a6016489d03e1f9562478561f9b86cb8c287ba12a2?s=96&d=mm&r=g","url":"https:\/\/secure.gravatar.com\/avatar\/f9856af336aae8848d84d8a6016489d03e1f9562478561f9b86cb8c287ba12a2?s=96&d=mm&r=g","contentUrl":"https:\/\/secure.gravatar.com\/avatar\/f9856af336aae8848d84d8a6016489d03e1f9562478561f9b86cb8c287ba12a2?s=96&d=mm&r=g","caption":"Cl\u00faster Log\u00edstic de Catalunya"},"description":"Alineem estrat\u00e8gies i sumem esfor\u00e7os per potenciar l'activitat industrial a les pimes | Alineamos estrategias y sumamos esfuerzos para potenciar la actividad industrial en las pymes.","sameAs":["https:\/\/x.com\/LogisticCluster"],"url":"https:\/\/clusterlogistic.org\/es\/author\/guacimarapimec\/"}]}},"_links":{"self":[{"href":"https:\/\/clusterlogistic.org\/es\/wp-json\/wp\/v2\/posts\/1047","targetHints":{"allow":["GET"]}}],"collection":[{"href":"https:\/\/clusterlogistic.org\/es\/wp-json\/wp\/v2\/posts"}],"about":[{"href":"https:\/\/clusterlogistic.org\/es\/wp-json\/wp\/v2\/types\/post"}],"author":[{"embeddable":true,"href":"https:\/\/clusterlogistic.org\/es\/wp-json\/wp\/v2\/users\/4"}],"replies":[{"embeddable":true,"href":"https:\/\/clusterlogistic.org\/es\/wp-json\/wp\/v2\/comments?post=1047"}],"version-history":[{"count":1,"href":"https:\/\/clusterlogistic.org\/es\/wp-json\/wp\/v2\/posts\/1047\/revisions"}],"predecessor-version":[{"id":1048,"href":"https:\/\/clusterlogistic.org\/es\/wp-json\/wp\/v2\/posts\/1047\/revisions\/1048"}],"wp:featuredmedia":[{"embeddable":true,"href":"https:\/\/clusterlogistic.org\/es\/wp-json\/wp\/v2\/media\/1045"}],"wp:attachment":[{"href":"https:\/\/clusterlogistic.org\/es\/wp-json\/wp\/v2\/media?parent=1047"}],"wp:term":[{"taxonomy":"category","embeddable":true,"href":"https:\/\/clusterlogistic.org\/es\/wp-json\/wp\/v2\/categories?post=1047"},{"taxonomy":"post_tag","embeddable":true,"href":"https:\/\/clusterlogistic.org\/es\/wp-json\/wp\/v2\/tags?post=1047"}],"curies":[{"name":"wp","href":"https:\/\/api.w.org\/{rel}","templated":true}]}}