{"id":10735,"date":"2026-08-28T08:01:30","date_gmt":"2026-08-28T06:01:30","guid":{"rendered":"https:\/\/clusterlogistic.org\/?p=10735"},"modified":"2026-09-01T10:47:39","modified_gmt":"2026-09-01T08:47:39","slug":"el-aeropuerto-de-girona-entre-la-caida-del-pasaje-y-la-capacidad-disponible","status":"publish","type":"post","link":"https:\/\/clusterlogistic.org\/es\/el-aeropuerto-de-girona-entre-la-caida-del-pasaje-y-la-capacidad-disponible\/","title":{"rendered":"El aeropuerto de Girona, entre la ca\u00edda del pasaje y la capacidad disponible"},"content":{"rendered":"<p class=\"font-claude-response-body break-words whitespace-normal\" dir=\"ltr\" data-sourcepos=\"3:1-3:362;105-466\"><strong>Los datos de julio publicados por Aena confirman el cuarto mes consecutivo de ca\u00edda de viajeros en Girona-Costa Brava, mientras Reus firma su mejor mes de la serie hist\u00f3rica. Detr\u00e1s del contraste hay un pulso por las tasas, una infraestructura infrautilizada y una conversaci\u00f3n pendiente sobre qu\u00e9 papel juega ese aeropuerto en el sistema log\u00edstico catal\u00e1n.<\/strong><\/p>\n<p dir=\"ltr\" data-sourcepos=\"3:1-3:362;105-466\"><img loading=\"lazy\" decoding=\"async\" class=\"alignnone size-full wp-image-10736\" src=\"https:\/\/clusterlogistic.org\/wp-content\/uploads\/2026\/08\/aeropuerto-de-Girona.jpg\" alt=\"\" width=\"1000\" height=\"667\" srcset=\"https:\/\/clusterlogistic.org\/wp-content\/uploads\/2026\/08\/aeropuerto-de-Girona.jpg 1000w, https:\/\/clusterlogistic.org\/wp-content\/uploads\/2026\/08\/aeropuerto-de-Girona-300x200.jpg 300w, https:\/\/clusterlogistic.org\/wp-content\/uploads\/2026\/08\/aeropuerto-de-Girona-768x512.jpg 768w, https:\/\/clusterlogistic.org\/wp-content\/uploads\/2026\/08\/aeropuerto-de-Girona-705x470.jpg 705w\" sizes=\"auto, (max-width: 1000px) 100vw, 1000px\" \/><\/p>\n<p class=\"font-claude-response-body break-words whitespace-normal\" dir=\"ltr\" data-sourcepos=\"5:1-5:408;468-875\">El aeropuerto de Girona-Costa Brava cerr\u00f3 julio con 320.926 pasajeros, un 1,9% menos que en el mismo mes del a\u00f1o anterior, cuando fueron 327.075. Es el cuarto mes consecutivo de descensos interanuales desde abril. En los siete primeros meses del a\u00f1o han pasado por las instalaciones de Vilob\u00ed d&#8217;Onyar 1.153.755 personas, despu\u00e9s de un primer semestre que ya se hab\u00eda cerrado un 7,3% por debajo del anterior.<\/p>\n<p class=\"font-claude-response-body break-words whitespace-normal\" dir=\"ltr\" data-sourcepos=\"7:1-7:174;877-1050\">Hasta aqu\u00ed, la lectura convencional: Girona encoge. Pero el mismo bolet\u00edn contiene un dato que apunta en direcci\u00f3n contraria y que merece m\u00e1s atenci\u00f3n de la que ha recibido.<\/p>\n<h2 class=\"mt-3 -mb-1 text-[1.125rem] font-bold\" dir=\"ltr\" data-sourcepos=\"9:1-9:35;1052-1086\">Menos viajeros, m\u00e1s movimientos<\/h2>\n<p class=\"font-claude-response-body break-words whitespace-normal\" dir=\"ltr\" data-sourcepos=\"11:1-11:205;1088-1292\">En julio se registraron 3.553 despegues y aterrizajes, un 9% m\u00e1s que los 3.261 de un a\u00f1o antes. Y desde enero el aeropuerto ha superado las 17.000 operaciones, un 6,5% m\u00e1s que en el mismo periodo de 2025.<\/p>\n<p class=\"font-claude-response-body break-words whitespace-normal\" dir=\"ltr\" data-sourcepos=\"13:1-13:436;1294-1729\">Es decir: menos pasajeros y m\u00e1s vuelos. La combinaci\u00f3n indica un cambio de composici\u00f3n del tr\u00e1fico, no solo una contracci\u00f3n. Aviones m\u00e1s peque\u00f1os o menos llenos, m\u00e1s aviaci\u00f3n general, escuela de vuelo, ejecutiva y ch\u00e1rter, y menos flujo masivo de bajo coste en las rutas troncales. Una infraestructura que trabaja m\u00e1s horas para mover menos gente es, financieramente, un problema; operativamente, es otra cosa: es capacidad disponible.<\/p>\n<h2 class=\"mt-3 -mb-1 text-[1.125rem] font-bold\" dir=\"ltr\" data-sourcepos=\"15:1-15:21;1731-1751\">El factor Ryanair<\/h2>\n<p class=\"font-claude-response-body break-words whitespace-normal\" dir=\"ltr\" data-sourcepos=\"17:1-17:402;1753-2154\">El origen del retroceso es conocido. Ryanair concentra la gran mayor\u00eda del tr\u00e1fico de Vilob\u00ed y anunci\u00f3 el pasado 5 de marzo un recorte de capacidad de alrededor del 11% para la temporada de verano, equivalente a unos 240.000 asientos. La compa\u00f1\u00eda enmarc\u00f3 la decisi\u00f3n en su pulso con Aena por las tasas aeroportuarias y en su rechazo frontal a la propuesta del gestor para el nuevo periodo regulatorio.<\/p>\n<p class=\"font-claude-response-body break-words whitespace-normal\" dir=\"ltr\" data-sourcepos=\"19:1-19:589;2156-2744\">El pulso no es exclusivo de Girona: la aerol\u00ednea ha retirado m\u00e1s de 1,2 millones de plazas del conjunto de aeropuertos regionales espa\u00f1oles en los \u00faltimos ejercicios. Pero en Girona el efecto es m\u00e1s visible porque la dependencia de un solo operador es casi total, y porque la Costa Brava utiliza ese aeropuerto como puerta de entrada principal de los mercados brit\u00e1nico, alem\u00e1n y n\u00f3rdico. En julio, de hecho, el Reino Unido sigui\u00f3 siendo el primer origen con 99.462 pasajeros, un 8,7% m\u00e1s, seguido de Alemania con 42.633: la demanda existe, la oferta de asientos es la que se ha reducido.<\/p>\n<p class=\"font-claude-response-body break-words whitespace-normal\" dir=\"ltr\" data-sourcepos=\"21:1-21:301;2746-3046\">El contraste con el resto de la red catalana afila el diagn\u00f3stico. Reus cerr\u00f3 julio con 235.986 viajeros, un 6,1% m\u00e1s, y firm\u00f3 el mejor mes de toda su serie hist\u00f3rica, superando el m\u00e1ximo anterior de agosto de 2025. El Prat movi\u00f3 5.871.137 pasajeros, un 6% m\u00e1s. La ca\u00edda no es catalana: es de Girona.<\/p>\n<h2 class=\"mt-3 -mb-1 text-[1.125rem] font-bold\" dir=\"ltr\" data-sourcepos=\"23:1-23:54;3048-3101\">La pregunta que le corresponde al sector log\u00edstico<\/h2>\n<p class=\"font-claude-response-body break-words whitespace-normal\" dir=\"ltr\" data-sourcepos=\"25:1-25:130;3103-3232\">Aqu\u00ed es donde la conversaci\u00f3n puede salir del debate tur\u00edstico, que est\u00e1 bloqueado desde hace a\u00f1os, y entrar en terreno m\u00e1s \u00fatil.<\/p>\n<p class=\"font-claude-response-body break-words whitespace-normal\" dir=\"ltr\" data-sourcepos=\"27:1-27:422;3234-3655\">Girona dispone de una pista larga, capacidad de handling sobrada, suelo aeroportuario disponible y una posici\u00f3n privilegiada: junto a la AP-7 y el corredor hacia Francia, en el eje que conecta el \u00e1rea metropolitana con la frontera. A pocos kil\u00f3metros, en Vilamalla, avanza la terminal intermodal con proyecto constructivo para implantar el ancho internacional, la m\u00e1s adelantada de las cuatro que Cimalsa tiene previstas.<\/p>\n<p class=\"font-claude-response-body break-words whitespace-normal\" dir=\"ltr\" data-sourcepos=\"29:1-29:428;3657-4084\">Sobre el papel, es la combinaci\u00f3n que cualquier promotor log\u00edstico buscar\u00eda: pista infrautilizada, ferrocarril en ancho UIC a corta distancia, autopista y suelo. El propio gestor aeroportuario lleva tiempo trabajando en una estrategia comercial e inmobiliaria para ampliar hangares e incorporar nuevas actividades log\u00edsticas, adem\u00e1s de impulsar el transporte de carga, un segmento que en Girona ha sido hist\u00f3ricamente residual.<\/p>\n<p class=\"font-claude-response-body break-words whitespace-normal\" dir=\"ltr\" data-sourcepos=\"31:1-31:572;4086-4657\">La conversaci\u00f3n pendiente es si ese impulso merece dejar de ser una l\u00ednea en un plan director. La carga a\u00e9rea catalana crece con fuerza, pero lo hace concentrada en El Prat, con las limitaciones de espacio que eso implica y con un aeropuerto que compite por cada metro cuadrado entre pasaje, carga y servicios. Una parte de ese tr\u00e1fico \u2014el que no necesita conexi\u00f3n intercontinental directa, el que trabaja con cami\u00f3n hacia Europa, el ch\u00e1rter de mercanc\u00eda o el segmento express\u2014 podr\u00eda plantearse en otra ubicaci\u00f3n si existiera la infraestructura y el incentivo tarifario.<\/p>\n<h2 class=\"mt-3 -mb-1 text-[1.125rem] font-bold\" dir=\"ltr\" data-sourcepos=\"33:1-33:37;4659-4695\">Y el AVE, siempre en el horizonte<\/h2>\n<p class=\"font-claude-response-body break-words whitespace-normal\" dir=\"ltr\" data-sourcepos=\"35:1-35:457;4697-5153\">El otro elemento que reordenar\u00eda la ecuaci\u00f3n es la futura estaci\u00f3n de alta velocidad en el propio aeropuerto, cuyo estudio informativo se aprob\u00f3 en febrero de 2025 con un coste estimado de 126,7 millones de euros y una previsi\u00f3n de unos 3,1 millones de usuarios. Con ella, Girona dejar\u00eda de ser un aeropuerto local para convertirse en una alternativa real y complementaria a El Prat, con acceso r\u00e1pido a Barcelona y captaci\u00f3n de demanda del sur de Francia.<\/p>\n<p class=\"font-claude-response-body break-words whitespace-normal\" dir=\"ltr\" data-sourcepos=\"37:1-37:25;5155-5179\">Sigue sin fecha de obra.<\/p>\n<h2 class=\"mt-3 -mb-1 text-[1.125rem] font-bold\" dir=\"ltr\" data-sourcepos=\"39:1-39:32;5181-5212\">Un activo esperando decisi\u00f3n<\/h2>\n<p class=\"font-claude-response-body break-words whitespace-normal\" dir=\"ltr\" data-sourcepos=\"41:1-41:350;5214-5563\">El resumen de julio es que Girona tiene menos pasajeros que hace un a\u00f1o, m\u00e1s operaciones que hace un a\u00f1o y ninguna definici\u00f3n estrat\u00e9gica clara sobre qu\u00e9 debe ser dentro de diez. Mientras el debate siga siendo \u00fanicamente cu\u00e1ntos turistas aterrizan cada verano y a qu\u00e9 precio, seguir\u00e1 dependiendo de las decisiones comerciales que se tomen en Dubl\u00edn.<\/p>\n<p class=\"font-claude-response-body break-words whitespace-normal\" dir=\"ltr\" data-sourcepos=\"43:1-43:250;5565-5814\">Catalu\u00f1a tiene un aeropuerto con capacidad ociosa, un nodo ferroviario en ancho internacional creciendo a veinte minutos y una demanda log\u00edstica que no encuentra suelo cerca de Barcelona. Ser\u00eda raro que esas tres frases no acabaran en la misma mesa.<\/p>\n","protected":false},"excerpt":{"rendered":"<p>Los datos de julio publicados por Aena confirman el cuarto mes consecutivo de ca\u00edda de viajeros en Girona-Costa Brava, mientras Reus firma su mejor mes de la serie hist\u00f3rica. Detr\u00e1s del contraste hay un pulso por las tasas, una infraestructura infrautilizada y una conversaci\u00f3n pendiente sobre qu\u00e9 papel juega ese aeropuerto en el sistema log\u00edstico [&hellip;]<\/p>\n","protected":false},"author":3,"featured_media":10736,"comment_status":"closed","ping_status":"closed","sticky":false,"template":"","format":"standard","meta":{"footnotes":""},"categories":[16],"tags":[],"class_list":["post-10735","post","type-post","status-publish","format-standard","has-post-thumbnail","hentry","category-actualidad"],"yoast_head":"<!-- This site is optimized with the Yoast SEO plugin v28.2 - https:\/\/yoast.com\/product\/yoast-seo-wordpress\/ -->\n<title>El aeropuerto de Girona, entre la ca\u00edda del pasaje y la capacidad disponible - Cl\u00faster Log\u00edstic de Catalunya<\/title>\n<meta name=\"robots\" content=\"index, follow, max-snippet:-1, max-image-preview:large, max-video-preview:-1\" \/>\n<link rel=\"canonical\" href=\"https:\/\/clusterlogistic.org\/es\/el-aeropuerto-de-girona-entre-la-caida-del-pasaje-y-la-capacidad-disponible\/\" \/>\n<meta property=\"og:locale\" content=\"es_ES\" \/>\n<meta property=\"og:type\" content=\"article\" \/>\n<meta property=\"og:title\" content=\"El aeropuerto de Girona, entre la ca\u00edda del pasaje y la capacidad disponible - Cl\u00faster Log\u00edstic de Catalunya\" \/>\n<meta property=\"og:description\" content=\"Los datos de julio publicados por Aena confirman el cuarto mes consecutivo de ca\u00edda de viajeros en Girona-Costa Brava, mientras Reus firma su mejor mes de la serie hist\u00f3rica. Detr\u00e1s del contraste hay un pulso por las tasas, una infraestructura infrautilizada y una conversaci\u00f3n pendiente sobre qu\u00e9 papel juega ese aeropuerto en el sistema log\u00edstico [&hellip;]\" \/>\n<meta property=\"og:url\" content=\"https:\/\/clusterlogistic.org\/es\/el-aeropuerto-de-girona-entre-la-caida-del-pasaje-y-la-capacidad-disponible\/\" \/>\n<meta property=\"og:site_name\" content=\"Cl\u00faster Log\u00edstic de Catalunya\" \/>\n<meta property=\"article:published_time\" content=\"2026-08-28T06:01:30+00:00\" \/>\n<meta property=\"article:modified_time\" content=\"2026-09-01T08:47:39+00:00\" \/>\n<meta property=\"og:image\" content=\"https:\/\/clusterlogistic.org\/wp-content\/uploads\/2026\/08\/aeropuerto-de-Girona.jpg\" \/>\n\t<meta property=\"og:image:width\" content=\"1000\" \/>\n\t<meta property=\"og:image:height\" content=\"667\" \/>\n\t<meta property=\"og:image:type\" content=\"image\/jpeg\" \/>\n<meta name=\"author\" content=\"Cl\u00faster Log\u00edstic de Catalunya\" \/>\n<meta name=\"twitter:card\" content=\"summary_large_image\" \/>\n<meta name=\"twitter:label1\" content=\"Escrito por\" \/>\n\t<meta name=\"twitter:data1\" content=\"Cl\u00faster Log\u00edstic de Catalunya\" \/>\n\t<meta name=\"twitter:label2\" content=\"Tiempo de lectura\" \/>\n\t<meta name=\"twitter:data2\" content=\"6 minutos\" \/>\n<script type=\"application\/ld+json\" class=\"yoast-schema-graph\">{\"@context\":\"https:\\\/\\\/schema.org\",\"@graph\":[{\"@type\":\"Article\",\"@id\":\"https:\\\/\\\/clusterlogistic.org\\\/es\\\/el-aeropuerto-de-girona-entre-la-caida-del-pasaje-y-la-capacidad-disponible\\\/#article\",\"isPartOf\":{\"@id\":\"https:\\\/\\\/clusterlogistic.org\\\/es\\\/el-aeropuerto-de-girona-entre-la-caida-del-pasaje-y-la-capacidad-disponible\\\/\"},\"author\":{\"name\":\"Cl\u00faster Log\u00edstic de Catalunya\",\"@id\":\"https:\\\/\\\/clusterlogistic.org\\\/es\\\/#\\\/schema\\\/person\\\/2f968404d010f4cfb1fb1faa4cc8cd64\"},\"headline\":\"El aeropuerto de Girona, entre la ca\u00edda del pasaje y la capacidad disponible\",\"datePublished\":\"2026-08-28T06:01:30+00:00\",\"dateModified\":\"2026-09-01T08:47:39+00:00\",\"mainEntityOfPage\":{\"@id\":\"https:\\\/\\\/clusterlogistic.org\\\/es\\\/el-aeropuerto-de-girona-entre-la-caida-del-pasaje-y-la-capacidad-disponible\\\/\"},\"wordCount\":1007,\"publisher\":{\"@id\":\"https:\\\/\\\/clusterlogistic.org\\\/es\\\/#organization\"},\"image\":{\"@id\":\"https:\\\/\\\/clusterlogistic.org\\\/es\\\/el-aeropuerto-de-girona-entre-la-caida-del-pasaje-y-la-capacidad-disponible\\\/#primaryimage\"},\"thumbnailUrl\":\"https:\\\/\\\/clusterlogistic.org\\\/wp-content\\\/uploads\\\/2026\\\/08\\\/aeropuerto-de-Girona.jpg\",\"articleSection\":[\"Actualidad\"],\"inLanguage\":\"es\"},{\"@type\":\"WebPage\",\"@id\":\"https:\\\/\\\/clusterlogistic.org\\\/es\\\/el-aeropuerto-de-girona-entre-la-caida-del-pasaje-y-la-capacidad-disponible\\\/\",\"url\":\"https:\\\/\\\/clusterlogistic.org\\\/es\\\/el-aeropuerto-de-girona-entre-la-caida-del-pasaje-y-la-capacidad-disponible\\\/\",\"name\":\"El aeropuerto de Girona, entre la ca\u00edda del pasaje y la capacidad disponible - Cl\u00faster Log\u00edstic de Catalunya\",\"isPartOf\":{\"@id\":\"https:\\\/\\\/clusterlogistic.org\\\/es\\\/#website\"},\"primaryImageOfPage\":{\"@id\":\"https:\\\/\\\/clusterlogistic.org\\\/es\\\/el-aeropuerto-de-girona-entre-la-caida-del-pasaje-y-la-capacidad-disponible\\\/#primaryimage\"},\"image\":{\"@id\":\"https:\\\/\\\/clusterlogistic.org\\\/es\\\/el-aeropuerto-de-girona-entre-la-caida-del-pasaje-y-la-capacidad-disponible\\\/#primaryimage\"},\"thumbnailUrl\":\"https:\\\/\\\/clusterlogistic.org\\\/wp-content\\\/uploads\\\/2026\\\/08\\\/aeropuerto-de-Girona.jpg\",\"datePublished\":\"2026-08-28T06:01:30+00:00\",\"dateModified\":\"2026-09-01T08:47:39+00:00\",\"breadcrumb\":{\"@id\":\"https:\\\/\\\/clusterlogistic.org\\\/es\\\/el-aeropuerto-de-girona-entre-la-caida-del-pasaje-y-la-capacidad-disponible\\\/#breadcrumb\"},\"inLanguage\":\"es\",\"potentialAction\":[{\"@type\":\"ReadAction\",\"target\":[\"https:\\\/\\\/clusterlogistic.org\\\/es\\\/el-aeropuerto-de-girona-entre-la-caida-del-pasaje-y-la-capacidad-disponible\\\/\"]}]},{\"@type\":\"ImageObject\",\"inLanguage\":\"es\",\"@id\":\"https:\\\/\\\/clusterlogistic.org\\\/es\\\/el-aeropuerto-de-girona-entre-la-caida-del-pasaje-y-la-capacidad-disponible\\\/#primaryimage\",\"url\":\"https:\\\/\\\/clusterlogistic.org\\\/wp-content\\\/uploads\\\/2026\\\/08\\\/aeropuerto-de-Girona.jpg\",\"contentUrl\":\"https:\\\/\\\/clusterlogistic.org\\\/wp-content\\\/uploads\\\/2026\\\/08\\\/aeropuerto-de-Girona.jpg\",\"width\":1000,\"height\":667},{\"@type\":\"BreadcrumbList\",\"@id\":\"https:\\\/\\\/clusterlogistic.org\\\/es\\\/el-aeropuerto-de-girona-entre-la-caida-del-pasaje-y-la-capacidad-disponible\\\/#breadcrumb\",\"itemListElement\":[{\"@type\":\"ListItem\",\"position\":1,\"name\":\"Portada\",\"item\":\"https:\\\/\\\/clusterlogistic.org\\\/es\\\/\"},{\"@type\":\"ListItem\",\"position\":2,\"name\":\"El aeropuerto de Girona, entre la ca\u00edda del pasaje y la capacidad disponible\"}]},{\"@type\":\"WebSite\",\"@id\":\"https:\\\/\\\/clusterlogistic.org\\\/es\\\/#website\",\"url\":\"https:\\\/\\\/clusterlogistic.org\\\/es\\\/\",\"name\":\"Cl\u00faster Log\u00edstic de Catalunya\",\"description\":\"associaci\u00f3 sense \u00e0nim de lucre\",\"publisher\":{\"@id\":\"https:\\\/\\\/clusterlogistic.org\\\/es\\\/#organization\"},\"potentialAction\":[{\"@type\":\"SearchAction\",\"target\":{\"@type\":\"EntryPoint\",\"urlTemplate\":\"https:\\\/\\\/clusterlogistic.org\\\/es\\\/?s={search_term_string}\"},\"query-input\":{\"@type\":\"PropertyValueSpecification\",\"valueRequired\":true,\"valueName\":\"search_term_string\"}}],\"inLanguage\":\"es\"},{\"@type\":\"Organization\",\"@id\":\"https:\\\/\\\/clusterlogistic.org\\\/es\\\/#organization\",\"name\":\"Cl\u00faster Log\u00edstic de Catalunya\",\"url\":\"https:\\\/\\\/clusterlogistic.org\\\/es\\\/\",\"logo\":{\"@type\":\"ImageObject\",\"inLanguage\":\"es\",\"@id\":\"https:\\\/\\\/clusterlogistic.org\\\/es\\\/#\\\/schema\\\/logo\\\/image\\\/\",\"url\":\"https:\\\/\\\/clusterlogistic.org\\\/wp-content\\\/uploads\\\/2017\\\/07\\\/cropped-Logo-CL-llegenda-gran.jpg\",\"contentUrl\":\"https:\\\/\\\/clusterlogistic.org\\\/wp-content\\\/uploads\\\/2017\\\/07\\\/cropped-Logo-CL-llegenda-gran.jpg\",\"width\":512,\"height\":512,\"caption\":\"Cl\u00faster Log\u00edstic de Catalunya\"},\"image\":{\"@id\":\"https:\\\/\\\/clusterlogistic.org\\\/es\\\/#\\\/schema\\\/logo\\\/image\\\/\"}},{\"@type\":\"Person\",\"@id\":\"https:\\\/\\\/clusterlogistic.org\\\/es\\\/#\\\/schema\\\/person\\\/2f968404d010f4cfb1fb1faa4cc8cd64\",\"name\":\"Cl\u00faster Log\u00edstic de Catalunya\",\"image\":{\"@type\":\"ImageObject\",\"inLanguage\":\"es\",\"@id\":\"https:\\\/\\\/secure.gravatar.com\\\/avatar\\\/d70e6dad54fc96678ebb563883ef31c8b8b0a127bb640252f5ba3696ded226fe?s=96&d=mm&r=g\",\"url\":\"https:\\\/\\\/secure.gravatar.com\\\/avatar\\\/d70e6dad54fc96678ebb563883ef31c8b8b0a127bb640252f5ba3696ded226fe?s=96&d=mm&r=g\",\"contentUrl\":\"https:\\\/\\\/secure.gravatar.com\\\/avatar\\\/d70e6dad54fc96678ebb563883ef31c8b8b0a127bb640252f5ba3696ded226fe?s=96&d=mm&r=g\",\"caption\":\"Cl\u00faster Log\u00edstic de Catalunya\"},\"description\":\"Alineem estrat\u00e8gies i sumar esfor\u00e7os per potenciar l'activitat industrial a les pimes | Alineamos estrategias y sumar esfuerzos para potenciar la actividad industrial en las pymes.\",\"url\":\"https:\\\/\\\/clusterlogistic.org\\\/es\\\/author\\\/pilar-minguez\\\/\"}]}<\/script>\n<!-- \/ Yoast SEO plugin. -->","yoast_head_json":{"title":"El aeropuerto de Girona, entre la ca\u00edda del pasaje y la capacidad disponible - Cl\u00faster Log\u00edstic de Catalunya","robots":{"index":"index","follow":"follow","max-snippet":"max-snippet:-1","max-image-preview":"max-image-preview:large","max-video-preview":"max-video-preview:-1"},"canonical":"https:\/\/clusterlogistic.org\/es\/el-aeropuerto-de-girona-entre-la-caida-del-pasaje-y-la-capacidad-disponible\/","og_locale":"es_ES","og_type":"article","og_title":"El aeropuerto de Girona, entre la ca\u00edda del pasaje y la capacidad disponible - Cl\u00faster Log\u00edstic de Catalunya","og_description":"Los datos de julio publicados por Aena confirman el cuarto mes consecutivo de ca\u00edda de viajeros en Girona-Costa Brava, mientras Reus firma su mejor mes de la serie hist\u00f3rica. Detr\u00e1s del contraste hay un pulso por las tasas, una infraestructura infrautilizada y una conversaci\u00f3n pendiente sobre qu\u00e9 papel juega ese aeropuerto en el sistema log\u00edstico [&hellip;]","og_url":"https:\/\/clusterlogistic.org\/es\/el-aeropuerto-de-girona-entre-la-caida-del-pasaje-y-la-capacidad-disponible\/","og_site_name":"Cl\u00faster Log\u00edstic de Catalunya","article_published_time":"2026-08-28T06:01:30+00:00","article_modified_time":"2026-09-01T08:47:39+00:00","og_image":[{"width":1000,"height":667,"url":"https:\/\/clusterlogistic.org\/wp-content\/uploads\/2026\/08\/aeropuerto-de-Girona.jpg","type":"image\/jpeg"}],"author":"Cl\u00faster Log\u00edstic de Catalunya","twitter_card":"summary_large_image","twitter_misc":{"Escrito por":"Cl\u00faster Log\u00edstic de Catalunya","Tiempo de lectura":"6 minutos"},"schema":{"@context":"https:\/\/schema.org","@graph":[{"@type":"Article","@id":"https:\/\/clusterlogistic.org\/es\/el-aeropuerto-de-girona-entre-la-caida-del-pasaje-y-la-capacidad-disponible\/#article","isPartOf":{"@id":"https:\/\/clusterlogistic.org\/es\/el-aeropuerto-de-girona-entre-la-caida-del-pasaje-y-la-capacidad-disponible\/"},"author":{"name":"Cl\u00faster Log\u00edstic de Catalunya","@id":"https:\/\/clusterlogistic.org\/es\/#\/schema\/person\/2f968404d010f4cfb1fb1faa4cc8cd64"},"headline":"El aeropuerto de Girona, entre la ca\u00edda del pasaje y la capacidad disponible","datePublished":"2026-08-28T06:01:30+00:00","dateModified":"2026-09-01T08:47:39+00:00","mainEntityOfPage":{"@id":"https:\/\/clusterlogistic.org\/es\/el-aeropuerto-de-girona-entre-la-caida-del-pasaje-y-la-capacidad-disponible\/"},"wordCount":1007,"publisher":{"@id":"https:\/\/clusterlogistic.org\/es\/#organization"},"image":{"@id":"https:\/\/clusterlogistic.org\/es\/el-aeropuerto-de-girona-entre-la-caida-del-pasaje-y-la-capacidad-disponible\/#primaryimage"},"thumbnailUrl":"https:\/\/clusterlogistic.org\/wp-content\/uploads\/2026\/08\/aeropuerto-de-Girona.jpg","articleSection":["Actualidad"],"inLanguage":"es"},{"@type":"WebPage","@id":"https:\/\/clusterlogistic.org\/es\/el-aeropuerto-de-girona-entre-la-caida-del-pasaje-y-la-capacidad-disponible\/","url":"https:\/\/clusterlogistic.org\/es\/el-aeropuerto-de-girona-entre-la-caida-del-pasaje-y-la-capacidad-disponible\/","name":"El aeropuerto de Girona, entre la ca\u00edda del pasaje y la capacidad disponible - Cl\u00faster Log\u00edstic de Catalunya","isPartOf":{"@id":"https:\/\/clusterlogistic.org\/es\/#website"},"primaryImageOfPage":{"@id":"https:\/\/clusterlogistic.org\/es\/el-aeropuerto-de-girona-entre-la-caida-del-pasaje-y-la-capacidad-disponible\/#primaryimage"},"image":{"@id":"https:\/\/clusterlogistic.org\/es\/el-aeropuerto-de-girona-entre-la-caida-del-pasaje-y-la-capacidad-disponible\/#primaryimage"},"thumbnailUrl":"https:\/\/clusterlogistic.org\/wp-content\/uploads\/2026\/08\/aeropuerto-de-Girona.jpg","datePublished":"2026-08-28T06:01:30+00:00","dateModified":"2026-09-01T08:47:39+00:00","breadcrumb":{"@id":"https:\/\/clusterlogistic.org\/es\/el-aeropuerto-de-girona-entre-la-caida-del-pasaje-y-la-capacidad-disponible\/#breadcrumb"},"inLanguage":"es","potentialAction":[{"@type":"ReadAction","target":["https:\/\/clusterlogistic.org\/es\/el-aeropuerto-de-girona-entre-la-caida-del-pasaje-y-la-capacidad-disponible\/"]}]},{"@type":"ImageObject","inLanguage":"es","@id":"https:\/\/clusterlogistic.org\/es\/el-aeropuerto-de-girona-entre-la-caida-del-pasaje-y-la-capacidad-disponible\/#primaryimage","url":"https:\/\/clusterlogistic.org\/wp-content\/uploads\/2026\/08\/aeropuerto-de-Girona.jpg","contentUrl":"https:\/\/clusterlogistic.org\/wp-content\/uploads\/2026\/08\/aeropuerto-de-Girona.jpg","width":1000,"height":667},{"@type":"BreadcrumbList","@id":"https:\/\/clusterlogistic.org\/es\/el-aeropuerto-de-girona-entre-la-caida-del-pasaje-y-la-capacidad-disponible\/#breadcrumb","itemListElement":[{"@type":"ListItem","position":1,"name":"Portada","item":"https:\/\/clusterlogistic.org\/es\/"},{"@type":"ListItem","position":2,"name":"El aeropuerto de Girona, entre la ca\u00edda del pasaje y la capacidad disponible"}]},{"@type":"WebSite","@id":"https:\/\/clusterlogistic.org\/es\/#website","url":"https:\/\/clusterlogistic.org\/es\/","name":"Cl\u00faster Log\u00edstic de Catalunya","description":"associaci\u00f3 sense \u00e0nim de lucre","publisher":{"@id":"https:\/\/clusterlogistic.org\/es\/#organization"},"potentialAction":[{"@type":"SearchAction","target":{"@type":"EntryPoint","urlTemplate":"https:\/\/clusterlogistic.org\/es\/?s={search_term_string}"},"query-input":{"@type":"PropertyValueSpecification","valueRequired":true,"valueName":"search_term_string"}}],"inLanguage":"es"},{"@type":"Organization","@id":"https:\/\/clusterlogistic.org\/es\/#organization","name":"Cl\u00faster Log\u00edstic de Catalunya","url":"https:\/\/clusterlogistic.org\/es\/","logo":{"@type":"ImageObject","inLanguage":"es","@id":"https:\/\/clusterlogistic.org\/es\/#\/schema\/logo\/image\/","url":"https:\/\/clusterlogistic.org\/wp-content\/uploads\/2017\/07\/cropped-Logo-CL-llegenda-gran.jpg","contentUrl":"https:\/\/clusterlogistic.org\/wp-content\/uploads\/2017\/07\/cropped-Logo-CL-llegenda-gran.jpg","width":512,"height":512,"caption":"Cl\u00faster Log\u00edstic de Catalunya"},"image":{"@id":"https:\/\/clusterlogistic.org\/es\/#\/schema\/logo\/image\/"}},{"@type":"Person","@id":"https:\/\/clusterlogistic.org\/es\/#\/schema\/person\/2f968404d010f4cfb1fb1faa4cc8cd64","name":"Cl\u00faster Log\u00edstic de Catalunya","image":{"@type":"ImageObject","inLanguage":"es","@id":"https:\/\/secure.gravatar.com\/avatar\/d70e6dad54fc96678ebb563883ef31c8b8b0a127bb640252f5ba3696ded226fe?s=96&d=mm&r=g","url":"https:\/\/secure.gravatar.com\/avatar\/d70e6dad54fc96678ebb563883ef31c8b8b0a127bb640252f5ba3696ded226fe?s=96&d=mm&r=g","contentUrl":"https:\/\/secure.gravatar.com\/avatar\/d70e6dad54fc96678ebb563883ef31c8b8b0a127bb640252f5ba3696ded226fe?s=96&d=mm&r=g","caption":"Cl\u00faster Log\u00edstic de Catalunya"},"description":"Alineem estrat\u00e8gies i sumar esfor\u00e7os per potenciar l'activitat industrial a les pimes | Alineamos estrategias y sumar esfuerzos para potenciar la actividad industrial en las pymes.","url":"https:\/\/clusterlogistic.org\/es\/author\/pilar-minguez\/"}]}},"_links":{"self":[{"href":"https:\/\/clusterlogistic.org\/es\/wp-json\/wp\/v2\/posts\/10735","targetHints":{"allow":["GET"]}}],"collection":[{"href":"https:\/\/clusterlogistic.org\/es\/wp-json\/wp\/v2\/posts"}],"about":[{"href":"https:\/\/clusterlogistic.org\/es\/wp-json\/wp\/v2\/types\/post"}],"author":[{"embeddable":true,"href":"https:\/\/clusterlogistic.org\/es\/wp-json\/wp\/v2\/users\/3"}],"replies":[{"embeddable":true,"href":"https:\/\/clusterlogistic.org\/es\/wp-json\/wp\/v2\/comments?post=10735"}],"version-history":[{"count":1,"href":"https:\/\/clusterlogistic.org\/es\/wp-json\/wp\/v2\/posts\/10735\/revisions"}],"predecessor-version":[{"id":10739,"href":"https:\/\/clusterlogistic.org\/es\/wp-json\/wp\/v2\/posts\/10735\/revisions\/10739"}],"wp:featuredmedia":[{"embeddable":true,"href":"https:\/\/clusterlogistic.org\/es\/wp-json\/wp\/v2\/media\/10736"}],"wp:attachment":[{"href":"https:\/\/clusterlogistic.org\/es\/wp-json\/wp\/v2\/media?parent=10735"}],"wp:term":[{"taxonomy":"category","embeddable":true,"href":"https:\/\/clusterlogistic.org\/es\/wp-json\/wp\/v2\/categories?post=10735"},{"taxonomy":"post_tag","embeddable":true,"href":"https:\/\/clusterlogistic.org\/es\/wp-json\/wp\/v2\/tags?post=10735"}],"curies":[{"name":"wp","href":"https:\/\/api.w.org\/{rel}","templated":true}]}}