{"id":1957,"date":"2020-01-17T08:00:37","date_gmt":"2020-01-17T06:00:37","guid":{"rendered":"https:\/\/clusterlogistic.org\/?p=1957"},"modified":"2020-03-22T17:56:53","modified_gmt":"2020-03-22T15:56:53","slug":"la-uoc-lidera-una-red-de-investigacion-para-afrontar-los-retos-ambientales-del-sector-del-transporte-y-la-logistica","status":"publish","type":"post","link":"https:\/\/clusterlogistic.org\/es\/la-uoc-lidera-una-red-de-investigacion-para-afrontar-los-retos-ambientales-del-sector-del-transporte-y-la-logistica\/","title":{"rendered":"La UOC lidera una red de investigaci\u00f3n para afrontar los retos ambientales del sector del transporte y la log\u00edstica"},"content":{"rendered":"<p>Una red de investigaci\u00f3n estatal conformada por doce universidades liderada por la Universitat Oberta de Catalunya (UOC), se ha integrado con el fin de unir sinergias para promover una log\u00edstica sostenible y cumplir con los retos ambientales.<br \/>\nEn la Red Espa\u00f1ola de Transporte Sostenible e Inteligente (SI-Trans) participan expertos en an\u00e1lisis de datos, computaci\u00f3n, inteligencia artificial e investigaci\u00f3n operativa. El objetivo de esta integraci\u00f3n es afrontar los retos ambientales del sector del transporte y la log\u00edstica, sector clave en la econom\u00eda mundial.<br \/>\nLa idea surgi\u00f3 a ra\u00edz de que si bien las actividades log\u00edsticas y de transporte contribuyen al progreso, tambi\u00e9n son fuente de problemas ambientales y sociales. Dichos problemas deben minimizarse para garantizar la sostenibilidad.<br \/>\nLa Red busca intercambiar e integrar conocimientos y esfuerzos de los diferentes grupos de investigaci\u00f3n en el \u00e1rea de transporte y log\u00edstica sostenible e inteligente. Igualmente impulsar la formaci\u00f3n de primer nivel para j\u00f3venes investigadores y lograr la transferencia de conocimiento entre compa\u00f1\u00edas y universidades.<br \/>\nOtra meta es lograr la cooperaci\u00f3n internacional mediante alianzas con instituciones e investigadores cient\u00edficos de otros pa\u00edses tanto de Europa como de Am\u00e9rica. Tal es el caso de la integraci\u00f3n con el Programa Iberoamericano de Ciencia y Tecnolog\u00eda para el Desarrollo, Cyted, a trav\u00e9s de su red iberoamericana de ciudades inteligentes.<br \/>\nAdem\u00e1s de la UOC, hacen parte del proyecto la Universitat Aut\u00f2noma de Barcelona, la Universidad Pompeu Fabra, la Universitat Polit\u00e8cnica de Catalunya, la Universitat Polit\u00e8cnica de Val\u00e8ncia, la Universidad de La Coru\u00f1a, la Universidad de Burgos, la Universidad de La Laguna, la Universidad Pablo de Olavide, la Universidad P\u00fablica de Navarra y la Universidad Polit\u00e9cnica de Madrid. La financiaci\u00f3n de la red est\u00e1 por cuenta del ministerio de Ciencia, Innovaci\u00f3n y Universidades mediante la convocatoria Acciones de dinamizaci\u00f3n de redes de excelencia.<\/p>\n<h2>La visi\u00f3n de la Red SI-Trans<\/h2>\n<p>El proyecto ha determinado que es vital afrontar los problemas procedentes de actividades como el enrutamiento de veh\u00edculos, con el fin de optimizar las rutas para que realmente puedan satisfacer las demandas de los grupos de clientes, analizar los servicios derivados de las ventas del e-commerce y mejorar la recogida de residuos.<br \/>\nOtro tema que estudia a profundidad es el desarrollo de veh\u00edculos el\u00e9ctricos, soluci\u00f3n que representa grandes desaf\u00edos como la planificaci\u00f3n de las estaciones de carga, autonom\u00eda de manejo y reducci\u00f3n de emisiones a la atm\u00f3sfera.<\/p>\n<h2>Los investigadores de la Red SI-Trans tambi\u00e9n se han concentrado en<\/h2>\n<ul>\n<li>Investigar soluciones para lograr el uso coordinado de datos en tiempo real y de inventarios de productos.<\/li>\n<li>Lograr el dise\u00f1o y la integraci\u00f3n de nuevas tecnolog\u00edas derivadas de la Internet de las cosas.<\/li>\n<li>Aplicar m\u00e9todos anal\u00edticos, algoritmos de inteligencia artificial y pr\u00e1cticas de cooperaci\u00f3n en pro de un transporte y una log\u00edstica m\u00e1s sostenibles que favorezca la toma eficiente de decisiones en el sector.<\/li>\n<\/ul>\n<p>El trabajo de la red SI-Trans se alinea con el desarrollo de la \u201cestrategia europea para el transporte inteligente y verde\u00bb, que busca favorecer la competitividad del sector transporte y log\u00edstico de una manera respetuosa y eficiente con el medioambiente.<\/p>\n","protected":false},"excerpt":{"rendered":"<p>Una red de investigaci\u00f3n estatal conformada por doce universidades liderada por la Universitat Oberta de Catalunya (UOC), se ha integrado con el fin de unir sinergias para promover una log\u00edstica sostenible y cumplir con los retos ambientales. En la Red Espa\u00f1ola de Transporte Sostenible e Inteligente (SI-Trans) participan expertos en an\u00e1lisis de datos, computaci\u00f3n, inteligencia [&hellip;]<\/p>\n","protected":false},"author":3,"featured_media":2312,"comment_status":"closed","ping_status":"closed","sticky":false,"template":"","format":"standard","meta":{"footnotes":""},"categories":[16],"tags":[],"class_list":["post-1957","post","type-post","status-publish","format-standard","has-post-thumbnail","hentry","category-actualidad"],"yoast_head":"<!-- This site is optimized with the Yoast SEO plugin v27.4 - https:\/\/yoast.com\/product\/yoast-seo-wordpress\/ -->\n<title>La UOC lidera una red de investigaci\u00f3n para afrontar los retos ambientales del sector del transporte y la log\u00edstica - Cl\u00faster Log\u00edstic de Catalunya<\/title>\n<meta name=\"robots\" content=\"index, follow, max-snippet:-1, max-image-preview:large, max-video-preview:-1\" \/>\n<link rel=\"canonical\" href=\"https:\/\/clusterlogistic.org\/la-uoc-lidera-una-xarxa-de-recerca-per-afrontar-els-reptes-ambientals-de-el-sector-de-ltransport-i-la-logistica-2\/\" \/>\n<meta property=\"og:locale\" content=\"es_ES\" \/>\n<meta property=\"og:type\" content=\"article\" \/>\n<meta property=\"og:title\" content=\"La UOC lidera una red de investigaci\u00f3n para afrontar los retos ambientales del sector del transporte y la log\u00edstica - Cl\u00faster Log\u00edstic de Catalunya\" \/>\n<meta property=\"og:description\" content=\"Una red de investigaci\u00f3n estatal conformada por doce universidades liderada por la Universitat Oberta de Catalunya (UOC), se ha integrado con el fin de unir sinergias para promover una log\u00edstica sostenible y cumplir con los retos ambientales. En la Red Espa\u00f1ola de Transporte Sostenible e Inteligente (SI-Trans) participan expertos en an\u00e1lisis de datos, computaci\u00f3n, inteligencia [&hellip;]\" \/>\n<meta property=\"og:url\" content=\"https:\/\/clusterlogistic.org\/la-uoc-lidera-una-xarxa-de-recerca-per-afrontar-els-reptes-ambientals-de-el-sector-de-ltransport-i-la-logistica-2\/\" \/>\n<meta property=\"og:site_name\" content=\"Cl\u00faster Log\u00edstic de Catalunya\" \/>\n<meta property=\"article:published_time\" content=\"2020-01-17T06:00:37+00:00\" \/>\n<meta property=\"article:modified_time\" content=\"2020-03-22T15:56:53+00:00\" \/>\n<meta property=\"og:image\" content=\"https:\/\/clusterlogistic.org\/wp-content\/uploads\/2020\/03\/La-UOC-lidera-una-red-de-investigacion-para-afrontar-los-retos-ambientales-del-sector-del-transporte-y-la-logistica-1080x675-1.jpg\" \/>\n\t<meta property=\"og:image:width\" content=\"1080\" \/>\n\t<meta property=\"og:image:height\" content=\"675\" \/>\n\t<meta property=\"og:image:type\" content=\"image\/jpeg\" \/>\n<meta name=\"author\" content=\"Cl\u00faster Log\u00edstic de Catalunya\" \/>\n<meta name=\"twitter:card\" content=\"summary_large_image\" \/>\n<meta name=\"twitter:label1\" content=\"Escrito por\" \/>\n\t<meta name=\"twitter:data1\" content=\"Cl\u00faster Log\u00edstic de Catalunya\" \/>\n\t<meta name=\"twitter:label2\" content=\"Tiempo de lectura\" \/>\n\t<meta name=\"twitter:data2\" content=\"3 minutos\" \/>\n<script type=\"application\/ld+json\" class=\"yoast-schema-graph\">{\"@context\":\"https:\\\/\\\/schema.org\",\"@graph\":[{\"@type\":\"Article\",\"@id\":\"https:\\\/\\\/clusterlogistic.org\\\/la-uoc-lidera-una-xarxa-de-recerca-per-afrontar-els-reptes-ambientals-de-el-sector-de-ltransport-i-la-logistica-2\\\/#article\",\"isPartOf\":{\"@id\":\"https:\\\/\\\/clusterlogistic.org\\\/la-uoc-lidera-una-xarxa-de-recerca-per-afrontar-els-reptes-ambientals-de-el-sector-de-ltransport-i-la-logistica-2\\\/\"},\"author\":{\"name\":\"Cl\u00faster Log\u00edstic de Catalunya\",\"@id\":\"https:\\\/\\\/clusterlogistic.org\\\/es\\\/#\\\/schema\\\/person\\\/2f968404d010f4cfb1fb1faa4cc8cd64\"},\"headline\":\"La UOC lidera una red de investigaci\u00f3n para afrontar los retos ambientales del sector del transporte y la log\u00edstica\",\"datePublished\":\"2020-01-17T06:00:37+00:00\",\"dateModified\":\"2020-03-22T15:56:53+00:00\",\"mainEntityOfPage\":{\"@id\":\"https:\\\/\\\/clusterlogistic.org\\\/la-uoc-lidera-una-xarxa-de-recerca-per-afrontar-els-reptes-ambientals-de-el-sector-de-ltransport-i-la-logistica-2\\\/\"},\"wordCount\":579,\"publisher\":{\"@id\":\"https:\\\/\\\/clusterlogistic.org\\\/es\\\/#organization\"},\"image\":{\"@id\":\"https:\\\/\\\/clusterlogistic.org\\\/la-uoc-lidera-una-xarxa-de-recerca-per-afrontar-els-reptes-ambientals-de-el-sector-de-ltransport-i-la-logistica-2\\\/#primaryimage\"},\"thumbnailUrl\":\"https:\\\/\\\/clusterlogistic.org\\\/wp-content\\\/uploads\\\/2020\\\/03\\\/La-UOC-lidera-una-red-de-investigacion-para-afrontar-los-retos-ambientales-del-sector-del-transporte-y-la-logistica-1080x675-1.jpg\",\"articleSection\":[\"Actualidad\"],\"inLanguage\":\"es\"},{\"@type\":\"WebPage\",\"@id\":\"https:\\\/\\\/clusterlogistic.org\\\/la-uoc-lidera-una-xarxa-de-recerca-per-afrontar-els-reptes-ambientals-de-el-sector-de-ltransport-i-la-logistica-2\\\/\",\"url\":\"https:\\\/\\\/clusterlogistic.org\\\/la-uoc-lidera-una-xarxa-de-recerca-per-afrontar-els-reptes-ambientals-de-el-sector-de-ltransport-i-la-logistica-2\\\/\",\"name\":\"La UOC lidera una red de investigaci\u00f3n para afrontar los retos ambientales del sector del transporte y la log\u00edstica - Cl\u00faster Log\u00edstic de Catalunya\",\"isPartOf\":{\"@id\":\"https:\\\/\\\/clusterlogistic.org\\\/es\\\/#website\"},\"primaryImageOfPage\":{\"@id\":\"https:\\\/\\\/clusterlogistic.org\\\/la-uoc-lidera-una-xarxa-de-recerca-per-afrontar-els-reptes-ambientals-de-el-sector-de-ltransport-i-la-logistica-2\\\/#primaryimage\"},\"image\":{\"@id\":\"https:\\\/\\\/clusterlogistic.org\\\/la-uoc-lidera-una-xarxa-de-recerca-per-afrontar-els-reptes-ambientals-de-el-sector-de-ltransport-i-la-logistica-2\\\/#primaryimage\"},\"thumbnailUrl\":\"https:\\\/\\\/clusterlogistic.org\\\/wp-content\\\/uploads\\\/2020\\\/03\\\/La-UOC-lidera-una-red-de-investigacion-para-afrontar-los-retos-ambientales-del-sector-del-transporte-y-la-logistica-1080x675-1.jpg\",\"datePublished\":\"2020-01-17T06:00:37+00:00\",\"dateModified\":\"2020-03-22T15:56:53+00:00\",\"breadcrumb\":{\"@id\":\"https:\\\/\\\/clusterlogistic.org\\\/la-uoc-lidera-una-xarxa-de-recerca-per-afrontar-els-reptes-ambientals-de-el-sector-de-ltransport-i-la-logistica-2\\\/#breadcrumb\"},\"inLanguage\":\"es\",\"potentialAction\":[{\"@type\":\"ReadAction\",\"target\":[\"https:\\\/\\\/clusterlogistic.org\\\/la-uoc-lidera-una-xarxa-de-recerca-per-afrontar-els-reptes-ambientals-de-el-sector-de-ltransport-i-la-logistica-2\\\/\"]}]},{\"@type\":\"ImageObject\",\"inLanguage\":\"es\",\"@id\":\"https:\\\/\\\/clusterlogistic.org\\\/la-uoc-lidera-una-xarxa-de-recerca-per-afrontar-els-reptes-ambientals-de-el-sector-de-ltransport-i-la-logistica-2\\\/#primaryimage\",\"url\":\"https:\\\/\\\/clusterlogistic.org\\\/wp-content\\\/uploads\\\/2020\\\/03\\\/La-UOC-lidera-una-red-de-investigacion-para-afrontar-los-retos-ambientales-del-sector-del-transporte-y-la-logistica-1080x675-1.jpg\",\"contentUrl\":\"https:\\\/\\\/clusterlogistic.org\\\/wp-content\\\/uploads\\\/2020\\\/03\\\/La-UOC-lidera-una-red-de-investigacion-para-afrontar-los-retos-ambientales-del-sector-del-transporte-y-la-logistica-1080x675-1.jpg\",\"width\":1080,\"height\":675},{\"@type\":\"BreadcrumbList\",\"@id\":\"https:\\\/\\\/clusterlogistic.org\\\/la-uoc-lidera-una-xarxa-de-recerca-per-afrontar-els-reptes-ambientals-de-el-sector-de-ltransport-i-la-logistica-2\\\/#breadcrumb\",\"itemListElement\":[{\"@type\":\"ListItem\",\"position\":1,\"name\":\"Portada\",\"item\":\"https:\\\/\\\/clusterlogistic.org\\\/es\\\/\"},{\"@type\":\"ListItem\",\"position\":2,\"name\":\"La UOC lidera una red de investigaci\u00f3n para afrontar los retos ambientales del sector del transporte y la log\u00edstica\"}]},{\"@type\":\"WebSite\",\"@id\":\"https:\\\/\\\/clusterlogistic.org\\\/es\\\/#website\",\"url\":\"https:\\\/\\\/clusterlogistic.org\\\/es\\\/\",\"name\":\"Cl\u00faster Log\u00edstic de Catalunya\",\"description\":\"associaci\u00f3 sense \u00e0nim de lucre\",\"publisher\":{\"@id\":\"https:\\\/\\\/clusterlogistic.org\\\/es\\\/#organization\"},\"potentialAction\":[{\"@type\":\"SearchAction\",\"target\":{\"@type\":\"EntryPoint\",\"urlTemplate\":\"https:\\\/\\\/clusterlogistic.org\\\/es\\\/?s={search_term_string}\"},\"query-input\":{\"@type\":\"PropertyValueSpecification\",\"valueRequired\":true,\"valueName\":\"search_term_string\"}}],\"inLanguage\":\"es\"},{\"@type\":\"Organization\",\"@id\":\"https:\\\/\\\/clusterlogistic.org\\\/es\\\/#organization\",\"name\":\"Cl\u00faster Log\u00edstic de Catalunya\",\"url\":\"https:\\\/\\\/clusterlogistic.org\\\/es\\\/\",\"logo\":{\"@type\":\"ImageObject\",\"inLanguage\":\"es\",\"@id\":\"https:\\\/\\\/clusterlogistic.org\\\/es\\\/#\\\/schema\\\/logo\\\/image\\\/\",\"url\":\"https:\\\/\\\/clusterlogistic.org\\\/wp-content\\\/uploads\\\/2017\\\/07\\\/cropped-Logo-CL-llegenda-gran.jpg\",\"contentUrl\":\"https:\\\/\\\/clusterlogistic.org\\\/wp-content\\\/uploads\\\/2017\\\/07\\\/cropped-Logo-CL-llegenda-gran.jpg\",\"width\":512,\"height\":512,\"caption\":\"Cl\u00faster Log\u00edstic de Catalunya\"},\"image\":{\"@id\":\"https:\\\/\\\/clusterlogistic.org\\\/es\\\/#\\\/schema\\\/logo\\\/image\\\/\"}},{\"@type\":\"Person\",\"@id\":\"https:\\\/\\\/clusterlogistic.org\\\/es\\\/#\\\/schema\\\/person\\\/2f968404d010f4cfb1fb1faa4cc8cd64\",\"name\":\"Cl\u00faster Log\u00edstic de Catalunya\",\"image\":{\"@type\":\"ImageObject\",\"inLanguage\":\"es\",\"@id\":\"https:\\\/\\\/secure.gravatar.com\\\/avatar\\\/d70e6dad54fc96678ebb563883ef31c8b8b0a127bb640252f5ba3696ded226fe?s=96&d=mm&r=g\",\"url\":\"https:\\\/\\\/secure.gravatar.com\\\/avatar\\\/d70e6dad54fc96678ebb563883ef31c8b8b0a127bb640252f5ba3696ded226fe?s=96&d=mm&r=g\",\"contentUrl\":\"https:\\\/\\\/secure.gravatar.com\\\/avatar\\\/d70e6dad54fc96678ebb563883ef31c8b8b0a127bb640252f5ba3696ded226fe?s=96&d=mm&r=g\",\"caption\":\"Cl\u00faster Log\u00edstic de Catalunya\"},\"description\":\"Alineem estrat\u00e8gies i sumar esfor\u00e7os per potenciar l'activitat industrial a les pimes | Alineamos estrategias y sumar esfuerzos para potenciar la actividad industrial en las pymes.\",\"url\":\"https:\\\/\\\/clusterlogistic.org\\\/es\\\/author\\\/pilar-minguez\\\/\"}]}<\/script>\n<!-- \/ Yoast SEO plugin. -->","yoast_head_json":{"title":"La UOC lidera una red de investigaci\u00f3n para afrontar los retos ambientales del sector del transporte y la log\u00edstica - Cl\u00faster Log\u00edstic de Catalunya","robots":{"index":"index","follow":"follow","max-snippet":"max-snippet:-1","max-image-preview":"max-image-preview:large","max-video-preview":"max-video-preview:-1"},"canonical":"https:\/\/clusterlogistic.org\/la-uoc-lidera-una-xarxa-de-recerca-per-afrontar-els-reptes-ambientals-de-el-sector-de-ltransport-i-la-logistica-2\/","og_locale":"es_ES","og_type":"article","og_title":"La UOC lidera una red de investigaci\u00f3n para afrontar los retos ambientales del sector del transporte y la log\u00edstica - Cl\u00faster Log\u00edstic de Catalunya","og_description":"Una red de investigaci\u00f3n estatal conformada por doce universidades liderada por la Universitat Oberta de Catalunya (UOC), se ha integrado con el fin de unir sinergias para promover una log\u00edstica sostenible y cumplir con los retos ambientales. En la Red Espa\u00f1ola de Transporte Sostenible e Inteligente (SI-Trans) participan expertos en an\u00e1lisis de datos, computaci\u00f3n, inteligencia [&hellip;]","og_url":"https:\/\/clusterlogistic.org\/la-uoc-lidera-una-xarxa-de-recerca-per-afrontar-els-reptes-ambientals-de-el-sector-de-ltransport-i-la-logistica-2\/","og_site_name":"Cl\u00faster Log\u00edstic de Catalunya","article_published_time":"2020-01-17T06:00:37+00:00","article_modified_time":"2020-03-22T15:56:53+00:00","og_image":[{"width":1080,"height":675,"url":"https:\/\/clusterlogistic.org\/wp-content\/uploads\/2020\/03\/La-UOC-lidera-una-red-de-investigacion-para-afrontar-los-retos-ambientales-del-sector-del-transporte-y-la-logistica-1080x675-1.jpg","type":"image\/jpeg"}],"author":"Cl\u00faster Log\u00edstic de Catalunya","twitter_card":"summary_large_image","twitter_misc":{"Escrito por":"Cl\u00faster Log\u00edstic de Catalunya","Tiempo de lectura":"3 minutos"},"schema":{"@context":"https:\/\/schema.org","@graph":[{"@type":"Article","@id":"https:\/\/clusterlogistic.org\/la-uoc-lidera-una-xarxa-de-recerca-per-afrontar-els-reptes-ambientals-de-el-sector-de-ltransport-i-la-logistica-2\/#article","isPartOf":{"@id":"https:\/\/clusterlogistic.org\/la-uoc-lidera-una-xarxa-de-recerca-per-afrontar-els-reptes-ambientals-de-el-sector-de-ltransport-i-la-logistica-2\/"},"author":{"name":"Cl\u00faster Log\u00edstic de Catalunya","@id":"https:\/\/clusterlogistic.org\/es\/#\/schema\/person\/2f968404d010f4cfb1fb1faa4cc8cd64"},"headline":"La UOC lidera una red de investigaci\u00f3n para afrontar los retos ambientales del sector del transporte y la log\u00edstica","datePublished":"2020-01-17T06:00:37+00:00","dateModified":"2020-03-22T15:56:53+00:00","mainEntityOfPage":{"@id":"https:\/\/clusterlogistic.org\/la-uoc-lidera-una-xarxa-de-recerca-per-afrontar-els-reptes-ambientals-de-el-sector-de-ltransport-i-la-logistica-2\/"},"wordCount":579,"publisher":{"@id":"https:\/\/clusterlogistic.org\/es\/#organization"},"image":{"@id":"https:\/\/clusterlogistic.org\/la-uoc-lidera-una-xarxa-de-recerca-per-afrontar-els-reptes-ambientals-de-el-sector-de-ltransport-i-la-logistica-2\/#primaryimage"},"thumbnailUrl":"https:\/\/clusterlogistic.org\/wp-content\/uploads\/2020\/03\/La-UOC-lidera-una-red-de-investigacion-para-afrontar-los-retos-ambientales-del-sector-del-transporte-y-la-logistica-1080x675-1.jpg","articleSection":["Actualidad"],"inLanguage":"es"},{"@type":"WebPage","@id":"https:\/\/clusterlogistic.org\/la-uoc-lidera-una-xarxa-de-recerca-per-afrontar-els-reptes-ambientals-de-el-sector-de-ltransport-i-la-logistica-2\/","url":"https:\/\/clusterlogistic.org\/la-uoc-lidera-una-xarxa-de-recerca-per-afrontar-els-reptes-ambientals-de-el-sector-de-ltransport-i-la-logistica-2\/","name":"La UOC lidera una red de investigaci\u00f3n para afrontar los retos ambientales del sector del transporte y la log\u00edstica - Cl\u00faster Log\u00edstic de Catalunya","isPartOf":{"@id":"https:\/\/clusterlogistic.org\/es\/#website"},"primaryImageOfPage":{"@id":"https:\/\/clusterlogistic.org\/la-uoc-lidera-una-xarxa-de-recerca-per-afrontar-els-reptes-ambientals-de-el-sector-de-ltransport-i-la-logistica-2\/#primaryimage"},"image":{"@id":"https:\/\/clusterlogistic.org\/la-uoc-lidera-una-xarxa-de-recerca-per-afrontar-els-reptes-ambientals-de-el-sector-de-ltransport-i-la-logistica-2\/#primaryimage"},"thumbnailUrl":"https:\/\/clusterlogistic.org\/wp-content\/uploads\/2020\/03\/La-UOC-lidera-una-red-de-investigacion-para-afrontar-los-retos-ambientales-del-sector-del-transporte-y-la-logistica-1080x675-1.jpg","datePublished":"2020-01-17T06:00:37+00:00","dateModified":"2020-03-22T15:56:53+00:00","breadcrumb":{"@id":"https:\/\/clusterlogistic.org\/la-uoc-lidera-una-xarxa-de-recerca-per-afrontar-els-reptes-ambientals-de-el-sector-de-ltransport-i-la-logistica-2\/#breadcrumb"},"inLanguage":"es","potentialAction":[{"@type":"ReadAction","target":["https:\/\/clusterlogistic.org\/la-uoc-lidera-una-xarxa-de-recerca-per-afrontar-els-reptes-ambientals-de-el-sector-de-ltransport-i-la-logistica-2\/"]}]},{"@type":"ImageObject","inLanguage":"es","@id":"https:\/\/clusterlogistic.org\/la-uoc-lidera-una-xarxa-de-recerca-per-afrontar-els-reptes-ambientals-de-el-sector-de-ltransport-i-la-logistica-2\/#primaryimage","url":"https:\/\/clusterlogistic.org\/wp-content\/uploads\/2020\/03\/La-UOC-lidera-una-red-de-investigacion-para-afrontar-los-retos-ambientales-del-sector-del-transporte-y-la-logistica-1080x675-1.jpg","contentUrl":"https:\/\/clusterlogistic.org\/wp-content\/uploads\/2020\/03\/La-UOC-lidera-una-red-de-investigacion-para-afrontar-los-retos-ambientales-del-sector-del-transporte-y-la-logistica-1080x675-1.jpg","width":1080,"height":675},{"@type":"BreadcrumbList","@id":"https:\/\/clusterlogistic.org\/la-uoc-lidera-una-xarxa-de-recerca-per-afrontar-els-reptes-ambientals-de-el-sector-de-ltransport-i-la-logistica-2\/#breadcrumb","itemListElement":[{"@type":"ListItem","position":1,"name":"Portada","item":"https:\/\/clusterlogistic.org\/es\/"},{"@type":"ListItem","position":2,"name":"La UOC lidera una red de investigaci\u00f3n para afrontar los retos ambientales del sector del transporte y la log\u00edstica"}]},{"@type":"WebSite","@id":"https:\/\/clusterlogistic.org\/es\/#website","url":"https:\/\/clusterlogistic.org\/es\/","name":"Cl\u00faster Log\u00edstic de Catalunya","description":"associaci\u00f3 sense \u00e0nim de lucre","publisher":{"@id":"https:\/\/clusterlogistic.org\/es\/#organization"},"potentialAction":[{"@type":"SearchAction","target":{"@type":"EntryPoint","urlTemplate":"https:\/\/clusterlogistic.org\/es\/?s={search_term_string}"},"query-input":{"@type":"PropertyValueSpecification","valueRequired":true,"valueName":"search_term_string"}}],"inLanguage":"es"},{"@type":"Organization","@id":"https:\/\/clusterlogistic.org\/es\/#organization","name":"Cl\u00faster Log\u00edstic de Catalunya","url":"https:\/\/clusterlogistic.org\/es\/","logo":{"@type":"ImageObject","inLanguage":"es","@id":"https:\/\/clusterlogistic.org\/es\/#\/schema\/logo\/image\/","url":"https:\/\/clusterlogistic.org\/wp-content\/uploads\/2017\/07\/cropped-Logo-CL-llegenda-gran.jpg","contentUrl":"https:\/\/clusterlogistic.org\/wp-content\/uploads\/2017\/07\/cropped-Logo-CL-llegenda-gran.jpg","width":512,"height":512,"caption":"Cl\u00faster Log\u00edstic de Catalunya"},"image":{"@id":"https:\/\/clusterlogistic.org\/es\/#\/schema\/logo\/image\/"}},{"@type":"Person","@id":"https:\/\/clusterlogistic.org\/es\/#\/schema\/person\/2f968404d010f4cfb1fb1faa4cc8cd64","name":"Cl\u00faster Log\u00edstic de Catalunya","image":{"@type":"ImageObject","inLanguage":"es","@id":"https:\/\/secure.gravatar.com\/avatar\/d70e6dad54fc96678ebb563883ef31c8b8b0a127bb640252f5ba3696ded226fe?s=96&d=mm&r=g","url":"https:\/\/secure.gravatar.com\/avatar\/d70e6dad54fc96678ebb563883ef31c8b8b0a127bb640252f5ba3696ded226fe?s=96&d=mm&r=g","contentUrl":"https:\/\/secure.gravatar.com\/avatar\/d70e6dad54fc96678ebb563883ef31c8b8b0a127bb640252f5ba3696ded226fe?s=96&d=mm&r=g","caption":"Cl\u00faster Log\u00edstic de Catalunya"},"description":"Alineem estrat\u00e8gies i sumar esfor\u00e7os per potenciar l'activitat industrial a les pimes | Alineamos estrategias y sumar esfuerzos para potenciar la actividad industrial en las pymes.","url":"https:\/\/clusterlogistic.org\/es\/author\/pilar-minguez\/"}]}},"_links":{"self":[{"href":"https:\/\/clusterlogistic.org\/es\/wp-json\/wp\/v2\/posts\/1957","targetHints":{"allow":["GET"]}}],"collection":[{"href":"https:\/\/clusterlogistic.org\/es\/wp-json\/wp\/v2\/posts"}],"about":[{"href":"https:\/\/clusterlogistic.org\/es\/wp-json\/wp\/v2\/types\/post"}],"author":[{"embeddable":true,"href":"https:\/\/clusterlogistic.org\/es\/wp-json\/wp\/v2\/users\/3"}],"replies":[{"embeddable":true,"href":"https:\/\/clusterlogistic.org\/es\/wp-json\/wp\/v2\/comments?post=1957"}],"version-history":[{"count":2,"href":"https:\/\/clusterlogistic.org\/es\/wp-json\/wp\/v2\/posts\/1957\/revisions"}],"predecessor-version":[{"id":2348,"href":"https:\/\/clusterlogistic.org\/es\/wp-json\/wp\/v2\/posts\/1957\/revisions\/2348"}],"wp:featuredmedia":[{"embeddable":true,"href":"https:\/\/clusterlogistic.org\/es\/wp-json\/wp\/v2\/media\/2312"}],"wp:attachment":[{"href":"https:\/\/clusterlogistic.org\/es\/wp-json\/wp\/v2\/media?parent=1957"}],"wp:term":[{"taxonomy":"category","embeddable":true,"href":"https:\/\/clusterlogistic.org\/es\/wp-json\/wp\/v2\/categories?post=1957"},{"taxonomy":"post_tag","embeddable":true,"href":"https:\/\/clusterlogistic.org\/es\/wp-json\/wp\/v2\/tags?post=1957"}],"curies":[{"name":"wp","href":"https:\/\/api.w.org\/{rel}","templated":true}]}}