{"id":1967,"date":"2020-01-31T08:00:23","date_gmt":"2020-01-31T06:00:23","guid":{"rendered":"https:\/\/clusterlogistic.org\/?p=1967"},"modified":"2020-03-22T17:55:21","modified_gmt":"2020-03-22T15:55:21","slug":"maersk-electrificara-su-flota-naviera-con-baterias-especiales","status":"publish","type":"post","link":"https:\/\/clusterlogistic.org\/es\/maersk-electrificara-su-flota-naviera-con-baterias-especiales\/","title":{"rendered":"Maersk electrificar\u00e1 su flota naviera con bater\u00edas especiales"},"content":{"rendered":"<p>Mediante el uso de un nuevo sistema de bater\u00edas contenerizado, la naviera danesa Maersk inicia el proceso de electrificaci\u00f3n de su flota naviera. La prueba del sistema la realizar\u00e1 en diciembre en su buque Cape Town dotado con una potencia de 600 kWh.<br \/>\nCon este testeo la compa\u00f1\u00eda podr\u00e1 determinar si puede dar un paso m\u00e1s en su rendimiento y confianza para sus clientes, mientras que logra la disminuci\u00f3n de las emisiones contaminantes a la atm\u00f3sfera de sus buques.<br \/>\nEl principal objetivo de la naviera es lograr que su operaci\u00f3n para 2050 no produzca carbono. Por ello su esfuerzo e inversi\u00f3n est\u00e1n concentrados en el dise\u00f1o de soluciones respetuosas con el medio ambiente. Una de ellas es el proceso de electrificaci\u00f3n de su flota y de las terminales portuarias.<\/p>\n<h2>El funcionamiento del sistema de bater\u00edas<\/h2>\n<p>Si bien a\u00fan no se ha logrado navegar solamente con bater\u00edas, en lo que se ha avanzado es en usarlas para mejorar la eficiencia de los sistemas el\u00e9ctricos a bordo. Tal es el caso de los generadores del buque Cape Town, embarcaci\u00f3n con 249 metros de longitud desde la proa hasta la popa y que actualmente cubre la ruta entre \u00c1frica occidental y el este de Asia.<br \/>\nLos m\u00f3dulos de bater\u00edas se emplear\u00e1n dentro del contenedor junto con otros componentes el\u00e9ctricos y de control. Esto para que logren aportar a los generadores hasta 1.800 kVA de potencia durante los cambios r\u00e1pidos en las operaciones de carga, tal como lo har\u00eda un propulsor.<br \/>\nEl nuevo sistema contenerizado para almacenamiento podr\u00e1 suministrar al buque energ\u00eda de manera constante, mejorando la fiabilidad de la embarcaci\u00f3n durante la navegaci\u00f3n.<br \/>\nOtro aspecto que ha tenido en cuenta la naviera es mantener los generadores en un nivel \u00f3ptimo de carga, as\u00ed como evitar su uso si no es necesario, para lograr disminuir el consumo de combustible.<\/p>\n<h2>Investigaci\u00f3n y desarrollo<\/h2>\n<p>El sistema fue desarrollado en la localidad danesa de Odense por la compa\u00f1\u00eda Trident Maritime Systems, experta en soluciones innovadoras de ingenier\u00eda para la industria marina.\u00a0 Pr\u00f3ximamente ser\u00e1 transportado hasta Singapur para instalarlo y comenzar pruebas con monitoreo permanente para evaluar su rendimiento.<br \/>\nAs\u00ed mismo Maersk se uni\u00f3 con la naviera Wallenius Wilhelmsen con el fin de crear en conjunto un nuevo combustible sostenible. El objetivo com\u00fan es lograr reducir emisiones ya que entre el 2% y el 3% de las mismas a nivel global provienen de las actividades mar\u00edtimas.<br \/>\nRecientemente Maersk dentro de su programa de innovaci\u00f3n y tecnolog\u00eda tambi\u00e9n lanz\u00f3 al mercado el \u201cMaersk Spot\u201d, una soluci\u00f3n digitalizada totalmente online para enviar productos. El sistema suministra a los consumidores una garant\u00eda de cargamento con un precio fijado de manera anticipada.<\/p>\n<h2>Acerca de la naviera Maersk<\/h2>\n<p>Maersk es una empresa de log\u00edstica integrada presente en 130 pa\u00edses y cuenta con un equipo de m\u00e1s de 76.000 colaboradores. Su objetivo es simplificar el comercio global a trav\u00e9s del transporte mar\u00edtimo que favorezca el comercio efectivo.<br \/>\nLa compa\u00f1\u00eda centra sus actividades y negocios en los sectores de energ\u00eda y transporte, en especial en el mar\u00edtimo.<\/p>\n","protected":false},"excerpt":{"rendered":"<p>Mediante el uso de un nuevo sistema de bater\u00edas contenerizado, la naviera danesa Maersk inicia el proceso de electrificaci\u00f3n de su flota naviera. La prueba del sistema la realizar\u00e1 en diciembre en su buque Cape Town dotado con una potencia de 600 kWh. Con este testeo la compa\u00f1\u00eda podr\u00e1 determinar si puede dar un paso [&hellip;]<\/p>\n","protected":false},"author":3,"featured_media":2318,"comment_status":"closed","ping_status":"closed","sticky":false,"template":"","format":"standard","meta":{"footnotes":""},"categories":[16],"tags":[],"class_list":["post-1967","post","type-post","status-publish","format-standard","has-post-thumbnail","hentry","category-actualidad"],"yoast_head":"<!-- This site is optimized with the Yoast SEO plugin v27.4 - https:\/\/yoast.com\/product\/yoast-seo-wordpress\/ -->\n<title>Maersk electrificar\u00e1 su flota naviera con bater\u00edas especiales - Cl\u00faster Log\u00edstic de Catalunya<\/title>\n<meta name=\"robots\" content=\"index, follow, max-snippet:-1, max-image-preview:large, max-video-preview:-1\" \/>\n<link rel=\"canonical\" href=\"https:\/\/clusterlogistic.org\/maersk-electrificara-la-seva-flota-naviliera-amb-bateries-especials-2\/\" \/>\n<meta property=\"og:locale\" content=\"es_ES\" \/>\n<meta property=\"og:type\" content=\"article\" \/>\n<meta property=\"og:title\" content=\"Maersk electrificar\u00e1 su flota naviera con bater\u00edas especiales - Cl\u00faster Log\u00edstic de Catalunya\" \/>\n<meta property=\"og:description\" content=\"Mediante el uso de un nuevo sistema de bater\u00edas contenerizado, la naviera danesa Maersk inicia el proceso de electrificaci\u00f3n de su flota naviera. La prueba del sistema la realizar\u00e1 en diciembre en su buque Cape Town dotado con una potencia de 600 kWh. Con este testeo la compa\u00f1\u00eda podr\u00e1 determinar si puede dar un paso [&hellip;]\" \/>\n<meta property=\"og:url\" content=\"https:\/\/clusterlogistic.org\/maersk-electrificara-la-seva-flota-naviliera-amb-bateries-especials-2\/\" \/>\n<meta property=\"og:site_name\" content=\"Cl\u00faster Log\u00edstic de Catalunya\" \/>\n<meta property=\"article:published_time\" content=\"2020-01-31T06:00:23+00:00\" \/>\n<meta property=\"article:modified_time\" content=\"2020-03-22T15:55:21+00:00\" \/>\n<meta property=\"og:image\" content=\"https:\/\/clusterlogistic.org\/wp-content\/uploads\/2020\/03\/Maersk-electrificar\u00e1-su-flota-naviera-con-bater\u00edas-especiales.jpg\" \/>\n\t<meta property=\"og:image:width\" content=\"800\" \/>\n\t<meta property=\"og:image:height\" content=\"445\" \/>\n\t<meta property=\"og:image:type\" content=\"image\/jpeg\" \/>\n<meta name=\"author\" content=\"Cl\u00faster Log\u00edstic de Catalunya\" \/>\n<meta name=\"twitter:card\" content=\"summary_large_image\" \/>\n<meta name=\"twitter:label1\" content=\"Escrito por\" \/>\n\t<meta name=\"twitter:data1\" content=\"Cl\u00faster Log\u00edstic de Catalunya\" \/>\n\t<meta name=\"twitter:label2\" content=\"Tiempo de lectura\" \/>\n\t<meta name=\"twitter:data2\" content=\"3 minutos\" \/>\n<script type=\"application\/ld+json\" class=\"yoast-schema-graph\">{\"@context\":\"https:\\\/\\\/schema.org\",\"@graph\":[{\"@type\":\"Article\",\"@id\":\"https:\\\/\\\/clusterlogistic.org\\\/maersk-electrificara-la-seva-flota-naviliera-amb-bateries-especials-2\\\/#article\",\"isPartOf\":{\"@id\":\"https:\\\/\\\/clusterlogistic.org\\\/maersk-electrificara-la-seva-flota-naviliera-amb-bateries-especials-2\\\/\"},\"author\":{\"name\":\"Cl\u00faster Log\u00edstic de Catalunya\",\"@id\":\"https:\\\/\\\/clusterlogistic.org\\\/es\\\/#\\\/schema\\\/person\\\/2f968404d010f4cfb1fb1faa4cc8cd64\"},\"headline\":\"Maersk electrificar\u00e1 su flota naviera con bater\u00edas especiales\",\"datePublished\":\"2020-01-31T06:00:23+00:00\",\"dateModified\":\"2020-03-22T15:55:21+00:00\",\"mainEntityOfPage\":{\"@id\":\"https:\\\/\\\/clusterlogistic.org\\\/maersk-electrificara-la-seva-flota-naviliera-amb-bateries-especials-2\\\/\"},\"wordCount\":547,\"publisher\":{\"@id\":\"https:\\\/\\\/clusterlogistic.org\\\/es\\\/#organization\"},\"image\":{\"@id\":\"https:\\\/\\\/clusterlogistic.org\\\/maersk-electrificara-la-seva-flota-naviliera-amb-bateries-especials-2\\\/#primaryimage\"},\"thumbnailUrl\":\"https:\\\/\\\/clusterlogistic.org\\\/wp-content\\\/uploads\\\/2020\\\/03\\\/Maersk-electrificar\u00e1-su-flota-naviera-con-bater\u00edas-especiales.jpg\",\"articleSection\":[\"Actualidad\"],\"inLanguage\":\"es\"},{\"@type\":\"WebPage\",\"@id\":\"https:\\\/\\\/clusterlogistic.org\\\/maersk-electrificara-la-seva-flota-naviliera-amb-bateries-especials-2\\\/\",\"url\":\"https:\\\/\\\/clusterlogistic.org\\\/maersk-electrificara-la-seva-flota-naviliera-amb-bateries-especials-2\\\/\",\"name\":\"Maersk electrificar\u00e1 su flota naviera con bater\u00edas especiales - Cl\u00faster Log\u00edstic de Catalunya\",\"isPartOf\":{\"@id\":\"https:\\\/\\\/clusterlogistic.org\\\/es\\\/#website\"},\"primaryImageOfPage\":{\"@id\":\"https:\\\/\\\/clusterlogistic.org\\\/maersk-electrificara-la-seva-flota-naviliera-amb-bateries-especials-2\\\/#primaryimage\"},\"image\":{\"@id\":\"https:\\\/\\\/clusterlogistic.org\\\/maersk-electrificara-la-seva-flota-naviliera-amb-bateries-especials-2\\\/#primaryimage\"},\"thumbnailUrl\":\"https:\\\/\\\/clusterlogistic.org\\\/wp-content\\\/uploads\\\/2020\\\/03\\\/Maersk-electrificar\u00e1-su-flota-naviera-con-bater\u00edas-especiales.jpg\",\"datePublished\":\"2020-01-31T06:00:23+00:00\",\"dateModified\":\"2020-03-22T15:55:21+00:00\",\"breadcrumb\":{\"@id\":\"https:\\\/\\\/clusterlogistic.org\\\/maersk-electrificara-la-seva-flota-naviliera-amb-bateries-especials-2\\\/#breadcrumb\"},\"inLanguage\":\"es\",\"potentialAction\":[{\"@type\":\"ReadAction\",\"target\":[\"https:\\\/\\\/clusterlogistic.org\\\/maersk-electrificara-la-seva-flota-naviliera-amb-bateries-especials-2\\\/\"]}]},{\"@type\":\"ImageObject\",\"inLanguage\":\"es\",\"@id\":\"https:\\\/\\\/clusterlogistic.org\\\/maersk-electrificara-la-seva-flota-naviliera-amb-bateries-especials-2\\\/#primaryimage\",\"url\":\"https:\\\/\\\/clusterlogistic.org\\\/wp-content\\\/uploads\\\/2020\\\/03\\\/Maersk-electrificar\u00e1-su-flota-naviera-con-bater\u00edas-especiales.jpg\",\"contentUrl\":\"https:\\\/\\\/clusterlogistic.org\\\/wp-content\\\/uploads\\\/2020\\\/03\\\/Maersk-electrificar\u00e1-su-flota-naviera-con-bater\u00edas-especiales.jpg\",\"width\":800,\"height\":445},{\"@type\":\"BreadcrumbList\",\"@id\":\"https:\\\/\\\/clusterlogistic.org\\\/maersk-electrificara-la-seva-flota-naviliera-amb-bateries-especials-2\\\/#breadcrumb\",\"itemListElement\":[{\"@type\":\"ListItem\",\"position\":1,\"name\":\"Portada\",\"item\":\"https:\\\/\\\/clusterlogistic.org\\\/es\\\/\"},{\"@type\":\"ListItem\",\"position\":2,\"name\":\"Maersk electrificar\u00e1 su flota naviera con bater\u00edas especiales\"}]},{\"@type\":\"WebSite\",\"@id\":\"https:\\\/\\\/clusterlogistic.org\\\/es\\\/#website\",\"url\":\"https:\\\/\\\/clusterlogistic.org\\\/es\\\/\",\"name\":\"Cl\u00faster Log\u00edstic de Catalunya\",\"description\":\"associaci\u00f3 sense \u00e0nim de lucre\",\"publisher\":{\"@id\":\"https:\\\/\\\/clusterlogistic.org\\\/es\\\/#organization\"},\"potentialAction\":[{\"@type\":\"SearchAction\",\"target\":{\"@type\":\"EntryPoint\",\"urlTemplate\":\"https:\\\/\\\/clusterlogistic.org\\\/es\\\/?s={search_term_string}\"},\"query-input\":{\"@type\":\"PropertyValueSpecification\",\"valueRequired\":true,\"valueName\":\"search_term_string\"}}],\"inLanguage\":\"es\"},{\"@type\":\"Organization\",\"@id\":\"https:\\\/\\\/clusterlogistic.org\\\/es\\\/#organization\",\"name\":\"Cl\u00faster Log\u00edstic de Catalunya\",\"url\":\"https:\\\/\\\/clusterlogistic.org\\\/es\\\/\",\"logo\":{\"@type\":\"ImageObject\",\"inLanguage\":\"es\",\"@id\":\"https:\\\/\\\/clusterlogistic.org\\\/es\\\/#\\\/schema\\\/logo\\\/image\\\/\",\"url\":\"https:\\\/\\\/clusterlogistic.org\\\/wp-content\\\/uploads\\\/2017\\\/07\\\/cropped-Logo-CL-llegenda-gran.jpg\",\"contentUrl\":\"https:\\\/\\\/clusterlogistic.org\\\/wp-content\\\/uploads\\\/2017\\\/07\\\/cropped-Logo-CL-llegenda-gran.jpg\",\"width\":512,\"height\":512,\"caption\":\"Cl\u00faster Log\u00edstic de Catalunya\"},\"image\":{\"@id\":\"https:\\\/\\\/clusterlogistic.org\\\/es\\\/#\\\/schema\\\/logo\\\/image\\\/\"}},{\"@type\":\"Person\",\"@id\":\"https:\\\/\\\/clusterlogistic.org\\\/es\\\/#\\\/schema\\\/person\\\/2f968404d010f4cfb1fb1faa4cc8cd64\",\"name\":\"Cl\u00faster Log\u00edstic de Catalunya\",\"image\":{\"@type\":\"ImageObject\",\"inLanguage\":\"es\",\"@id\":\"https:\\\/\\\/secure.gravatar.com\\\/avatar\\\/d70e6dad54fc96678ebb563883ef31c8b8b0a127bb640252f5ba3696ded226fe?s=96&d=mm&r=g\",\"url\":\"https:\\\/\\\/secure.gravatar.com\\\/avatar\\\/d70e6dad54fc96678ebb563883ef31c8b8b0a127bb640252f5ba3696ded226fe?s=96&d=mm&r=g\",\"contentUrl\":\"https:\\\/\\\/secure.gravatar.com\\\/avatar\\\/d70e6dad54fc96678ebb563883ef31c8b8b0a127bb640252f5ba3696ded226fe?s=96&d=mm&r=g\",\"caption\":\"Cl\u00faster Log\u00edstic de Catalunya\"},\"description\":\"Alineem estrat\u00e8gies i sumar esfor\u00e7os per potenciar l'activitat industrial a les pimes | Alineamos estrategias y sumar esfuerzos para potenciar la actividad industrial en las pymes.\",\"url\":\"https:\\\/\\\/clusterlogistic.org\\\/es\\\/author\\\/pilar-minguez\\\/\"}]}<\/script>\n<!-- \/ Yoast SEO plugin. -->","yoast_head_json":{"title":"Maersk electrificar\u00e1 su flota naviera con bater\u00edas especiales - Cl\u00faster Log\u00edstic de Catalunya","robots":{"index":"index","follow":"follow","max-snippet":"max-snippet:-1","max-image-preview":"max-image-preview:large","max-video-preview":"max-video-preview:-1"},"canonical":"https:\/\/clusterlogistic.org\/maersk-electrificara-la-seva-flota-naviliera-amb-bateries-especials-2\/","og_locale":"es_ES","og_type":"article","og_title":"Maersk electrificar\u00e1 su flota naviera con bater\u00edas especiales - Cl\u00faster Log\u00edstic de Catalunya","og_description":"Mediante el uso de un nuevo sistema de bater\u00edas contenerizado, la naviera danesa Maersk inicia el proceso de electrificaci\u00f3n de su flota naviera. La prueba del sistema la realizar\u00e1 en diciembre en su buque Cape Town dotado con una potencia de 600 kWh. Con este testeo la compa\u00f1\u00eda podr\u00e1 determinar si puede dar un paso [&hellip;]","og_url":"https:\/\/clusterlogistic.org\/maersk-electrificara-la-seva-flota-naviliera-amb-bateries-especials-2\/","og_site_name":"Cl\u00faster Log\u00edstic de Catalunya","article_published_time":"2020-01-31T06:00:23+00:00","article_modified_time":"2020-03-22T15:55:21+00:00","og_image":[{"width":800,"height":445,"url":"https:\/\/clusterlogistic.org\/wp-content\/uploads\/2020\/03\/Maersk-electrificar\u00e1-su-flota-naviera-con-bater\u00edas-especiales.jpg","type":"image\/jpeg"}],"author":"Cl\u00faster Log\u00edstic de Catalunya","twitter_card":"summary_large_image","twitter_misc":{"Escrito por":"Cl\u00faster Log\u00edstic de Catalunya","Tiempo de lectura":"3 minutos"},"schema":{"@context":"https:\/\/schema.org","@graph":[{"@type":"Article","@id":"https:\/\/clusterlogistic.org\/maersk-electrificara-la-seva-flota-naviliera-amb-bateries-especials-2\/#article","isPartOf":{"@id":"https:\/\/clusterlogistic.org\/maersk-electrificara-la-seva-flota-naviliera-amb-bateries-especials-2\/"},"author":{"name":"Cl\u00faster Log\u00edstic de Catalunya","@id":"https:\/\/clusterlogistic.org\/es\/#\/schema\/person\/2f968404d010f4cfb1fb1faa4cc8cd64"},"headline":"Maersk electrificar\u00e1 su flota naviera con bater\u00edas especiales","datePublished":"2020-01-31T06:00:23+00:00","dateModified":"2020-03-22T15:55:21+00:00","mainEntityOfPage":{"@id":"https:\/\/clusterlogistic.org\/maersk-electrificara-la-seva-flota-naviliera-amb-bateries-especials-2\/"},"wordCount":547,"publisher":{"@id":"https:\/\/clusterlogistic.org\/es\/#organization"},"image":{"@id":"https:\/\/clusterlogistic.org\/maersk-electrificara-la-seva-flota-naviliera-amb-bateries-especials-2\/#primaryimage"},"thumbnailUrl":"https:\/\/clusterlogistic.org\/wp-content\/uploads\/2020\/03\/Maersk-electrificar\u00e1-su-flota-naviera-con-bater\u00edas-especiales.jpg","articleSection":["Actualidad"],"inLanguage":"es"},{"@type":"WebPage","@id":"https:\/\/clusterlogistic.org\/maersk-electrificara-la-seva-flota-naviliera-amb-bateries-especials-2\/","url":"https:\/\/clusterlogistic.org\/maersk-electrificara-la-seva-flota-naviliera-amb-bateries-especials-2\/","name":"Maersk electrificar\u00e1 su flota naviera con bater\u00edas especiales - Cl\u00faster Log\u00edstic de Catalunya","isPartOf":{"@id":"https:\/\/clusterlogistic.org\/es\/#website"},"primaryImageOfPage":{"@id":"https:\/\/clusterlogistic.org\/maersk-electrificara-la-seva-flota-naviliera-amb-bateries-especials-2\/#primaryimage"},"image":{"@id":"https:\/\/clusterlogistic.org\/maersk-electrificara-la-seva-flota-naviliera-amb-bateries-especials-2\/#primaryimage"},"thumbnailUrl":"https:\/\/clusterlogistic.org\/wp-content\/uploads\/2020\/03\/Maersk-electrificar\u00e1-su-flota-naviera-con-bater\u00edas-especiales.jpg","datePublished":"2020-01-31T06:00:23+00:00","dateModified":"2020-03-22T15:55:21+00:00","breadcrumb":{"@id":"https:\/\/clusterlogistic.org\/maersk-electrificara-la-seva-flota-naviliera-amb-bateries-especials-2\/#breadcrumb"},"inLanguage":"es","potentialAction":[{"@type":"ReadAction","target":["https:\/\/clusterlogistic.org\/maersk-electrificara-la-seva-flota-naviliera-amb-bateries-especials-2\/"]}]},{"@type":"ImageObject","inLanguage":"es","@id":"https:\/\/clusterlogistic.org\/maersk-electrificara-la-seva-flota-naviliera-amb-bateries-especials-2\/#primaryimage","url":"https:\/\/clusterlogistic.org\/wp-content\/uploads\/2020\/03\/Maersk-electrificar\u00e1-su-flota-naviera-con-bater\u00edas-especiales.jpg","contentUrl":"https:\/\/clusterlogistic.org\/wp-content\/uploads\/2020\/03\/Maersk-electrificar\u00e1-su-flota-naviera-con-bater\u00edas-especiales.jpg","width":800,"height":445},{"@type":"BreadcrumbList","@id":"https:\/\/clusterlogistic.org\/maersk-electrificara-la-seva-flota-naviliera-amb-bateries-especials-2\/#breadcrumb","itemListElement":[{"@type":"ListItem","position":1,"name":"Portada","item":"https:\/\/clusterlogistic.org\/es\/"},{"@type":"ListItem","position":2,"name":"Maersk electrificar\u00e1 su flota naviera con bater\u00edas especiales"}]},{"@type":"WebSite","@id":"https:\/\/clusterlogistic.org\/es\/#website","url":"https:\/\/clusterlogistic.org\/es\/","name":"Cl\u00faster Log\u00edstic de Catalunya","description":"associaci\u00f3 sense \u00e0nim de lucre","publisher":{"@id":"https:\/\/clusterlogistic.org\/es\/#organization"},"potentialAction":[{"@type":"SearchAction","target":{"@type":"EntryPoint","urlTemplate":"https:\/\/clusterlogistic.org\/es\/?s={search_term_string}"},"query-input":{"@type":"PropertyValueSpecification","valueRequired":true,"valueName":"search_term_string"}}],"inLanguage":"es"},{"@type":"Organization","@id":"https:\/\/clusterlogistic.org\/es\/#organization","name":"Cl\u00faster Log\u00edstic de Catalunya","url":"https:\/\/clusterlogistic.org\/es\/","logo":{"@type":"ImageObject","inLanguage":"es","@id":"https:\/\/clusterlogistic.org\/es\/#\/schema\/logo\/image\/","url":"https:\/\/clusterlogistic.org\/wp-content\/uploads\/2017\/07\/cropped-Logo-CL-llegenda-gran.jpg","contentUrl":"https:\/\/clusterlogistic.org\/wp-content\/uploads\/2017\/07\/cropped-Logo-CL-llegenda-gran.jpg","width":512,"height":512,"caption":"Cl\u00faster Log\u00edstic de Catalunya"},"image":{"@id":"https:\/\/clusterlogistic.org\/es\/#\/schema\/logo\/image\/"}},{"@type":"Person","@id":"https:\/\/clusterlogistic.org\/es\/#\/schema\/person\/2f968404d010f4cfb1fb1faa4cc8cd64","name":"Cl\u00faster Log\u00edstic de Catalunya","image":{"@type":"ImageObject","inLanguage":"es","@id":"https:\/\/secure.gravatar.com\/avatar\/d70e6dad54fc96678ebb563883ef31c8b8b0a127bb640252f5ba3696ded226fe?s=96&d=mm&r=g","url":"https:\/\/secure.gravatar.com\/avatar\/d70e6dad54fc96678ebb563883ef31c8b8b0a127bb640252f5ba3696ded226fe?s=96&d=mm&r=g","contentUrl":"https:\/\/secure.gravatar.com\/avatar\/d70e6dad54fc96678ebb563883ef31c8b8b0a127bb640252f5ba3696ded226fe?s=96&d=mm&r=g","caption":"Cl\u00faster Log\u00edstic de Catalunya"},"description":"Alineem estrat\u00e8gies i sumar esfor\u00e7os per potenciar l'activitat industrial a les pimes | Alineamos estrategias y sumar esfuerzos para potenciar la actividad industrial en las pymes.","url":"https:\/\/clusterlogistic.org\/es\/author\/pilar-minguez\/"}]}},"_links":{"self":[{"href":"https:\/\/clusterlogistic.org\/es\/wp-json\/wp\/v2\/posts\/1967","targetHints":{"allow":["GET"]}}],"collection":[{"href":"https:\/\/clusterlogistic.org\/es\/wp-json\/wp\/v2\/posts"}],"about":[{"href":"https:\/\/clusterlogistic.org\/es\/wp-json\/wp\/v2\/types\/post"}],"author":[{"embeddable":true,"href":"https:\/\/clusterlogistic.org\/es\/wp-json\/wp\/v2\/users\/3"}],"replies":[{"embeddable":true,"href":"https:\/\/clusterlogistic.org\/es\/wp-json\/wp\/v2\/comments?post=1967"}],"version-history":[{"count":1,"href":"https:\/\/clusterlogistic.org\/es\/wp-json\/wp\/v2\/posts\/1967\/revisions"}],"predecessor-version":[{"id":2345,"href":"https:\/\/clusterlogistic.org\/es\/wp-json\/wp\/v2\/posts\/1967\/revisions\/2345"}],"wp:featuredmedia":[{"embeddable":true,"href":"https:\/\/clusterlogistic.org\/es\/wp-json\/wp\/v2\/media\/2318"}],"wp:attachment":[{"href":"https:\/\/clusterlogistic.org\/es\/wp-json\/wp\/v2\/media?parent=1967"}],"wp:term":[{"taxonomy":"category","embeddable":true,"href":"https:\/\/clusterlogistic.org\/es\/wp-json\/wp\/v2\/categories?post=1967"},{"taxonomy":"post_tag","embeddable":true,"href":"https:\/\/clusterlogistic.org\/es\/wp-json\/wp\/v2\/tags?post=1967"}],"curies":[{"name":"wp","href":"https:\/\/api.w.org\/{rel}","templated":true}]}}