{"id":2278,"date":"2020-01-24T08:00:21","date_gmt":"2020-01-24T06:00:21","guid":{"rendered":"https:\/\/clusterlogistic.org\/?p=1962"},"modified":"2020-03-22T17:56:19","modified_gmt":"2020-03-22T15:56:19","slug":"crecio-el-trafico-del-port-a-pesar-de-la-caida-del-numero-de-contenedores","status":"publish","type":"post","link":"https:\/\/clusterlogistic.org\/es\/crecio-el-trafico-del-port-a-pesar-de-la-caida-del-numero-de-contenedores\/","title":{"rendered":"Creci\u00f3 el tr\u00e1fico del Port a pesar de la ca\u00edda del n\u00famero de contenedores"},"content":{"rendered":"<p>El tr\u00e1fico portuario de Barcelona creci\u00f3 entre enero y octubre de 2019 a pesar del descenso en el n\u00famero de contenedores. Los datos consolidados establecen que los l\u00edquidos a granel favorecieron los resultados, mientras que los TEUS canalizados cayeron durante el mes de octubre en un 12,2%.<br \/>\nBajo este an\u00e1lisis el Port de Barcelona registr\u00f3 la movilizaci\u00f3n de 57,6 millones de toneladas de enero a octubre del presente a\u00f1o, lo que representa un 1,3% m\u00e1s en comparaci\u00f3n con el mismo periodo de 2018.<br \/>\nAl igual que en el mes de septiembre, el incremento del tr\u00e1fico se favoreci\u00f3 gracias a los l\u00edquidos a granel que han registrado un crecimiento del 8,8% con 13,9 millones de toneladas. Sin embargo y a pesar de ello, el tr\u00e1fico total de contenedores descendi\u00f3 el 0,9% hasta los 2,8 millones de TEUS. Con ello y por primera vez en el a\u00f1o el segmento cierra su acumulado en negativo.<br \/>\nEn cifras el puerto catal\u00e1n canaliz\u00f3 281.407 TEUS en octubre, lo que representa un 12,2% menos frente al mismo mes de 2018.<br \/>\nEn el periodo analizado los contenedores llenos de tr\u00e1nsito cayeron el 5,1%, hasta los 955.457 TEUS; y los de exportaci\u00f3n el 3,4%, con 605.496 TEUS. A pesar de ello, estas cifras se compensan parcialmente debido al aumento de las importaciones de contenedores llenos que han sumado el 1,9% y alcanzado 501.110 TEUS.<br \/>\nLos principales pa\u00edses de procedencia y de destino de los contenedores han sido Estados Unidos, China, Turqu\u00eda, Emiratos \u00c1rabes y Argelia. En las importaciones registradas tambi\u00e9n se observan otras ubicaciones como India y Corea del Sur.<\/p>\n<h2>Recuperaci\u00f3n gracias al tr\u00e1fico de autom\u00f3viles<\/h2>\n<p>Hasta octubre de 2019 los autom\u00f3viles sumaron 655.146 unidades. A pesar de que esta cifra est\u00e1 el 2,9% por debajo de los veh\u00edculos movidos durante los diez primeros meses del 2018, el impulso que se observa de este tr\u00e1fico a finales del presente a\u00f1o est\u00e1 permitiendo que se recupere terreno perdido, seg\u00fan lo manifiesta la autoridad portuaria.<br \/>\nEn cuanto a autom\u00f3viles en octubre de 2019 el crecimiento fue de 12,9% respecto al mismo mes del a\u00f1o anterior, mientras que el crecimiento en septiembre fue del 21,7% y en el mes de agosto del 12,2%.<\/p>\n<h2>L\u00edquidos a granel<\/h2>\n<p>En la categor\u00eda de l\u00edquidos a granel se destacan las subidas de productos como los biocombustibles con un 145,5%; los aceites y grasas con 32,7%; el gasoil con 21,8% y los qu\u00edmicos con 6,1%.<\/p>\n<h2>S\u00f3lidos a granel<\/h2>\n<p>En lo relacionado con s\u00f3lidos a granel sus vol\u00famenes cayeron el 2,8% registrando un total de 3,4 millones de toneladas. Los pa\u00edses que han tenido mayor interacci\u00f3n con el puerto de Barcelona han sido Jap\u00f3n, Egipto, Arabia Saud\u00ed, Turqu\u00eda y Estados Unidos.<\/p>\n<h2>Mercanc\u00edas movilizadas en transporte mar\u00edtimo de corta distancia<\/h2>\n<p>Estas mercanc\u00edas sumaron 27 millones de toneladas, es decir un 0,9% m\u00e1s que en 2018.<\/p>\n<h2>Pasajeros<\/h2>\n<p>El puerto recibi\u00f3 unos 4,2 millones de viajeros, el 2,9% m\u00e1s con respecto al a\u00f1o pasado. De estos pasajeros unos 1,4 millones usaron ferries (con un crecimiento del 3,4%) y 2,8 millones fueron cruceristas (el 2,7% m\u00e1s).<\/p>\n","protected":false},"excerpt":{"rendered":"<p>El tr\u00e1fico portuario de Barcelona creci\u00f3 entre enero y octubre de 2019 a pesar del descenso en el n\u00famero de contenedores. Los datos consolidados establecen que los l\u00edquidos a granel favorecieron los resultados, mientras que los TEUS canalizados cayeron durante el mes de octubre en un 12,2%. Bajo este an\u00e1lisis el Port de Barcelona registr\u00f3 [&hellip;]<\/p>\n","protected":false},"author":3,"featured_media":2300,"comment_status":"closed","ping_status":"closed","sticky":false,"template":"","format":"standard","meta":{"footnotes":""},"categories":[16],"tags":[],"class_list":["post-2278","post","type-post","status-publish","format-standard","has-post-thumbnail","hentry","category-actualidad"],"yoast_head":"<!-- This site is optimized with the Yoast SEO plugin v27.4 - https:\/\/yoast.com\/product\/yoast-seo-wordpress\/ -->\n<title>Creci\u00f3 el tr\u00e1fico del Port a pesar de la ca\u00edda del n\u00famero de contenedores - Cl\u00faster Log\u00edstic de Catalunya<\/title>\n<meta name=\"robots\" content=\"index, follow, max-snippet:-1, max-image-preview:large, max-video-preview:-1\" \/>\n<link rel=\"canonical\" href=\"https:\/\/clusterlogistic.org\/es\/crecio-el-trafico-del-port-a-pesar-de-la-caida-del-numero-de-contenedores\/\" \/>\n<meta property=\"og:locale\" content=\"es_ES\" \/>\n<meta property=\"og:type\" content=\"article\" \/>\n<meta property=\"og:title\" content=\"Creci\u00f3 el tr\u00e1fico del Port a pesar de la ca\u00edda del n\u00famero de contenedores - Cl\u00faster Log\u00edstic de Catalunya\" \/>\n<meta property=\"og:description\" content=\"El tr\u00e1fico portuario de Barcelona creci\u00f3 entre enero y octubre de 2019 a pesar del descenso en el n\u00famero de contenedores. Los datos consolidados establecen que los l\u00edquidos a granel favorecieron los resultados, mientras que los TEUS canalizados cayeron durante el mes de octubre en un 12,2%. Bajo este an\u00e1lisis el Port de Barcelona registr\u00f3 [&hellip;]\" \/>\n<meta property=\"og:url\" content=\"https:\/\/clusterlogistic.org\/es\/crecio-el-trafico-del-port-a-pesar-de-la-caida-del-numero-de-contenedores\/\" \/>\n<meta property=\"og:site_name\" content=\"Cl\u00faster Log\u00edstic de Catalunya\" \/>\n<meta property=\"article:published_time\" content=\"2020-01-24T06:00:21+00:00\" \/>\n<meta property=\"article:modified_time\" content=\"2020-03-22T15:56:19+00:00\" \/>\n<meta property=\"og:image\" content=\"https:\/\/clusterlogistic.org\/wp-content\/uploads\/2020\/03\/Creci\u00f3-el-tr\u00e1fico-del-Port-a-pesar-de-la-ca\u00edda-del-n\u00famero-de-contenedores-1080x675-1.jpg\" \/>\n\t<meta property=\"og:image:width\" content=\"1080\" \/>\n\t<meta property=\"og:image:height\" content=\"675\" \/>\n\t<meta property=\"og:image:type\" content=\"image\/jpeg\" \/>\n<meta name=\"author\" content=\"Cl\u00faster Log\u00edstic de Catalunya\" \/>\n<meta name=\"twitter:card\" content=\"summary_large_image\" \/>\n<meta name=\"twitter:label1\" content=\"Escrito por\" \/>\n\t<meta name=\"twitter:data1\" content=\"Cl\u00faster Log\u00edstic de Catalunya\" \/>\n\t<meta name=\"twitter:label2\" content=\"Tiempo de lectura\" \/>\n\t<meta name=\"twitter:data2\" content=\"3 minutos\" \/>\n<script type=\"application\/ld+json\" class=\"yoast-schema-graph\">{\"@context\":\"https:\\\/\\\/schema.org\",\"@graph\":[{\"@type\":\"Article\",\"@id\":\"https:\\\/\\\/clusterlogistic.org\\\/es\\\/crecio-el-trafico-del-port-a-pesar-de-la-caida-del-numero-de-contenedores\\\/#article\",\"isPartOf\":{\"@id\":\"https:\\\/\\\/clusterlogistic.org\\\/es\\\/crecio-el-trafico-del-port-a-pesar-de-la-caida-del-numero-de-contenedores\\\/\"},\"author\":{\"name\":\"Cl\u00faster Log\u00edstic de Catalunya\",\"@id\":\"https:\\\/\\\/clusterlogistic.org\\\/es\\\/#\\\/schema\\\/person\\\/2f968404d010f4cfb1fb1faa4cc8cd64\"},\"headline\":\"Creci\u00f3 el tr\u00e1fico del Port a pesar de la ca\u00edda del n\u00famero de contenedores\",\"datePublished\":\"2020-01-24T06:00:21+00:00\",\"dateModified\":\"2020-03-22T15:56:19+00:00\",\"mainEntityOfPage\":{\"@id\":\"https:\\\/\\\/clusterlogistic.org\\\/es\\\/crecio-el-trafico-del-port-a-pesar-de-la-caida-del-numero-de-contenedores\\\/\"},\"wordCount\":527,\"publisher\":{\"@id\":\"https:\\\/\\\/clusterlogistic.org\\\/es\\\/#organization\"},\"image\":{\"@id\":\"https:\\\/\\\/clusterlogistic.org\\\/es\\\/crecio-el-trafico-del-port-a-pesar-de-la-caida-del-numero-de-contenedores\\\/#primaryimage\"},\"thumbnailUrl\":\"https:\\\/\\\/clusterlogistic.org\\\/wp-content\\\/uploads\\\/2020\\\/03\\\/Creci\u00f3-el-tr\u00e1fico-del-Port-a-pesar-de-la-ca\u00edda-del-n\u00famero-de-contenedores-1080x675-1.jpg\",\"articleSection\":[\"Actualidad\"],\"inLanguage\":\"es\"},{\"@type\":\"WebPage\",\"@id\":\"https:\\\/\\\/clusterlogistic.org\\\/es\\\/crecio-el-trafico-del-port-a-pesar-de-la-caida-del-numero-de-contenedores\\\/\",\"url\":\"https:\\\/\\\/clusterlogistic.org\\\/es\\\/crecio-el-trafico-del-port-a-pesar-de-la-caida-del-numero-de-contenedores\\\/\",\"name\":\"Creci\u00f3 el tr\u00e1fico del Port a pesar de la ca\u00edda del n\u00famero de contenedores - Cl\u00faster Log\u00edstic de Catalunya\",\"isPartOf\":{\"@id\":\"https:\\\/\\\/clusterlogistic.org\\\/es\\\/#website\"},\"primaryImageOfPage\":{\"@id\":\"https:\\\/\\\/clusterlogistic.org\\\/es\\\/crecio-el-trafico-del-port-a-pesar-de-la-caida-del-numero-de-contenedores\\\/#primaryimage\"},\"image\":{\"@id\":\"https:\\\/\\\/clusterlogistic.org\\\/es\\\/crecio-el-trafico-del-port-a-pesar-de-la-caida-del-numero-de-contenedores\\\/#primaryimage\"},\"thumbnailUrl\":\"https:\\\/\\\/clusterlogistic.org\\\/wp-content\\\/uploads\\\/2020\\\/03\\\/Creci\u00f3-el-tr\u00e1fico-del-Port-a-pesar-de-la-ca\u00edda-del-n\u00famero-de-contenedores-1080x675-1.jpg\",\"datePublished\":\"2020-01-24T06:00:21+00:00\",\"dateModified\":\"2020-03-22T15:56:19+00:00\",\"breadcrumb\":{\"@id\":\"https:\\\/\\\/clusterlogistic.org\\\/es\\\/crecio-el-trafico-del-port-a-pesar-de-la-caida-del-numero-de-contenedores\\\/#breadcrumb\"},\"inLanguage\":\"es\",\"potentialAction\":[{\"@type\":\"ReadAction\",\"target\":[\"https:\\\/\\\/clusterlogistic.org\\\/es\\\/crecio-el-trafico-del-port-a-pesar-de-la-caida-del-numero-de-contenedores\\\/\"]}]},{\"@type\":\"ImageObject\",\"inLanguage\":\"es\",\"@id\":\"https:\\\/\\\/clusterlogistic.org\\\/es\\\/crecio-el-trafico-del-port-a-pesar-de-la-caida-del-numero-de-contenedores\\\/#primaryimage\",\"url\":\"https:\\\/\\\/clusterlogistic.org\\\/wp-content\\\/uploads\\\/2020\\\/03\\\/Creci\u00f3-el-tr\u00e1fico-del-Port-a-pesar-de-la-ca\u00edda-del-n\u00famero-de-contenedores-1080x675-1.jpg\",\"contentUrl\":\"https:\\\/\\\/clusterlogistic.org\\\/wp-content\\\/uploads\\\/2020\\\/03\\\/Creci\u00f3-el-tr\u00e1fico-del-Port-a-pesar-de-la-ca\u00edda-del-n\u00famero-de-contenedores-1080x675-1.jpg\",\"width\":1080,\"height\":675},{\"@type\":\"BreadcrumbList\",\"@id\":\"https:\\\/\\\/clusterlogistic.org\\\/es\\\/crecio-el-trafico-del-port-a-pesar-de-la-caida-del-numero-de-contenedores\\\/#breadcrumb\",\"itemListElement\":[{\"@type\":\"ListItem\",\"position\":1,\"name\":\"Portada\",\"item\":\"https:\\\/\\\/clusterlogistic.org\\\/es\\\/\"},{\"@type\":\"ListItem\",\"position\":2,\"name\":\"Creci\u00f3 el tr\u00e1fico del Port a pesar de la ca\u00edda del n\u00famero de contenedores\"}]},{\"@type\":\"WebSite\",\"@id\":\"https:\\\/\\\/clusterlogistic.org\\\/es\\\/#website\",\"url\":\"https:\\\/\\\/clusterlogistic.org\\\/es\\\/\",\"name\":\"Cl\u00faster Log\u00edstic de Catalunya\",\"description\":\"associaci\u00f3 sense \u00e0nim de lucre\",\"publisher\":{\"@id\":\"https:\\\/\\\/clusterlogistic.org\\\/es\\\/#organization\"},\"potentialAction\":[{\"@type\":\"SearchAction\",\"target\":{\"@type\":\"EntryPoint\",\"urlTemplate\":\"https:\\\/\\\/clusterlogistic.org\\\/es\\\/?s={search_term_string}\"},\"query-input\":{\"@type\":\"PropertyValueSpecification\",\"valueRequired\":true,\"valueName\":\"search_term_string\"}}],\"inLanguage\":\"es\"},{\"@type\":\"Organization\",\"@id\":\"https:\\\/\\\/clusterlogistic.org\\\/es\\\/#organization\",\"name\":\"Cl\u00faster Log\u00edstic de Catalunya\",\"url\":\"https:\\\/\\\/clusterlogistic.org\\\/es\\\/\",\"logo\":{\"@type\":\"ImageObject\",\"inLanguage\":\"es\",\"@id\":\"https:\\\/\\\/clusterlogistic.org\\\/es\\\/#\\\/schema\\\/logo\\\/image\\\/\",\"url\":\"https:\\\/\\\/clusterlogistic.org\\\/wp-content\\\/uploads\\\/2017\\\/07\\\/cropped-Logo-CL-llegenda-gran.jpg\",\"contentUrl\":\"https:\\\/\\\/clusterlogistic.org\\\/wp-content\\\/uploads\\\/2017\\\/07\\\/cropped-Logo-CL-llegenda-gran.jpg\",\"width\":512,\"height\":512,\"caption\":\"Cl\u00faster Log\u00edstic de Catalunya\"},\"image\":{\"@id\":\"https:\\\/\\\/clusterlogistic.org\\\/es\\\/#\\\/schema\\\/logo\\\/image\\\/\"}},{\"@type\":\"Person\",\"@id\":\"https:\\\/\\\/clusterlogistic.org\\\/es\\\/#\\\/schema\\\/person\\\/2f968404d010f4cfb1fb1faa4cc8cd64\",\"name\":\"Cl\u00faster Log\u00edstic de Catalunya\",\"image\":{\"@type\":\"ImageObject\",\"inLanguage\":\"es\",\"@id\":\"https:\\\/\\\/secure.gravatar.com\\\/avatar\\\/d70e6dad54fc96678ebb563883ef31c8b8b0a127bb640252f5ba3696ded226fe?s=96&d=mm&r=g\",\"url\":\"https:\\\/\\\/secure.gravatar.com\\\/avatar\\\/d70e6dad54fc96678ebb563883ef31c8b8b0a127bb640252f5ba3696ded226fe?s=96&d=mm&r=g\",\"contentUrl\":\"https:\\\/\\\/secure.gravatar.com\\\/avatar\\\/d70e6dad54fc96678ebb563883ef31c8b8b0a127bb640252f5ba3696ded226fe?s=96&d=mm&r=g\",\"caption\":\"Cl\u00faster Log\u00edstic de Catalunya\"},\"description\":\"Alineem estrat\u00e8gies i sumar esfor\u00e7os per potenciar l'activitat industrial a les pimes | Alineamos estrategias y sumar esfuerzos para potenciar la actividad industrial en las pymes.\",\"url\":\"https:\\\/\\\/clusterlogistic.org\\\/es\\\/author\\\/pilar-minguez\\\/\"}]}<\/script>\n<!-- \/ Yoast SEO plugin. -->","yoast_head_json":{"title":"Creci\u00f3 el tr\u00e1fico del Port a pesar de la ca\u00edda del n\u00famero de contenedores - Cl\u00faster Log\u00edstic de Catalunya","robots":{"index":"index","follow":"follow","max-snippet":"max-snippet:-1","max-image-preview":"max-image-preview:large","max-video-preview":"max-video-preview:-1"},"canonical":"https:\/\/clusterlogistic.org\/es\/crecio-el-trafico-del-port-a-pesar-de-la-caida-del-numero-de-contenedores\/","og_locale":"es_ES","og_type":"article","og_title":"Creci\u00f3 el tr\u00e1fico del Port a pesar de la ca\u00edda del n\u00famero de contenedores - Cl\u00faster Log\u00edstic de Catalunya","og_description":"El tr\u00e1fico portuario de Barcelona creci\u00f3 entre enero y octubre de 2019 a pesar del descenso en el n\u00famero de contenedores. Los datos consolidados establecen que los l\u00edquidos a granel favorecieron los resultados, mientras que los TEUS canalizados cayeron durante el mes de octubre en un 12,2%. Bajo este an\u00e1lisis el Port de Barcelona registr\u00f3 [&hellip;]","og_url":"https:\/\/clusterlogistic.org\/es\/crecio-el-trafico-del-port-a-pesar-de-la-caida-del-numero-de-contenedores\/","og_site_name":"Cl\u00faster Log\u00edstic de Catalunya","article_published_time":"2020-01-24T06:00:21+00:00","article_modified_time":"2020-03-22T15:56:19+00:00","og_image":[{"width":1080,"height":675,"url":"https:\/\/clusterlogistic.org\/wp-content\/uploads\/2020\/03\/Creci\u00f3-el-tr\u00e1fico-del-Port-a-pesar-de-la-ca\u00edda-del-n\u00famero-de-contenedores-1080x675-1.jpg","type":"image\/jpeg"}],"author":"Cl\u00faster Log\u00edstic de Catalunya","twitter_card":"summary_large_image","twitter_misc":{"Escrito por":"Cl\u00faster Log\u00edstic de Catalunya","Tiempo de lectura":"3 minutos"},"schema":{"@context":"https:\/\/schema.org","@graph":[{"@type":"Article","@id":"https:\/\/clusterlogistic.org\/es\/crecio-el-trafico-del-port-a-pesar-de-la-caida-del-numero-de-contenedores\/#article","isPartOf":{"@id":"https:\/\/clusterlogistic.org\/es\/crecio-el-trafico-del-port-a-pesar-de-la-caida-del-numero-de-contenedores\/"},"author":{"name":"Cl\u00faster Log\u00edstic de Catalunya","@id":"https:\/\/clusterlogistic.org\/es\/#\/schema\/person\/2f968404d010f4cfb1fb1faa4cc8cd64"},"headline":"Creci\u00f3 el tr\u00e1fico del Port a pesar de la ca\u00edda del n\u00famero de contenedores","datePublished":"2020-01-24T06:00:21+00:00","dateModified":"2020-03-22T15:56:19+00:00","mainEntityOfPage":{"@id":"https:\/\/clusterlogistic.org\/es\/crecio-el-trafico-del-port-a-pesar-de-la-caida-del-numero-de-contenedores\/"},"wordCount":527,"publisher":{"@id":"https:\/\/clusterlogistic.org\/es\/#organization"},"image":{"@id":"https:\/\/clusterlogistic.org\/es\/crecio-el-trafico-del-port-a-pesar-de-la-caida-del-numero-de-contenedores\/#primaryimage"},"thumbnailUrl":"https:\/\/clusterlogistic.org\/wp-content\/uploads\/2020\/03\/Creci\u00f3-el-tr\u00e1fico-del-Port-a-pesar-de-la-ca\u00edda-del-n\u00famero-de-contenedores-1080x675-1.jpg","articleSection":["Actualidad"],"inLanguage":"es"},{"@type":"WebPage","@id":"https:\/\/clusterlogistic.org\/es\/crecio-el-trafico-del-port-a-pesar-de-la-caida-del-numero-de-contenedores\/","url":"https:\/\/clusterlogistic.org\/es\/crecio-el-trafico-del-port-a-pesar-de-la-caida-del-numero-de-contenedores\/","name":"Creci\u00f3 el tr\u00e1fico del Port a pesar de la ca\u00edda del n\u00famero de contenedores - Cl\u00faster Log\u00edstic de Catalunya","isPartOf":{"@id":"https:\/\/clusterlogistic.org\/es\/#website"},"primaryImageOfPage":{"@id":"https:\/\/clusterlogistic.org\/es\/crecio-el-trafico-del-port-a-pesar-de-la-caida-del-numero-de-contenedores\/#primaryimage"},"image":{"@id":"https:\/\/clusterlogistic.org\/es\/crecio-el-trafico-del-port-a-pesar-de-la-caida-del-numero-de-contenedores\/#primaryimage"},"thumbnailUrl":"https:\/\/clusterlogistic.org\/wp-content\/uploads\/2020\/03\/Creci\u00f3-el-tr\u00e1fico-del-Port-a-pesar-de-la-ca\u00edda-del-n\u00famero-de-contenedores-1080x675-1.jpg","datePublished":"2020-01-24T06:00:21+00:00","dateModified":"2020-03-22T15:56:19+00:00","breadcrumb":{"@id":"https:\/\/clusterlogistic.org\/es\/crecio-el-trafico-del-port-a-pesar-de-la-caida-del-numero-de-contenedores\/#breadcrumb"},"inLanguage":"es","potentialAction":[{"@type":"ReadAction","target":["https:\/\/clusterlogistic.org\/es\/crecio-el-trafico-del-port-a-pesar-de-la-caida-del-numero-de-contenedores\/"]}]},{"@type":"ImageObject","inLanguage":"es","@id":"https:\/\/clusterlogistic.org\/es\/crecio-el-trafico-del-port-a-pesar-de-la-caida-del-numero-de-contenedores\/#primaryimage","url":"https:\/\/clusterlogistic.org\/wp-content\/uploads\/2020\/03\/Creci\u00f3-el-tr\u00e1fico-del-Port-a-pesar-de-la-ca\u00edda-del-n\u00famero-de-contenedores-1080x675-1.jpg","contentUrl":"https:\/\/clusterlogistic.org\/wp-content\/uploads\/2020\/03\/Creci\u00f3-el-tr\u00e1fico-del-Port-a-pesar-de-la-ca\u00edda-del-n\u00famero-de-contenedores-1080x675-1.jpg","width":1080,"height":675},{"@type":"BreadcrumbList","@id":"https:\/\/clusterlogistic.org\/es\/crecio-el-trafico-del-port-a-pesar-de-la-caida-del-numero-de-contenedores\/#breadcrumb","itemListElement":[{"@type":"ListItem","position":1,"name":"Portada","item":"https:\/\/clusterlogistic.org\/es\/"},{"@type":"ListItem","position":2,"name":"Creci\u00f3 el tr\u00e1fico del Port a pesar de la ca\u00edda del n\u00famero de contenedores"}]},{"@type":"WebSite","@id":"https:\/\/clusterlogistic.org\/es\/#website","url":"https:\/\/clusterlogistic.org\/es\/","name":"Cl\u00faster Log\u00edstic de Catalunya","description":"associaci\u00f3 sense \u00e0nim de lucre","publisher":{"@id":"https:\/\/clusterlogistic.org\/es\/#organization"},"potentialAction":[{"@type":"SearchAction","target":{"@type":"EntryPoint","urlTemplate":"https:\/\/clusterlogistic.org\/es\/?s={search_term_string}"},"query-input":{"@type":"PropertyValueSpecification","valueRequired":true,"valueName":"search_term_string"}}],"inLanguage":"es"},{"@type":"Organization","@id":"https:\/\/clusterlogistic.org\/es\/#organization","name":"Cl\u00faster Log\u00edstic de Catalunya","url":"https:\/\/clusterlogistic.org\/es\/","logo":{"@type":"ImageObject","inLanguage":"es","@id":"https:\/\/clusterlogistic.org\/es\/#\/schema\/logo\/image\/","url":"https:\/\/clusterlogistic.org\/wp-content\/uploads\/2017\/07\/cropped-Logo-CL-llegenda-gran.jpg","contentUrl":"https:\/\/clusterlogistic.org\/wp-content\/uploads\/2017\/07\/cropped-Logo-CL-llegenda-gran.jpg","width":512,"height":512,"caption":"Cl\u00faster Log\u00edstic de Catalunya"},"image":{"@id":"https:\/\/clusterlogistic.org\/es\/#\/schema\/logo\/image\/"}},{"@type":"Person","@id":"https:\/\/clusterlogistic.org\/es\/#\/schema\/person\/2f968404d010f4cfb1fb1faa4cc8cd64","name":"Cl\u00faster Log\u00edstic de Catalunya","image":{"@type":"ImageObject","inLanguage":"es","@id":"https:\/\/secure.gravatar.com\/avatar\/d70e6dad54fc96678ebb563883ef31c8b8b0a127bb640252f5ba3696ded226fe?s=96&d=mm&r=g","url":"https:\/\/secure.gravatar.com\/avatar\/d70e6dad54fc96678ebb563883ef31c8b8b0a127bb640252f5ba3696ded226fe?s=96&d=mm&r=g","contentUrl":"https:\/\/secure.gravatar.com\/avatar\/d70e6dad54fc96678ebb563883ef31c8b8b0a127bb640252f5ba3696ded226fe?s=96&d=mm&r=g","caption":"Cl\u00faster Log\u00edstic de Catalunya"},"description":"Alineem estrat\u00e8gies i sumar esfor\u00e7os per potenciar l'activitat industrial a les pimes | Alineamos estrategias y sumar esfuerzos para potenciar la actividad industrial en las pymes.","url":"https:\/\/clusterlogistic.org\/es\/author\/pilar-minguez\/"}]}},"_links":{"self":[{"href":"https:\/\/clusterlogistic.org\/es\/wp-json\/wp\/v2\/posts\/2278","targetHints":{"allow":["GET"]}}],"collection":[{"href":"https:\/\/clusterlogistic.org\/es\/wp-json\/wp\/v2\/posts"}],"about":[{"href":"https:\/\/clusterlogistic.org\/es\/wp-json\/wp\/v2\/types\/post"}],"author":[{"embeddable":true,"href":"https:\/\/clusterlogistic.org\/es\/wp-json\/wp\/v2\/users\/3"}],"replies":[{"embeddable":true,"href":"https:\/\/clusterlogistic.org\/es\/wp-json\/wp\/v2\/comments?post=2278"}],"version-history":[{"count":1,"href":"https:\/\/clusterlogistic.org\/es\/wp-json\/wp\/v2\/posts\/2278\/revisions"}],"predecessor-version":[{"id":2347,"href":"https:\/\/clusterlogistic.org\/es\/wp-json\/wp\/v2\/posts\/2278\/revisions\/2347"}],"wp:featuredmedia":[{"embeddable":true,"href":"https:\/\/clusterlogistic.org\/es\/wp-json\/wp\/v2\/media\/2300"}],"wp:attachment":[{"href":"https:\/\/clusterlogistic.org\/es\/wp-json\/wp\/v2\/media?parent=2278"}],"wp:term":[{"taxonomy":"category","embeddable":true,"href":"https:\/\/clusterlogistic.org\/es\/wp-json\/wp\/v2\/categories?post=2278"},{"taxonomy":"post_tag","embeddable":true,"href":"https:\/\/clusterlogistic.org\/es\/wp-json\/wp\/v2\/tags?post=2278"}],"curies":[{"name":"wp","href":"https:\/\/api.w.org\/{rel}","templated":true}]}}