{"id":2282,"date":"2020-02-28T08:00:24","date_gmt":"2020-02-28T06:00:24","guid":{"rendered":"https:\/\/clusterlogistic.org\/?p=2022"},"modified":"2020-03-22T17:53:20","modified_gmt":"2020-03-22T15:53:20","slug":"el-e-commerce-espanol-crece-un-100-en-3-anos","status":"publish","type":"post","link":"https:\/\/clusterlogistic.org\/es\/el-e-commerce-espanol-crece-un-100-en-3-anos\/","title":{"rendered":"El e-commerce espa\u00f1ol crece un 100% en 3 a\u00f1os"},"content":{"rendered":"<p>El crecimiento del comercio electr\u00f3nico es Espa\u00f1a contin\u00faa en ascenso vertiginoso. Comparando cifras de facturaci\u00f3n del mismo periodo (segundo trimestre abril-junio), pero de diferentes a\u00f1os, se observa un crecimiento de un 100% en tres a\u00f1os, seg\u00fan la Comisi\u00f3n Nacional de los Mercados y la Competencia, CNMC.<br \/>\nEn este sentido durante el segundo trimestre de 2016 el comercio electr\u00f3nico espa\u00f1ol registr\u00f3 una facturaci\u00f3n de 6.000 millones de euros. Al comparar esta cifra con el mismo periodo pero de 2019, se concluye que la facturaci\u00f3n lleg\u00f3 a los 12.000 millones de euros. El crecimiento ha sido de un 100% entre 2016 y 2019.<\/p>\n<h1>Los datos m\u00e1s relevantes del segundo trimestre de 2019<\/h1>\n<p>Durante este periodo de 2019 Espa\u00f1a logr\u00f3 facturar alrededor de 12.000 millones de euros en comercio online y contin\u00faa su tendencia alcista.<br \/>\nEsta cifra supone un crecimiento de un 29% en comparaci\u00f3n con los mismos meses del a\u00f1o 2018, seg\u00fan la CNMC.<\/p>\n<h2>Sectores con mayores ingresos por actividad online<\/h2>\n<p><strong>Primer lugar: <\/strong>16% de la facturaci\u00f3n total agencias de viajes y operadores tur\u00edsticos.<br \/>\n<strong>Segundo lugar: <\/strong>8,8% transporte a\u00e9reo.<br \/>\n<strong>Tercer lugar:<\/strong> 5,8% hoteles y alojamientos.<br \/>\n<strong>Le siguen en su orden:<\/strong><br \/>\nPrendas de vestir con 5,6%<br \/>\nApuestas y juegos de azar con 3,7%<br \/>\nTransporte terrestre de pasajeros con 3,3%<br \/>\nEspect\u00e1culos y marketing directo con 2,7%<br \/>\nImpuestos, Seguridad Social y Transacciones con la Administraci\u00f3n P\u00fablica con 2,5%<br \/>\nSuscripci\u00f3n a canales de TV 1,9%<\/p>\n<h2>Datos del n\u00famero de transacciones<\/h2>\n<p>Durante este mismo periodo se registraron aproximadamente 211 millones de transacciones. El ranking por compraventas lo lidera el transporte terrestre de pasajeros con 7,5%, seguido por apuestas y juegos de azar con 5,9% y los libros, discos, peri\u00f3dicos y papeler\u00eda con 5,8%.<br \/>\nCon respecto a las transacciones segmentadas geogr\u00e1ficamente, las webs espa\u00f1olas de e-commerce obtuvieron el 53,4% de los ingresos durante el segundo trimestre de 2019. El 46,6% restante son compras que se hicieron originalmente en Espa\u00f1a pero a webs de comercio electr\u00f3nico fuera del pa\u00eds.<br \/>\nAl hacer el c\u00e1lculo de la diferencia entre lo que se compra desde otros pa\u00edses a sitios webs espa\u00f1oles y las compras desde Espa\u00f1a al exterior, se determina el saldo neto exterior. Este dato fue estimado en un d\u00e9ficit de 2.966 millones de euros.<br \/>\nEn este contexto las transacciones con origen en Espa\u00f1a hacia el exterior fueron de 5.587 millones de euros (un 25,8% m\u00e1s comparado con el segundo trimestre de 2018). De otra parte el 95,2% de las compras efectuadas en Espa\u00f1a hacia el exterior se dirigen a la Uni\u00f3n Europea.<br \/>\nAhora bien, las ventas desde webs espa\u00f1olas de comercio electr\u00f3nico hacia el exterior llegaron a facturar 2.621 millones de euros (46,4% m\u00e1s que en el segundo trimestre del a\u00f1o anterior). Por su parte el 64,9% de las compras desde el exterior procede de la Uni\u00f3n Europea.<br \/>\nLa principal conclusi\u00f3n a que llega la CNMC es que durante el periodo abril-junio de 2019 (segundo trimestre del a\u00f1o), el e-commerce en Espa\u00f1a creci\u00f3 un 9,4% comparado con el trimestre anterior y un 28,5% con respecto a los mismos meses pero de 2018.<\/p>\n","protected":false},"excerpt":{"rendered":"<p>El crecimiento del comercio electr\u00f3nico es Espa\u00f1a contin\u00faa en ascenso vertiginoso. Comparando cifras de facturaci\u00f3n del mismo periodo (segundo trimestre abril-junio), pero de diferentes a\u00f1os, se observa un crecimiento de un 100% en tres a\u00f1os, seg\u00fan la Comisi\u00f3n Nacional de los Mercados y la Competencia, CNMC. En este sentido durante el segundo trimestre de 2016 [&hellip;]<\/p>\n","protected":false},"author":3,"featured_media":2306,"comment_status":"closed","ping_status":"closed","sticky":false,"template":"","format":"standard","meta":{"footnotes":""},"categories":[16],"tags":[],"class_list":["post-2282","post","type-post","status-publish","format-standard","has-post-thumbnail","hentry","category-actualidad"],"yoast_head":"<!-- This site is optimized with the Yoast SEO plugin v27.4 - https:\/\/yoast.com\/product\/yoast-seo-wordpress\/ -->\n<title>El e-commerce espa\u00f1ol crece un 100% en 3 a\u00f1os - Cl\u00faster Log\u00edstic de Catalunya<\/title>\n<meta name=\"robots\" content=\"index, follow, max-snippet:-1, max-image-preview:large, max-video-preview:-1\" \/>\n<link rel=\"canonical\" href=\"https:\/\/clusterlogistic.org\/es\/el-e-commerce-espanol-crece-un-100-en-3-anos\/\" \/>\n<meta property=\"og:locale\" content=\"es_ES\" \/>\n<meta property=\"og:type\" content=\"article\" \/>\n<meta property=\"og:title\" content=\"El e-commerce espa\u00f1ol crece un 100% en 3 a\u00f1os - Cl\u00faster Log\u00edstic de Catalunya\" \/>\n<meta property=\"og:description\" content=\"El crecimiento del comercio electr\u00f3nico es Espa\u00f1a contin\u00faa en ascenso vertiginoso. Comparando cifras de facturaci\u00f3n del mismo periodo (segundo trimestre abril-junio), pero de diferentes a\u00f1os, se observa un crecimiento de un 100% en tres a\u00f1os, seg\u00fan la Comisi\u00f3n Nacional de los Mercados y la Competencia, CNMC. En este sentido durante el segundo trimestre de 2016 [&hellip;]\" \/>\n<meta property=\"og:url\" content=\"https:\/\/clusterlogistic.org\/es\/el-e-commerce-espanol-crece-un-100-en-3-anos\/\" \/>\n<meta property=\"og:site_name\" content=\"Cl\u00faster Log\u00edstic de Catalunya\" \/>\n<meta property=\"article:published_time\" content=\"2020-02-28T06:00:24+00:00\" \/>\n<meta property=\"article:modified_time\" content=\"2020-03-22T15:53:20+00:00\" \/>\n<meta property=\"og:image\" content=\"https:\/\/clusterlogistic.org\/wp-content\/uploads\/2020\/03\/El-e-commerce-espa\u00f1ol-crece-un-100_-en-3-a\u00f1os-1080x675-1.jpeg\" \/>\n\t<meta property=\"og:image:width\" content=\"1080\" \/>\n\t<meta property=\"og:image:height\" content=\"675\" \/>\n\t<meta property=\"og:image:type\" content=\"image\/jpeg\" \/>\n<meta name=\"author\" content=\"Cl\u00faster Log\u00edstic de Catalunya\" \/>\n<meta name=\"twitter:card\" content=\"summary_large_image\" \/>\n<meta name=\"twitter:label1\" content=\"Escrito por\" \/>\n\t<meta name=\"twitter:data1\" content=\"Cl\u00faster Log\u00edstic de Catalunya\" \/>\n\t<meta name=\"twitter:label2\" content=\"Tiempo de lectura\" \/>\n\t<meta name=\"twitter:data2\" content=\"3 minutos\" \/>\n<script type=\"application\/ld+json\" class=\"yoast-schema-graph\">{\"@context\":\"https:\\\/\\\/schema.org\",\"@graph\":[{\"@type\":\"Article\",\"@id\":\"https:\\\/\\\/clusterlogistic.org\\\/es\\\/el-e-commerce-espanol-crece-un-100-en-3-anos\\\/#article\",\"isPartOf\":{\"@id\":\"https:\\\/\\\/clusterlogistic.org\\\/es\\\/el-e-commerce-espanol-crece-un-100-en-3-anos\\\/\"},\"author\":{\"name\":\"Cl\u00faster Log\u00edstic de Catalunya\",\"@id\":\"https:\\\/\\\/clusterlogistic.org\\\/es\\\/#\\\/schema\\\/person\\\/2f968404d010f4cfb1fb1faa4cc8cd64\"},\"headline\":\"El e-commerce espa\u00f1ol crece un 100% en 3 a\u00f1os\",\"datePublished\":\"2020-02-28T06:00:24+00:00\",\"dateModified\":\"2020-03-22T15:53:20+00:00\",\"mainEntityOfPage\":{\"@id\":\"https:\\\/\\\/clusterlogistic.org\\\/es\\\/el-e-commerce-espanol-crece-un-100-en-3-anos\\\/\"},\"wordCount\":520,\"publisher\":{\"@id\":\"https:\\\/\\\/clusterlogistic.org\\\/es\\\/#organization\"},\"image\":{\"@id\":\"https:\\\/\\\/clusterlogistic.org\\\/es\\\/el-e-commerce-espanol-crece-un-100-en-3-anos\\\/#primaryimage\"},\"thumbnailUrl\":\"https:\\\/\\\/clusterlogistic.org\\\/wp-content\\\/uploads\\\/2020\\\/03\\\/El-e-commerce-espa\u00f1ol-crece-un-100_-en-3-a\u00f1os-1080x675-1.jpeg\",\"articleSection\":[\"Actualidad\"],\"inLanguage\":\"es\"},{\"@type\":\"WebPage\",\"@id\":\"https:\\\/\\\/clusterlogistic.org\\\/es\\\/el-e-commerce-espanol-crece-un-100-en-3-anos\\\/\",\"url\":\"https:\\\/\\\/clusterlogistic.org\\\/es\\\/el-e-commerce-espanol-crece-un-100-en-3-anos\\\/\",\"name\":\"El e-commerce espa\u00f1ol crece un 100% en 3 a\u00f1os - Cl\u00faster Log\u00edstic de Catalunya\",\"isPartOf\":{\"@id\":\"https:\\\/\\\/clusterlogistic.org\\\/es\\\/#website\"},\"primaryImageOfPage\":{\"@id\":\"https:\\\/\\\/clusterlogistic.org\\\/es\\\/el-e-commerce-espanol-crece-un-100-en-3-anos\\\/#primaryimage\"},\"image\":{\"@id\":\"https:\\\/\\\/clusterlogistic.org\\\/es\\\/el-e-commerce-espanol-crece-un-100-en-3-anos\\\/#primaryimage\"},\"thumbnailUrl\":\"https:\\\/\\\/clusterlogistic.org\\\/wp-content\\\/uploads\\\/2020\\\/03\\\/El-e-commerce-espa\u00f1ol-crece-un-100_-en-3-a\u00f1os-1080x675-1.jpeg\",\"datePublished\":\"2020-02-28T06:00:24+00:00\",\"dateModified\":\"2020-03-22T15:53:20+00:00\",\"breadcrumb\":{\"@id\":\"https:\\\/\\\/clusterlogistic.org\\\/es\\\/el-e-commerce-espanol-crece-un-100-en-3-anos\\\/#breadcrumb\"},\"inLanguage\":\"es\",\"potentialAction\":[{\"@type\":\"ReadAction\",\"target\":[\"https:\\\/\\\/clusterlogistic.org\\\/es\\\/el-e-commerce-espanol-crece-un-100-en-3-anos\\\/\"]}]},{\"@type\":\"ImageObject\",\"inLanguage\":\"es\",\"@id\":\"https:\\\/\\\/clusterlogistic.org\\\/es\\\/el-e-commerce-espanol-crece-un-100-en-3-anos\\\/#primaryimage\",\"url\":\"https:\\\/\\\/clusterlogistic.org\\\/wp-content\\\/uploads\\\/2020\\\/03\\\/El-e-commerce-espa\u00f1ol-crece-un-100_-en-3-a\u00f1os-1080x675-1.jpeg\",\"contentUrl\":\"https:\\\/\\\/clusterlogistic.org\\\/wp-content\\\/uploads\\\/2020\\\/03\\\/El-e-commerce-espa\u00f1ol-crece-un-100_-en-3-a\u00f1os-1080x675-1.jpeg\",\"width\":1080,\"height\":675},{\"@type\":\"BreadcrumbList\",\"@id\":\"https:\\\/\\\/clusterlogistic.org\\\/es\\\/el-e-commerce-espanol-crece-un-100-en-3-anos\\\/#breadcrumb\",\"itemListElement\":[{\"@type\":\"ListItem\",\"position\":1,\"name\":\"Portada\",\"item\":\"https:\\\/\\\/clusterlogistic.org\\\/es\\\/\"},{\"@type\":\"ListItem\",\"position\":2,\"name\":\"El e-commerce espa\u00f1ol crece un 100% en 3 a\u00f1os\"}]},{\"@type\":\"WebSite\",\"@id\":\"https:\\\/\\\/clusterlogistic.org\\\/es\\\/#website\",\"url\":\"https:\\\/\\\/clusterlogistic.org\\\/es\\\/\",\"name\":\"Cl\u00faster Log\u00edstic de Catalunya\",\"description\":\"associaci\u00f3 sense \u00e0nim de lucre\",\"publisher\":{\"@id\":\"https:\\\/\\\/clusterlogistic.org\\\/es\\\/#organization\"},\"potentialAction\":[{\"@type\":\"SearchAction\",\"target\":{\"@type\":\"EntryPoint\",\"urlTemplate\":\"https:\\\/\\\/clusterlogistic.org\\\/es\\\/?s={search_term_string}\"},\"query-input\":{\"@type\":\"PropertyValueSpecification\",\"valueRequired\":true,\"valueName\":\"search_term_string\"}}],\"inLanguage\":\"es\"},{\"@type\":\"Organization\",\"@id\":\"https:\\\/\\\/clusterlogistic.org\\\/es\\\/#organization\",\"name\":\"Cl\u00faster Log\u00edstic de Catalunya\",\"url\":\"https:\\\/\\\/clusterlogistic.org\\\/es\\\/\",\"logo\":{\"@type\":\"ImageObject\",\"inLanguage\":\"es\",\"@id\":\"https:\\\/\\\/clusterlogistic.org\\\/es\\\/#\\\/schema\\\/logo\\\/image\\\/\",\"url\":\"https:\\\/\\\/clusterlogistic.org\\\/wp-content\\\/uploads\\\/2017\\\/07\\\/cropped-Logo-CL-llegenda-gran.jpg\",\"contentUrl\":\"https:\\\/\\\/clusterlogistic.org\\\/wp-content\\\/uploads\\\/2017\\\/07\\\/cropped-Logo-CL-llegenda-gran.jpg\",\"width\":512,\"height\":512,\"caption\":\"Cl\u00faster Log\u00edstic de Catalunya\"},\"image\":{\"@id\":\"https:\\\/\\\/clusterlogistic.org\\\/es\\\/#\\\/schema\\\/logo\\\/image\\\/\"}},{\"@type\":\"Person\",\"@id\":\"https:\\\/\\\/clusterlogistic.org\\\/es\\\/#\\\/schema\\\/person\\\/2f968404d010f4cfb1fb1faa4cc8cd64\",\"name\":\"Cl\u00faster Log\u00edstic de Catalunya\",\"image\":{\"@type\":\"ImageObject\",\"inLanguage\":\"es\",\"@id\":\"https:\\\/\\\/secure.gravatar.com\\\/avatar\\\/d70e6dad54fc96678ebb563883ef31c8b8b0a127bb640252f5ba3696ded226fe?s=96&d=mm&r=g\",\"url\":\"https:\\\/\\\/secure.gravatar.com\\\/avatar\\\/d70e6dad54fc96678ebb563883ef31c8b8b0a127bb640252f5ba3696ded226fe?s=96&d=mm&r=g\",\"contentUrl\":\"https:\\\/\\\/secure.gravatar.com\\\/avatar\\\/d70e6dad54fc96678ebb563883ef31c8b8b0a127bb640252f5ba3696ded226fe?s=96&d=mm&r=g\",\"caption\":\"Cl\u00faster Log\u00edstic de Catalunya\"},\"description\":\"Alineem estrat\u00e8gies i sumar esfor\u00e7os per potenciar l'activitat industrial a les pimes | Alineamos estrategias y sumar esfuerzos para potenciar la actividad industrial en las pymes.\",\"url\":\"https:\\\/\\\/clusterlogistic.org\\\/es\\\/author\\\/pilar-minguez\\\/\"}]}<\/script>\n<!-- \/ Yoast SEO plugin. -->","yoast_head_json":{"title":"El e-commerce espa\u00f1ol crece un 100% en 3 a\u00f1os - Cl\u00faster Log\u00edstic de Catalunya","robots":{"index":"index","follow":"follow","max-snippet":"max-snippet:-1","max-image-preview":"max-image-preview:large","max-video-preview":"max-video-preview:-1"},"canonical":"https:\/\/clusterlogistic.org\/es\/el-e-commerce-espanol-crece-un-100-en-3-anos\/","og_locale":"es_ES","og_type":"article","og_title":"El e-commerce espa\u00f1ol crece un 100% en 3 a\u00f1os - Cl\u00faster Log\u00edstic de Catalunya","og_description":"El crecimiento del comercio electr\u00f3nico es Espa\u00f1a contin\u00faa en ascenso vertiginoso. Comparando cifras de facturaci\u00f3n del mismo periodo (segundo trimestre abril-junio), pero de diferentes a\u00f1os, se observa un crecimiento de un 100% en tres a\u00f1os, seg\u00fan la Comisi\u00f3n Nacional de los Mercados y la Competencia, CNMC. En este sentido durante el segundo trimestre de 2016 [&hellip;]","og_url":"https:\/\/clusterlogistic.org\/es\/el-e-commerce-espanol-crece-un-100-en-3-anos\/","og_site_name":"Cl\u00faster Log\u00edstic de Catalunya","article_published_time":"2020-02-28T06:00:24+00:00","article_modified_time":"2020-03-22T15:53:20+00:00","og_image":[{"width":1080,"height":675,"url":"https:\/\/clusterlogistic.org\/wp-content\/uploads\/2020\/03\/El-e-commerce-espa\u00f1ol-crece-un-100_-en-3-a\u00f1os-1080x675-1.jpeg","type":"image\/jpeg"}],"author":"Cl\u00faster Log\u00edstic de Catalunya","twitter_card":"summary_large_image","twitter_misc":{"Escrito por":"Cl\u00faster Log\u00edstic de Catalunya","Tiempo de lectura":"3 minutos"},"schema":{"@context":"https:\/\/schema.org","@graph":[{"@type":"Article","@id":"https:\/\/clusterlogistic.org\/es\/el-e-commerce-espanol-crece-un-100-en-3-anos\/#article","isPartOf":{"@id":"https:\/\/clusterlogistic.org\/es\/el-e-commerce-espanol-crece-un-100-en-3-anos\/"},"author":{"name":"Cl\u00faster Log\u00edstic de Catalunya","@id":"https:\/\/clusterlogistic.org\/es\/#\/schema\/person\/2f968404d010f4cfb1fb1faa4cc8cd64"},"headline":"El e-commerce espa\u00f1ol crece un 100% en 3 a\u00f1os","datePublished":"2020-02-28T06:00:24+00:00","dateModified":"2020-03-22T15:53:20+00:00","mainEntityOfPage":{"@id":"https:\/\/clusterlogistic.org\/es\/el-e-commerce-espanol-crece-un-100-en-3-anos\/"},"wordCount":520,"publisher":{"@id":"https:\/\/clusterlogistic.org\/es\/#organization"},"image":{"@id":"https:\/\/clusterlogistic.org\/es\/el-e-commerce-espanol-crece-un-100-en-3-anos\/#primaryimage"},"thumbnailUrl":"https:\/\/clusterlogistic.org\/wp-content\/uploads\/2020\/03\/El-e-commerce-espa\u00f1ol-crece-un-100_-en-3-a\u00f1os-1080x675-1.jpeg","articleSection":["Actualidad"],"inLanguage":"es"},{"@type":"WebPage","@id":"https:\/\/clusterlogistic.org\/es\/el-e-commerce-espanol-crece-un-100-en-3-anos\/","url":"https:\/\/clusterlogistic.org\/es\/el-e-commerce-espanol-crece-un-100-en-3-anos\/","name":"El e-commerce espa\u00f1ol crece un 100% en 3 a\u00f1os - Cl\u00faster Log\u00edstic de Catalunya","isPartOf":{"@id":"https:\/\/clusterlogistic.org\/es\/#website"},"primaryImageOfPage":{"@id":"https:\/\/clusterlogistic.org\/es\/el-e-commerce-espanol-crece-un-100-en-3-anos\/#primaryimage"},"image":{"@id":"https:\/\/clusterlogistic.org\/es\/el-e-commerce-espanol-crece-un-100-en-3-anos\/#primaryimage"},"thumbnailUrl":"https:\/\/clusterlogistic.org\/wp-content\/uploads\/2020\/03\/El-e-commerce-espa\u00f1ol-crece-un-100_-en-3-a\u00f1os-1080x675-1.jpeg","datePublished":"2020-02-28T06:00:24+00:00","dateModified":"2020-03-22T15:53:20+00:00","breadcrumb":{"@id":"https:\/\/clusterlogistic.org\/es\/el-e-commerce-espanol-crece-un-100-en-3-anos\/#breadcrumb"},"inLanguage":"es","potentialAction":[{"@type":"ReadAction","target":["https:\/\/clusterlogistic.org\/es\/el-e-commerce-espanol-crece-un-100-en-3-anos\/"]}]},{"@type":"ImageObject","inLanguage":"es","@id":"https:\/\/clusterlogistic.org\/es\/el-e-commerce-espanol-crece-un-100-en-3-anos\/#primaryimage","url":"https:\/\/clusterlogistic.org\/wp-content\/uploads\/2020\/03\/El-e-commerce-espa\u00f1ol-crece-un-100_-en-3-a\u00f1os-1080x675-1.jpeg","contentUrl":"https:\/\/clusterlogistic.org\/wp-content\/uploads\/2020\/03\/El-e-commerce-espa\u00f1ol-crece-un-100_-en-3-a\u00f1os-1080x675-1.jpeg","width":1080,"height":675},{"@type":"BreadcrumbList","@id":"https:\/\/clusterlogistic.org\/es\/el-e-commerce-espanol-crece-un-100-en-3-anos\/#breadcrumb","itemListElement":[{"@type":"ListItem","position":1,"name":"Portada","item":"https:\/\/clusterlogistic.org\/es\/"},{"@type":"ListItem","position":2,"name":"El e-commerce espa\u00f1ol crece un 100% en 3 a\u00f1os"}]},{"@type":"WebSite","@id":"https:\/\/clusterlogistic.org\/es\/#website","url":"https:\/\/clusterlogistic.org\/es\/","name":"Cl\u00faster Log\u00edstic de Catalunya","description":"associaci\u00f3 sense \u00e0nim de lucre","publisher":{"@id":"https:\/\/clusterlogistic.org\/es\/#organization"},"potentialAction":[{"@type":"SearchAction","target":{"@type":"EntryPoint","urlTemplate":"https:\/\/clusterlogistic.org\/es\/?s={search_term_string}"},"query-input":{"@type":"PropertyValueSpecification","valueRequired":true,"valueName":"search_term_string"}}],"inLanguage":"es"},{"@type":"Organization","@id":"https:\/\/clusterlogistic.org\/es\/#organization","name":"Cl\u00faster Log\u00edstic de Catalunya","url":"https:\/\/clusterlogistic.org\/es\/","logo":{"@type":"ImageObject","inLanguage":"es","@id":"https:\/\/clusterlogistic.org\/es\/#\/schema\/logo\/image\/","url":"https:\/\/clusterlogistic.org\/wp-content\/uploads\/2017\/07\/cropped-Logo-CL-llegenda-gran.jpg","contentUrl":"https:\/\/clusterlogistic.org\/wp-content\/uploads\/2017\/07\/cropped-Logo-CL-llegenda-gran.jpg","width":512,"height":512,"caption":"Cl\u00faster Log\u00edstic de Catalunya"},"image":{"@id":"https:\/\/clusterlogistic.org\/es\/#\/schema\/logo\/image\/"}},{"@type":"Person","@id":"https:\/\/clusterlogistic.org\/es\/#\/schema\/person\/2f968404d010f4cfb1fb1faa4cc8cd64","name":"Cl\u00faster Log\u00edstic de Catalunya","image":{"@type":"ImageObject","inLanguage":"es","@id":"https:\/\/secure.gravatar.com\/avatar\/d70e6dad54fc96678ebb563883ef31c8b8b0a127bb640252f5ba3696ded226fe?s=96&d=mm&r=g","url":"https:\/\/secure.gravatar.com\/avatar\/d70e6dad54fc96678ebb563883ef31c8b8b0a127bb640252f5ba3696ded226fe?s=96&d=mm&r=g","contentUrl":"https:\/\/secure.gravatar.com\/avatar\/d70e6dad54fc96678ebb563883ef31c8b8b0a127bb640252f5ba3696ded226fe?s=96&d=mm&r=g","caption":"Cl\u00faster Log\u00edstic de Catalunya"},"description":"Alineem estrat\u00e8gies i sumar esfor\u00e7os per potenciar l'activitat industrial a les pimes | Alineamos estrategias y sumar esfuerzos para potenciar la actividad industrial en las pymes.","url":"https:\/\/clusterlogistic.org\/es\/author\/pilar-minguez\/"}]}},"_links":{"self":[{"href":"https:\/\/clusterlogistic.org\/es\/wp-json\/wp\/v2\/posts\/2282","targetHints":{"allow":["GET"]}}],"collection":[{"href":"https:\/\/clusterlogistic.org\/es\/wp-json\/wp\/v2\/posts"}],"about":[{"href":"https:\/\/clusterlogistic.org\/es\/wp-json\/wp\/v2\/types\/post"}],"author":[{"embeddable":true,"href":"https:\/\/clusterlogistic.org\/es\/wp-json\/wp\/v2\/users\/3"}],"replies":[{"embeddable":true,"href":"https:\/\/clusterlogistic.org\/es\/wp-json\/wp\/v2\/comments?post=2282"}],"version-history":[{"count":2,"href":"https:\/\/clusterlogistic.org\/es\/wp-json\/wp\/v2\/posts\/2282\/revisions"}],"predecessor-version":[{"id":2337,"href":"https:\/\/clusterlogistic.org\/es\/wp-json\/wp\/v2\/posts\/2282\/revisions\/2337"}],"wp:featuredmedia":[{"embeddable":true,"href":"https:\/\/clusterlogistic.org\/es\/wp-json\/wp\/v2\/media\/2306"}],"wp:attachment":[{"href":"https:\/\/clusterlogistic.org\/es\/wp-json\/wp\/v2\/media?parent=2282"}],"wp:term":[{"taxonomy":"category","embeddable":true,"href":"https:\/\/clusterlogistic.org\/es\/wp-json\/wp\/v2\/categories?post=2282"},{"taxonomy":"post_tag","embeddable":true,"href":"https:\/\/clusterlogistic.org\/es\/wp-json\/wp\/v2\/tags?post=2282"}],"curies":[{"name":"wp","href":"https:\/\/api.w.org\/{rel}","templated":true}]}}