{"id":2756,"date":"2020-04-10T08:00:49","date_gmt":"2020-04-10T06:00:49","guid":{"rendered":"https:\/\/clusterlogistic.org\/?p=2756"},"modified":"2020-04-18T17:03:47","modified_gmt":"2020-04-18T15:03:47","slug":"en-2019-desciende-un-25-la-superficie-de-contratacion-logistica-en-espana","status":"publish","type":"post","link":"https:\/\/clusterlogistic.org\/es\/en-2019-desciende-un-25-la-superficie-de-contratacion-logistica-en-espana\/","title":{"rendered":"Para 2030, Amazon tendr\u00e1 una flota de 100.000 veh\u00edculos el\u00e9ctricos"},"content":{"rendered":"<p>Hechas a la medida de sus necesidades, Amazon tiene previsto comprar de aqu\u00ed al 2030 una flota de furgonetas el\u00e9ctricas de reparto compuesta de 100.000 veh\u00edculos. Su objetivo inicial es lograr que para 2022 se est\u00e9n movilizando por carretera las primeras diez mil unidades tanto en Europa como en Estados Unidos.<\/p>\n<p>La startup Rivian, empresa de tecnolog\u00eda especializada en el desarrollo de soluciones para el transporte sostenible con gran autonom\u00eda, ser\u00e1 la encargada del dise\u00f1o y fabricaci\u00f3n de la flota.<\/p>\n<p><img loading=\"lazy\" decoding=\"async\" class=\"alignnone size-full wp-image-2765\" src=\"https:\/\/clusterlogistic.org\/wp-content\/uploads\/2020\/04\/Para-2030-Amazon-tendr\u00e1-una-flota-de-100.000-veh\u00edculos-el\u00e9ctricos-1.jpg\" alt=\"\" width=\"935\" height=\"549\" srcset=\"https:\/\/clusterlogistic.org\/wp-content\/uploads\/2020\/04\/Para-2030-Amazon-tendr\u00e1-una-flota-de-100.000-veh\u00edculos-el\u00e9ctricos-1.jpg 935w, https:\/\/clusterlogistic.org\/wp-content\/uploads\/2020\/04\/Para-2030-Amazon-tendr\u00e1-una-flota-de-100.000-veh\u00edculos-el\u00e9ctricos-1-300x176.jpg 300w, https:\/\/clusterlogistic.org\/wp-content\/uploads\/2020\/04\/Para-2030-Amazon-tendr\u00e1-una-flota-de-100.000-veh\u00edculos-el\u00e9ctricos-1-768x451.jpg 768w, https:\/\/clusterlogistic.org\/wp-content\/uploads\/2020\/04\/Para-2030-Amazon-tendr\u00e1-una-flota-de-100.000-veh\u00edculos-el\u00e9ctricos-1-705x414.jpg 705w\" sizes=\"auto, (max-width: 935px) 100vw, 935px\" \/><\/p>\n<p>&nbsp;<\/p>\n<h2>Dise\u00f1o con la opini\u00f3n de conductores<\/h2>\n<p>La flota el\u00e9ctrica con cero emisiones fue dise\u00f1ada a partir de las sugerencias y opiniones de docenas de conductores cuya finalidad es comenzar a entregar progresivamente paquetes a los clientes a partir de 2021.<\/p>\n<p>Gracias a ello los veh\u00edculos se han dise\u00f1ado teniendo muy en cuenta al conductor y su bienestar, con la adaptaci\u00f3n de tecnolog\u00eda de seguridad. Incluye\u00a0 opciones de tracci\u00f3n delantera y de las cuatro ruedas, frenado de emergencia autom\u00e1tico y asistencia de mantenimiento en el carril.<\/p>\n<p>Las unidades tambi\u00e9n cuentan con un sistema de reconocimiento de se\u00f1ales de tr\u00e1nsito, otro de detecci\u00f3n de peatones; un sistema autom\u00e1tico de alertas que detectan alguna distracci\u00f3n por parte del conductor. Todo con el fin de que cuenten con m\u00e1s informaci\u00f3n que los mantenga seguros mientras se desplazan en los furgones.<\/p>\n<p>El dise\u00f1o incluye materiales duraderos y resistentes, mayor ligereza y agilidad en general en comparaci\u00f3n con las furgonetas de reparto tradicionales. Esto permite que los veh\u00edculos sean m\u00e1s silenciosos y f\u00e1ciles de conducir, especialmente en entornos urbanos con calles estrechas.<\/p>\n<p>De otra parte la cabina de cada veh\u00edculo est\u00e1 adaptada para acceder a los paquetes con facilidad, gracias a que justo al lado del conductor hay una puerta tradicional con bisagras para garantizar su seguridad. De otra parte y al lado del copiloto, hay una puerta corrediza y un asiento plegable para poder entrar\u00a0 salir r\u00e1pidamente. Tambi\u00e9n cuentan con una puerta trasera enrollable que permite cargar los paquetes con mayor eficiencia.<\/p>\n<h2>Amazon lidera los pedidos de veh\u00edculos el\u00e9ctricos<\/h2>\n<p>Jeff Bezos anunci\u00f3 que esta gran adquisici\u00f3n se realiza en el marco del proyecto \u201cClimate Pledge\u201d, que busca lograr que toda la operaci\u00f3n de Amazon tenga cero emisiones para el a\u00f1o 2040, incluso 10 a\u00f1os antes que lo establecido en el Acuerdo de Par\u00eds de Naciones Unidas.<\/p>\n<p>Cabe destacar que Ford hizo una inversi\u00f3n de 500 millones de d\u00f3lares a la startup Rivian en abril de 2019 y que se uni\u00f3 a la efectuada por Amazon por 700 millones de d\u00f3lares m\u00e1s. Tanto las inversiones como la alianza estrat\u00e9gica lograda representa un gran impulso que traer\u00e1 sus frutos muy pronto.<\/p>\n<p>El pedido de las 100.000 furgonetas el\u00e9ctricas es el mayor registrado en la historia de producci\u00f3n de furgonetas el\u00e9ctricas. Se han registrado otros pedidos de coches el\u00e9ctricos por parte de diferentes empresas de mensajer\u00eda, pero en cantidades muy inferiores.<\/p>\n<p>Tal es el caso de UPS que cuenta con una flota compuesta por 123.000 veh\u00edculos. De estos aproximadamente unos 10.000 utilizan combustibles alternativos, de los cuales unos mil son h\u00edbridos o 100% el\u00e9ctricos.<\/p>\n<p>&nbsp;<\/p>\n","protected":false},"excerpt":{"rendered":"<p>Hechas a la medida de sus necesidades, Amazon tiene previsto comprar de aqu\u00ed al 2030 una flota de furgonetas el\u00e9ctricas de reparto compuesta de 100.000 veh\u00edculos. Su objetivo inicial es lograr que para 2022 se est\u00e9n movilizando por carretera las primeras diez mil unidades tanto en Europa como en Estados Unidos. La startup Rivian, empresa [&hellip;]<\/p>\n","protected":false},"author":3,"featured_media":2765,"comment_status":"closed","ping_status":"closed","sticky":false,"template":"","format":"standard","meta":{"footnotes":""},"categories":[16],"tags":[],"class_list":["post-2756","post","type-post","status-publish","format-standard","has-post-thumbnail","hentry","category-actualidad"],"yoast_head":"<!-- This site is optimized with the Yoast SEO plugin v27.4 - https:\/\/yoast.com\/product\/yoast-seo-wordpress\/ -->\n<title>Para 2030, Amazon tendr\u00e1 una flota de 100.000 veh\u00edculos el\u00e9ctricos - Cl\u00faster Log\u00edstic de Catalunya<\/title>\n<meta name=\"robots\" content=\"index, follow, max-snippet:-1, max-image-preview:large, max-video-preview:-1\" \/>\n<link rel=\"canonical\" href=\"https:\/\/clusterlogistic.org\/per-2030-amazon-tindra-una-flota-de-100-000-vehicles-electrics\/\" \/>\n<meta property=\"og:locale\" content=\"es_ES\" \/>\n<meta property=\"og:type\" content=\"article\" \/>\n<meta property=\"og:title\" content=\"Para 2030, Amazon tendr\u00e1 una flota de 100.000 veh\u00edculos el\u00e9ctricos - Cl\u00faster Log\u00edstic de Catalunya\" \/>\n<meta property=\"og:description\" content=\"Hechas a la medida de sus necesidades, Amazon tiene previsto comprar de aqu\u00ed al 2030 una flota de furgonetas el\u00e9ctricas de reparto compuesta de 100.000 veh\u00edculos. Su objetivo inicial es lograr que para 2022 se est\u00e9n movilizando por carretera las primeras diez mil unidades tanto en Europa como en Estados Unidos. La startup Rivian, empresa [&hellip;]\" \/>\n<meta property=\"og:url\" content=\"https:\/\/clusterlogistic.org\/per-2030-amazon-tindra-una-flota-de-100-000-vehicles-electrics\/\" \/>\n<meta property=\"og:site_name\" content=\"Cl\u00faster Log\u00edstic de Catalunya\" \/>\n<meta property=\"article:published_time\" content=\"2020-04-10T06:00:49+00:00\" \/>\n<meta property=\"article:modified_time\" content=\"2020-04-18T15:03:47+00:00\" \/>\n<meta property=\"og:image\" content=\"https:\/\/clusterlogistic.org\/wp-content\/uploads\/2020\/04\/Para-2030-Amazon-tendr\u00e1-una-flota-de-100.000-veh\u00edculos-el\u00e9ctricos-1.jpg\" \/>\n\t<meta property=\"og:image:width\" content=\"935\" \/>\n\t<meta property=\"og:image:height\" content=\"549\" \/>\n\t<meta property=\"og:image:type\" content=\"image\/jpeg\" \/>\n<meta name=\"author\" content=\"Cl\u00faster Log\u00edstic de Catalunya\" \/>\n<meta name=\"twitter:card\" content=\"summary_large_image\" \/>\n<meta name=\"twitter:label1\" content=\"Escrito por\" \/>\n\t<meta name=\"twitter:data1\" content=\"Cl\u00faster Log\u00edstic de Catalunya\" \/>\n\t<meta name=\"twitter:label2\" content=\"Tiempo de lectura\" \/>\n\t<meta name=\"twitter:data2\" content=\"3 minutos\" \/>\n<script type=\"application\/ld+json\" class=\"yoast-schema-graph\">{\"@context\":\"https:\\\/\\\/schema.org\",\"@graph\":[{\"@type\":\"Article\",\"@id\":\"https:\\\/\\\/clusterlogistic.org\\\/per-2030-amazon-tindra-una-flota-de-100-000-vehicles-electrics\\\/#article\",\"isPartOf\":{\"@id\":\"https:\\\/\\\/clusterlogistic.org\\\/per-2030-amazon-tindra-una-flota-de-100-000-vehicles-electrics\\\/\"},\"author\":{\"name\":\"Cl\u00faster Log\u00edstic de Catalunya\",\"@id\":\"https:\\\/\\\/clusterlogistic.org\\\/es\\\/#\\\/schema\\\/person\\\/2f968404d010f4cfb1fb1faa4cc8cd64\"},\"headline\":\"Para 2030, Amazon tendr\u00e1 una flota de 100.000 veh\u00edculos el\u00e9ctricos\",\"datePublished\":\"2020-04-10T06:00:49+00:00\",\"dateModified\":\"2020-04-18T15:03:47+00:00\",\"mainEntityOfPage\":{\"@id\":\"https:\\\/\\\/clusterlogistic.org\\\/per-2030-amazon-tindra-una-flota-de-100-000-vehicles-electrics\\\/\"},\"wordCount\":558,\"publisher\":{\"@id\":\"https:\\\/\\\/clusterlogistic.org\\\/es\\\/#organization\"},\"image\":{\"@id\":\"https:\\\/\\\/clusterlogistic.org\\\/per-2030-amazon-tindra-una-flota-de-100-000-vehicles-electrics\\\/#primaryimage\"},\"thumbnailUrl\":\"https:\\\/\\\/clusterlogistic.org\\\/wp-content\\\/uploads\\\/2020\\\/04\\\/Para-2030-Amazon-tendr\u00e1-una-flota-de-100.000-veh\u00edculos-el\u00e9ctricos-1.jpg\",\"articleSection\":[\"Actualidad\"],\"inLanguage\":\"es\"},{\"@type\":\"WebPage\",\"@id\":\"https:\\\/\\\/clusterlogistic.org\\\/per-2030-amazon-tindra-una-flota-de-100-000-vehicles-electrics\\\/\",\"url\":\"https:\\\/\\\/clusterlogistic.org\\\/per-2030-amazon-tindra-una-flota-de-100-000-vehicles-electrics\\\/\",\"name\":\"Para 2030, Amazon tendr\u00e1 una flota de 100.000 veh\u00edculos el\u00e9ctricos - Cl\u00faster Log\u00edstic de Catalunya\",\"isPartOf\":{\"@id\":\"https:\\\/\\\/clusterlogistic.org\\\/es\\\/#website\"},\"primaryImageOfPage\":{\"@id\":\"https:\\\/\\\/clusterlogistic.org\\\/per-2030-amazon-tindra-una-flota-de-100-000-vehicles-electrics\\\/#primaryimage\"},\"image\":{\"@id\":\"https:\\\/\\\/clusterlogistic.org\\\/per-2030-amazon-tindra-una-flota-de-100-000-vehicles-electrics\\\/#primaryimage\"},\"thumbnailUrl\":\"https:\\\/\\\/clusterlogistic.org\\\/wp-content\\\/uploads\\\/2020\\\/04\\\/Para-2030-Amazon-tendr\u00e1-una-flota-de-100.000-veh\u00edculos-el\u00e9ctricos-1.jpg\",\"datePublished\":\"2020-04-10T06:00:49+00:00\",\"dateModified\":\"2020-04-18T15:03:47+00:00\",\"breadcrumb\":{\"@id\":\"https:\\\/\\\/clusterlogistic.org\\\/per-2030-amazon-tindra-una-flota-de-100-000-vehicles-electrics\\\/#breadcrumb\"},\"inLanguage\":\"es\",\"potentialAction\":[{\"@type\":\"ReadAction\",\"target\":[\"https:\\\/\\\/clusterlogistic.org\\\/per-2030-amazon-tindra-una-flota-de-100-000-vehicles-electrics\\\/\"]}]},{\"@type\":\"ImageObject\",\"inLanguage\":\"es\",\"@id\":\"https:\\\/\\\/clusterlogistic.org\\\/per-2030-amazon-tindra-una-flota-de-100-000-vehicles-electrics\\\/#primaryimage\",\"url\":\"https:\\\/\\\/clusterlogistic.org\\\/wp-content\\\/uploads\\\/2020\\\/04\\\/Para-2030-Amazon-tendr\u00e1-una-flota-de-100.000-veh\u00edculos-el\u00e9ctricos-1.jpg\",\"contentUrl\":\"https:\\\/\\\/clusterlogistic.org\\\/wp-content\\\/uploads\\\/2020\\\/04\\\/Para-2030-Amazon-tendr\u00e1-una-flota-de-100.000-veh\u00edculos-el\u00e9ctricos-1.jpg\",\"width\":935,\"height\":549},{\"@type\":\"BreadcrumbList\",\"@id\":\"https:\\\/\\\/clusterlogistic.org\\\/per-2030-amazon-tindra-una-flota-de-100-000-vehicles-electrics\\\/#breadcrumb\",\"itemListElement\":[{\"@type\":\"ListItem\",\"position\":1,\"name\":\"Portada\",\"item\":\"https:\\\/\\\/clusterlogistic.org\\\/es\\\/\"},{\"@type\":\"ListItem\",\"position\":2,\"name\":\"Para 2030, Amazon tendr\u00e1 una flota de 100.000 veh\u00edculos el\u00e9ctricos\"}]},{\"@type\":\"WebSite\",\"@id\":\"https:\\\/\\\/clusterlogistic.org\\\/es\\\/#website\",\"url\":\"https:\\\/\\\/clusterlogistic.org\\\/es\\\/\",\"name\":\"Cl\u00faster Log\u00edstic de Catalunya\",\"description\":\"associaci\u00f3 sense \u00e0nim de lucre\",\"publisher\":{\"@id\":\"https:\\\/\\\/clusterlogistic.org\\\/es\\\/#organization\"},\"potentialAction\":[{\"@type\":\"SearchAction\",\"target\":{\"@type\":\"EntryPoint\",\"urlTemplate\":\"https:\\\/\\\/clusterlogistic.org\\\/es\\\/?s={search_term_string}\"},\"query-input\":{\"@type\":\"PropertyValueSpecification\",\"valueRequired\":true,\"valueName\":\"search_term_string\"}}],\"inLanguage\":\"es\"},{\"@type\":\"Organization\",\"@id\":\"https:\\\/\\\/clusterlogistic.org\\\/es\\\/#organization\",\"name\":\"Cl\u00faster Log\u00edstic de Catalunya\",\"url\":\"https:\\\/\\\/clusterlogistic.org\\\/es\\\/\",\"logo\":{\"@type\":\"ImageObject\",\"inLanguage\":\"es\",\"@id\":\"https:\\\/\\\/clusterlogistic.org\\\/es\\\/#\\\/schema\\\/logo\\\/image\\\/\",\"url\":\"https:\\\/\\\/clusterlogistic.org\\\/wp-content\\\/uploads\\\/2017\\\/07\\\/cropped-Logo-CL-llegenda-gran.jpg\",\"contentUrl\":\"https:\\\/\\\/clusterlogistic.org\\\/wp-content\\\/uploads\\\/2017\\\/07\\\/cropped-Logo-CL-llegenda-gran.jpg\",\"width\":512,\"height\":512,\"caption\":\"Cl\u00faster Log\u00edstic de Catalunya\"},\"image\":{\"@id\":\"https:\\\/\\\/clusterlogistic.org\\\/es\\\/#\\\/schema\\\/logo\\\/image\\\/\"}},{\"@type\":\"Person\",\"@id\":\"https:\\\/\\\/clusterlogistic.org\\\/es\\\/#\\\/schema\\\/person\\\/2f968404d010f4cfb1fb1faa4cc8cd64\",\"name\":\"Cl\u00faster Log\u00edstic de Catalunya\",\"image\":{\"@type\":\"ImageObject\",\"inLanguage\":\"es\",\"@id\":\"https:\\\/\\\/secure.gravatar.com\\\/avatar\\\/d70e6dad54fc96678ebb563883ef31c8b8b0a127bb640252f5ba3696ded226fe?s=96&d=mm&r=g\",\"url\":\"https:\\\/\\\/secure.gravatar.com\\\/avatar\\\/d70e6dad54fc96678ebb563883ef31c8b8b0a127bb640252f5ba3696ded226fe?s=96&d=mm&r=g\",\"contentUrl\":\"https:\\\/\\\/secure.gravatar.com\\\/avatar\\\/d70e6dad54fc96678ebb563883ef31c8b8b0a127bb640252f5ba3696ded226fe?s=96&d=mm&r=g\",\"caption\":\"Cl\u00faster Log\u00edstic de Catalunya\"},\"description\":\"Alineem estrat\u00e8gies i sumar esfor\u00e7os per potenciar l'activitat industrial a les pimes | Alineamos estrategias y sumar esfuerzos para potenciar la actividad industrial en las pymes.\",\"url\":\"https:\\\/\\\/clusterlogistic.org\\\/es\\\/author\\\/pilar-minguez\\\/\"}]}<\/script>\n<!-- \/ Yoast SEO plugin. -->","yoast_head_json":{"title":"Para 2030, Amazon tendr\u00e1 una flota de 100.000 veh\u00edculos el\u00e9ctricos - Cl\u00faster Log\u00edstic de Catalunya","robots":{"index":"index","follow":"follow","max-snippet":"max-snippet:-1","max-image-preview":"max-image-preview:large","max-video-preview":"max-video-preview:-1"},"canonical":"https:\/\/clusterlogistic.org\/per-2030-amazon-tindra-una-flota-de-100-000-vehicles-electrics\/","og_locale":"es_ES","og_type":"article","og_title":"Para 2030, Amazon tendr\u00e1 una flota de 100.000 veh\u00edculos el\u00e9ctricos - Cl\u00faster Log\u00edstic de Catalunya","og_description":"Hechas a la medida de sus necesidades, Amazon tiene previsto comprar de aqu\u00ed al 2030 una flota de furgonetas el\u00e9ctricas de reparto compuesta de 100.000 veh\u00edculos. Su objetivo inicial es lograr que para 2022 se est\u00e9n movilizando por carretera las primeras diez mil unidades tanto en Europa como en Estados Unidos. La startup Rivian, empresa [&hellip;]","og_url":"https:\/\/clusterlogistic.org\/per-2030-amazon-tindra-una-flota-de-100-000-vehicles-electrics\/","og_site_name":"Cl\u00faster Log\u00edstic de Catalunya","article_published_time":"2020-04-10T06:00:49+00:00","article_modified_time":"2020-04-18T15:03:47+00:00","og_image":[{"width":935,"height":549,"url":"https:\/\/clusterlogistic.org\/wp-content\/uploads\/2020\/04\/Para-2030-Amazon-tendr\u00e1-una-flota-de-100.000-veh\u00edculos-el\u00e9ctricos-1.jpg","type":"image\/jpeg"}],"author":"Cl\u00faster Log\u00edstic de Catalunya","twitter_card":"summary_large_image","twitter_misc":{"Escrito por":"Cl\u00faster Log\u00edstic de Catalunya","Tiempo de lectura":"3 minutos"},"schema":{"@context":"https:\/\/schema.org","@graph":[{"@type":"Article","@id":"https:\/\/clusterlogistic.org\/per-2030-amazon-tindra-una-flota-de-100-000-vehicles-electrics\/#article","isPartOf":{"@id":"https:\/\/clusterlogistic.org\/per-2030-amazon-tindra-una-flota-de-100-000-vehicles-electrics\/"},"author":{"name":"Cl\u00faster Log\u00edstic de Catalunya","@id":"https:\/\/clusterlogistic.org\/es\/#\/schema\/person\/2f968404d010f4cfb1fb1faa4cc8cd64"},"headline":"Para 2030, Amazon tendr\u00e1 una flota de 100.000 veh\u00edculos el\u00e9ctricos","datePublished":"2020-04-10T06:00:49+00:00","dateModified":"2020-04-18T15:03:47+00:00","mainEntityOfPage":{"@id":"https:\/\/clusterlogistic.org\/per-2030-amazon-tindra-una-flota-de-100-000-vehicles-electrics\/"},"wordCount":558,"publisher":{"@id":"https:\/\/clusterlogistic.org\/es\/#organization"},"image":{"@id":"https:\/\/clusterlogistic.org\/per-2030-amazon-tindra-una-flota-de-100-000-vehicles-electrics\/#primaryimage"},"thumbnailUrl":"https:\/\/clusterlogistic.org\/wp-content\/uploads\/2020\/04\/Para-2030-Amazon-tendr\u00e1-una-flota-de-100.000-veh\u00edculos-el\u00e9ctricos-1.jpg","articleSection":["Actualidad"],"inLanguage":"es"},{"@type":"WebPage","@id":"https:\/\/clusterlogistic.org\/per-2030-amazon-tindra-una-flota-de-100-000-vehicles-electrics\/","url":"https:\/\/clusterlogistic.org\/per-2030-amazon-tindra-una-flota-de-100-000-vehicles-electrics\/","name":"Para 2030, Amazon tendr\u00e1 una flota de 100.000 veh\u00edculos el\u00e9ctricos - Cl\u00faster Log\u00edstic de Catalunya","isPartOf":{"@id":"https:\/\/clusterlogistic.org\/es\/#website"},"primaryImageOfPage":{"@id":"https:\/\/clusterlogistic.org\/per-2030-amazon-tindra-una-flota-de-100-000-vehicles-electrics\/#primaryimage"},"image":{"@id":"https:\/\/clusterlogistic.org\/per-2030-amazon-tindra-una-flota-de-100-000-vehicles-electrics\/#primaryimage"},"thumbnailUrl":"https:\/\/clusterlogistic.org\/wp-content\/uploads\/2020\/04\/Para-2030-Amazon-tendr\u00e1-una-flota-de-100.000-veh\u00edculos-el\u00e9ctricos-1.jpg","datePublished":"2020-04-10T06:00:49+00:00","dateModified":"2020-04-18T15:03:47+00:00","breadcrumb":{"@id":"https:\/\/clusterlogistic.org\/per-2030-amazon-tindra-una-flota-de-100-000-vehicles-electrics\/#breadcrumb"},"inLanguage":"es","potentialAction":[{"@type":"ReadAction","target":["https:\/\/clusterlogistic.org\/per-2030-amazon-tindra-una-flota-de-100-000-vehicles-electrics\/"]}]},{"@type":"ImageObject","inLanguage":"es","@id":"https:\/\/clusterlogistic.org\/per-2030-amazon-tindra-una-flota-de-100-000-vehicles-electrics\/#primaryimage","url":"https:\/\/clusterlogistic.org\/wp-content\/uploads\/2020\/04\/Para-2030-Amazon-tendr\u00e1-una-flota-de-100.000-veh\u00edculos-el\u00e9ctricos-1.jpg","contentUrl":"https:\/\/clusterlogistic.org\/wp-content\/uploads\/2020\/04\/Para-2030-Amazon-tendr\u00e1-una-flota-de-100.000-veh\u00edculos-el\u00e9ctricos-1.jpg","width":935,"height":549},{"@type":"BreadcrumbList","@id":"https:\/\/clusterlogistic.org\/per-2030-amazon-tindra-una-flota-de-100-000-vehicles-electrics\/#breadcrumb","itemListElement":[{"@type":"ListItem","position":1,"name":"Portada","item":"https:\/\/clusterlogistic.org\/es\/"},{"@type":"ListItem","position":2,"name":"Para 2030, Amazon tendr\u00e1 una flota de 100.000 veh\u00edculos el\u00e9ctricos"}]},{"@type":"WebSite","@id":"https:\/\/clusterlogistic.org\/es\/#website","url":"https:\/\/clusterlogistic.org\/es\/","name":"Cl\u00faster Log\u00edstic de Catalunya","description":"associaci\u00f3 sense \u00e0nim de lucre","publisher":{"@id":"https:\/\/clusterlogistic.org\/es\/#organization"},"potentialAction":[{"@type":"SearchAction","target":{"@type":"EntryPoint","urlTemplate":"https:\/\/clusterlogistic.org\/es\/?s={search_term_string}"},"query-input":{"@type":"PropertyValueSpecification","valueRequired":true,"valueName":"search_term_string"}}],"inLanguage":"es"},{"@type":"Organization","@id":"https:\/\/clusterlogistic.org\/es\/#organization","name":"Cl\u00faster Log\u00edstic de Catalunya","url":"https:\/\/clusterlogistic.org\/es\/","logo":{"@type":"ImageObject","inLanguage":"es","@id":"https:\/\/clusterlogistic.org\/es\/#\/schema\/logo\/image\/","url":"https:\/\/clusterlogistic.org\/wp-content\/uploads\/2017\/07\/cropped-Logo-CL-llegenda-gran.jpg","contentUrl":"https:\/\/clusterlogistic.org\/wp-content\/uploads\/2017\/07\/cropped-Logo-CL-llegenda-gran.jpg","width":512,"height":512,"caption":"Cl\u00faster Log\u00edstic de Catalunya"},"image":{"@id":"https:\/\/clusterlogistic.org\/es\/#\/schema\/logo\/image\/"}},{"@type":"Person","@id":"https:\/\/clusterlogistic.org\/es\/#\/schema\/person\/2f968404d010f4cfb1fb1faa4cc8cd64","name":"Cl\u00faster Log\u00edstic de Catalunya","image":{"@type":"ImageObject","inLanguage":"es","@id":"https:\/\/secure.gravatar.com\/avatar\/d70e6dad54fc96678ebb563883ef31c8b8b0a127bb640252f5ba3696ded226fe?s=96&d=mm&r=g","url":"https:\/\/secure.gravatar.com\/avatar\/d70e6dad54fc96678ebb563883ef31c8b8b0a127bb640252f5ba3696ded226fe?s=96&d=mm&r=g","contentUrl":"https:\/\/secure.gravatar.com\/avatar\/d70e6dad54fc96678ebb563883ef31c8b8b0a127bb640252f5ba3696ded226fe?s=96&d=mm&r=g","caption":"Cl\u00faster Log\u00edstic de Catalunya"},"description":"Alineem estrat\u00e8gies i sumar esfor\u00e7os per potenciar l'activitat industrial a les pimes | Alineamos estrategias y sumar esfuerzos para potenciar la actividad industrial en las pymes.","url":"https:\/\/clusterlogistic.org\/es\/author\/pilar-minguez\/"}]}},"_links":{"self":[{"href":"https:\/\/clusterlogistic.org\/es\/wp-json\/wp\/v2\/posts\/2756","targetHints":{"allow":["GET"]}}],"collection":[{"href":"https:\/\/clusterlogistic.org\/es\/wp-json\/wp\/v2\/posts"}],"about":[{"href":"https:\/\/clusterlogistic.org\/es\/wp-json\/wp\/v2\/types\/post"}],"author":[{"embeddable":true,"href":"https:\/\/clusterlogistic.org\/es\/wp-json\/wp\/v2\/users\/3"}],"replies":[{"embeddable":true,"href":"https:\/\/clusterlogistic.org\/es\/wp-json\/wp\/v2\/comments?post=2756"}],"version-history":[{"count":3,"href":"https:\/\/clusterlogistic.org\/es\/wp-json\/wp\/v2\/posts\/2756\/revisions"}],"predecessor-version":[{"id":2761,"href":"https:\/\/clusterlogistic.org\/es\/wp-json\/wp\/v2\/posts\/2756\/revisions\/2761"}],"wp:featuredmedia":[{"embeddable":true,"href":"https:\/\/clusterlogistic.org\/es\/wp-json\/wp\/v2\/media\/2765"}],"wp:attachment":[{"href":"https:\/\/clusterlogistic.org\/es\/wp-json\/wp\/v2\/media?parent=2756"}],"wp:term":[{"taxonomy":"category","embeddable":true,"href":"https:\/\/clusterlogistic.org\/es\/wp-json\/wp\/v2\/categories?post=2756"},{"taxonomy":"post_tag","embeddable":true,"href":"https:\/\/clusterlogistic.org\/es\/wp-json\/wp\/v2\/tags?post=2756"}],"curies":[{"name":"wp","href":"https:\/\/api.w.org\/{rel}","templated":true}]}}