{"id":5182,"date":"2022-01-21T08:00:42","date_gmt":"2022-01-21T06:00:42","guid":{"rendered":"https:\/\/clusterlogistic.org\/?p=5182"},"modified":"2022-01-11T00:39:30","modified_gmt":"2022-01-10T22:39:30","slug":"furgonetas-sin-etiqueta-ambiental-podran-circular-con-condiciones-en-barcelona","status":"publish","type":"post","link":"https:\/\/clusterlogistic.org\/es\/furgonetas-sin-etiqueta-ambiental-podran-circular-con-condiciones-en-barcelona\/","title":{"rendered":"Furgonetas sin etiqueta ambiental podr\u00e1n circular con condiciones en Barcelona"},"content":{"rendered":"<p>Los veh\u00edculos de reparto urbano podr\u00e1n circular por Barcelona sin etiqueta ambiental de la DGT, pero con la condici\u00f3n de que el propietario se comprometa a comprar un veh\u00edculo nuevo de reemplazo durante el primer semestre de 2022.<\/p>\n<p><img loading=\"lazy\" decoding=\"async\" class=\"alignnone size-full wp-image-5183\" src=\"https:\/\/clusterlogistic.org\/wp-content\/uploads\/2022\/01\/Furgonetas-sin-etiqueta-ambiental-podran-circular-con-condiciones-en-Barcelona.jpeg\" alt=\"\" width=\"1200\" height=\"634\" srcset=\"https:\/\/clusterlogistic.org\/wp-content\/uploads\/2022\/01\/Furgonetas-sin-etiqueta-ambiental-podran-circular-con-condiciones-en-Barcelona.jpeg 1200w, https:\/\/clusterlogistic.org\/wp-content\/uploads\/2022\/01\/Furgonetas-sin-etiqueta-ambiental-podran-circular-con-condiciones-en-Barcelona-300x159.jpeg 300w, https:\/\/clusterlogistic.org\/wp-content\/uploads\/2022\/01\/Furgonetas-sin-etiqueta-ambiental-podran-circular-con-condiciones-en-Barcelona-1030x544.jpeg 1030w, https:\/\/clusterlogistic.org\/wp-content\/uploads\/2022\/01\/Furgonetas-sin-etiqueta-ambiental-podran-circular-con-condiciones-en-Barcelona-768x406.jpeg 768w, https:\/\/clusterlogistic.org\/wp-content\/uploads\/2022\/01\/Furgonetas-sin-etiqueta-ambiental-podran-circular-con-condiciones-en-Barcelona-710x375.jpeg 710w, https:\/\/clusterlogistic.org\/wp-content\/uploads\/2022\/01\/Furgonetas-sin-etiqueta-ambiental-podran-circular-con-condiciones-en-Barcelona-705x372.jpeg 705w\" sizes=\"auto, (max-width: 1200px) 100vw, 1200px\" \/><\/p>\n<p>El sector transporte de mercanc\u00edas por carretera y las administraciones con injerencia en las zonas de bajas emisiones del \u00e1rea metropolitana de Barcelona, lograron el acuerdo antes que finalizara la moratoria el pasado 31 de diciembre.<\/p>\n<p>Dicha moratoria afecta directamente a los veh\u00edculos tipos N2, N3 y M2. Con ello ser\u00e1 posible su circulaci\u00f3n sin etiqueta de la DGT siempre y cuando los propietarios adquieran veh\u00edculos nuevos antes del 30 de junio de 2022.<\/p>\n<p>Hasta el 31 de enero de 2022 habr\u00e1 plazo para que el propietario del veh\u00edculo presente una declaraci\u00f3n responsable de voluntad de compra de veh\u00edculo nuevo a la Administraci\u00f3n, a trav\u00e9s de los canales destinados para ello.<\/p>\n<p>Luego de presentar el justificante de compra del veh\u00edculo en reemplazo, el actual veh\u00edculo de reparto tendr\u00e1 autorizaci\u00f3n para circular hasta la fecha en que se pact\u00f3 el compromiso para la compra del nuevo o la implementaci\u00f3n de un sistema homologado para reducir emisiones seg\u00fan los par\u00e1metros fijados por la etiqueta ambiental.<\/p>\n<p>Sin embargo, las limitaciones de circulaci\u00f3n para veh\u00edculos contaminantes en las zonas de bajas emisiones del \u00e1rea metropolitana de Barcelona, han impactado al sector.<\/p>\n<p>Todo debido a que obligatoriamente los propietarios deben hacer una inversi\u00f3n para renovar las flotas de reparto en medio de una situaci\u00f3n econ\u00f3mica agravada por la pandemia.<\/p>\n<h2>Conflictos por acceder al centro de Barcelona<\/h2>\n<p>Mientras el Ayuntamiento exige en Barcelona reemplazar los veh\u00edculos de reparto urbano sin etiqueta ambiental en un plazo m\u00e1ximo de seis meses, bajo compromiso de compra de uno nuevo, la Associaci\u00f3 General d&#8217;Aut\u00f2noms &#8211; Pimes Transportistes de Catalunya, AGTC, rechaza la exigencia y apoya la incorporaci\u00f3n de dispositivos de reducci\u00f3n de emisiones.<\/p>\n<p>De hecho, cientos de transportistas protestaron a mediados de diciembre del a\u00f1o pasado contra la Zona de Bajas Emisiones.<\/p>\n<p>Las manifestaciones se dieron por la exigencia de la firma de la declaraci\u00f3n responsable para la compra de un veh\u00edculo nuevo en el plazo de seis meses.<\/p>\n<p>Representantes de la AGTC aseguraron que miles de pymes y transportistas aut\u00f3nomos no cuentan con los recursos para cumplir esta exigencia.<\/p>\n<p>Afirman que sobre todo, la medida impactar\u00e1 de manera preocupante a los transportistas aut\u00f3nomos de mayor edad y pr\u00f3ximos a jubilaci\u00f3n, a quienes no se les puede obligar a hacer inversiones m\u00ednimas de 120.000 euros para poder seguir con su actividad econ\u00f3mica.<\/p>\n<p>Desde AGTC se ha solicitado al Ayuntamiento de Barcelona mantener el compromiso de alargar la moratoria para los veh\u00edculos de transporte de mercanc\u00edas, hasta la homologaci\u00f3n de los dispositivos de reducci\u00f3n de emisiones por parte de las Administraciones p\u00fablicas.<\/p>\n<p>Luego facilitar una declaraci\u00f3n de intenciones para los transportistas que necesiten adaptar los veh\u00edculos con dispositivos homologados.<\/p>\n<p>En ese orden de ideas, apenas inicie el 2022 cerca de 7.000 veh\u00edculos sin distintivo ambiental ya no podr\u00e1n circular en la Zona de Bajas Emisiones de Barcelona.<\/p>\n<p>&nbsp;<\/p>\n<p>&nbsp;<\/p>\n","protected":false},"excerpt":{"rendered":"<p>Los veh\u00edculos de reparto urbano podr\u00e1n circular por Barcelona sin etiqueta ambiental de la DGT, pero con la condici\u00f3n de que el propietario se comprometa a comprar un veh\u00edculo nuevo de reemplazo durante el primer semestre de 2022. El sector transporte de mercanc\u00edas por carretera y las administraciones con injerencia en las zonas de bajas [&hellip;]<\/p>\n","protected":false},"author":3,"featured_media":5183,"comment_status":"closed","ping_status":"closed","sticky":false,"template":"","format":"standard","meta":{"footnotes":""},"categories":[16],"tags":[],"class_list":["post-5182","post","type-post","status-publish","format-standard","has-post-thumbnail","hentry","category-actualidad"],"yoast_head":"<!-- This site is optimized with the Yoast SEO plugin v27.4 - https:\/\/yoast.com\/product\/yoast-seo-wordpress\/ -->\n<title>Furgonetas sin etiqueta ambiental podr\u00e1n circular con condiciones en Barcelona - Cl\u00faster Log\u00edstic de Catalunya<\/title>\n<meta name=\"robots\" content=\"index, follow, max-snippet:-1, max-image-preview:large, max-video-preview:-1\" \/>\n<link rel=\"canonical\" href=\"https:\/\/clusterlogistic.org\/furgonetas-sin-etiqueta-ambiental-podran-circular-con-condiciones-en-barcelona\/\" \/>\n<meta property=\"og:locale\" content=\"es_ES\" \/>\n<meta property=\"og:type\" content=\"article\" \/>\n<meta property=\"og:title\" content=\"Furgonetas sin etiqueta ambiental podr\u00e1n circular con condiciones en Barcelona - Cl\u00faster Log\u00edstic de Catalunya\" \/>\n<meta property=\"og:description\" content=\"Los veh\u00edculos de reparto urbano podr\u00e1n circular por Barcelona sin etiqueta ambiental de la DGT, pero con la condici\u00f3n de que el propietario se comprometa a comprar un veh\u00edculo nuevo de reemplazo durante el primer semestre de 2022. El sector transporte de mercanc\u00edas por carretera y las administraciones con injerencia en las zonas de bajas [&hellip;]\" \/>\n<meta property=\"og:url\" content=\"https:\/\/clusterlogistic.org\/furgonetas-sin-etiqueta-ambiental-podran-circular-con-condiciones-en-barcelona\/\" \/>\n<meta property=\"og:site_name\" content=\"Cl\u00faster Log\u00edstic de Catalunya\" \/>\n<meta property=\"article:published_time\" content=\"2022-01-21T06:00:42+00:00\" \/>\n<meta property=\"og:image\" content=\"https:\/\/clusterlogistic.org\/wp-content\/uploads\/2022\/01\/Furgonetas-sin-etiqueta-ambiental-podran-circular-con-condiciones-en-Barcelona.jpeg\" \/>\n\t<meta property=\"og:image:width\" content=\"1200\" \/>\n\t<meta property=\"og:image:height\" content=\"634\" \/>\n\t<meta property=\"og:image:type\" content=\"image\/jpeg\" \/>\n<meta name=\"author\" content=\"Cl\u00faster Log\u00edstic de Catalunya\" \/>\n<meta name=\"twitter:card\" content=\"summary_large_image\" \/>\n<meta name=\"twitter:label1\" content=\"Escrito por\" \/>\n\t<meta name=\"twitter:data1\" content=\"Cl\u00faster Log\u00edstic de Catalunya\" \/>\n\t<meta name=\"twitter:label2\" content=\"Tiempo de lectura\" \/>\n\t<meta name=\"twitter:data2\" content=\"3 minutos\" \/>\n<script type=\"application\/ld+json\" class=\"yoast-schema-graph\">{\"@context\":\"https:\\\/\\\/schema.org\",\"@graph\":[{\"@type\":\"Article\",\"@id\":\"https:\\\/\\\/clusterlogistic.org\\\/furgonetas-sin-etiqueta-ambiental-podran-circular-con-condiciones-en-barcelona\\\/#article\",\"isPartOf\":{\"@id\":\"https:\\\/\\\/clusterlogistic.org\\\/furgonetas-sin-etiqueta-ambiental-podran-circular-con-condiciones-en-barcelona\\\/\"},\"author\":{\"name\":\"Cl\u00faster Log\u00edstic de Catalunya\",\"@id\":\"https:\\\/\\\/clusterlogistic.org\\\/es\\\/#\\\/schema\\\/person\\\/2f968404d010f4cfb1fb1faa4cc8cd64\"},\"headline\":\"Furgonetas sin etiqueta ambiental podr\u00e1n circular con condiciones en Barcelona\",\"datePublished\":\"2022-01-21T06:00:42+00:00\",\"mainEntityOfPage\":{\"@id\":\"https:\\\/\\\/clusterlogistic.org\\\/furgonetas-sin-etiqueta-ambiental-podran-circular-con-condiciones-en-barcelona\\\/\"},\"wordCount\":556,\"publisher\":{\"@id\":\"https:\\\/\\\/clusterlogistic.org\\\/es\\\/#organization\"},\"image\":{\"@id\":\"https:\\\/\\\/clusterlogistic.org\\\/furgonetas-sin-etiqueta-ambiental-podran-circular-con-condiciones-en-barcelona\\\/#primaryimage\"},\"thumbnailUrl\":\"https:\\\/\\\/clusterlogistic.org\\\/wp-content\\\/uploads\\\/2022\\\/01\\\/Furgonetas-sin-etiqueta-ambiental-podran-circular-con-condiciones-en-Barcelona.jpeg\",\"articleSection\":[\"Actualidad\"],\"inLanguage\":\"es\"},{\"@type\":\"WebPage\",\"@id\":\"https:\\\/\\\/clusterlogistic.org\\\/furgonetas-sin-etiqueta-ambiental-podran-circular-con-condiciones-en-barcelona\\\/\",\"url\":\"https:\\\/\\\/clusterlogistic.org\\\/furgonetas-sin-etiqueta-ambiental-podran-circular-con-condiciones-en-barcelona\\\/\",\"name\":\"Furgonetas sin etiqueta ambiental podr\u00e1n circular con condiciones en Barcelona - Cl\u00faster Log\u00edstic de Catalunya\",\"isPartOf\":{\"@id\":\"https:\\\/\\\/clusterlogistic.org\\\/es\\\/#website\"},\"primaryImageOfPage\":{\"@id\":\"https:\\\/\\\/clusterlogistic.org\\\/furgonetas-sin-etiqueta-ambiental-podran-circular-con-condiciones-en-barcelona\\\/#primaryimage\"},\"image\":{\"@id\":\"https:\\\/\\\/clusterlogistic.org\\\/furgonetas-sin-etiqueta-ambiental-podran-circular-con-condiciones-en-barcelona\\\/#primaryimage\"},\"thumbnailUrl\":\"https:\\\/\\\/clusterlogistic.org\\\/wp-content\\\/uploads\\\/2022\\\/01\\\/Furgonetas-sin-etiqueta-ambiental-podran-circular-con-condiciones-en-Barcelona.jpeg\",\"datePublished\":\"2022-01-21T06:00:42+00:00\",\"breadcrumb\":{\"@id\":\"https:\\\/\\\/clusterlogistic.org\\\/furgonetas-sin-etiqueta-ambiental-podran-circular-con-condiciones-en-barcelona\\\/#breadcrumb\"},\"inLanguage\":\"es\",\"potentialAction\":[{\"@type\":\"ReadAction\",\"target\":[\"https:\\\/\\\/clusterlogistic.org\\\/furgonetas-sin-etiqueta-ambiental-podran-circular-con-condiciones-en-barcelona\\\/\"]}]},{\"@type\":\"ImageObject\",\"inLanguage\":\"es\",\"@id\":\"https:\\\/\\\/clusterlogistic.org\\\/furgonetas-sin-etiqueta-ambiental-podran-circular-con-condiciones-en-barcelona\\\/#primaryimage\",\"url\":\"https:\\\/\\\/clusterlogistic.org\\\/wp-content\\\/uploads\\\/2022\\\/01\\\/Furgonetas-sin-etiqueta-ambiental-podran-circular-con-condiciones-en-Barcelona.jpeg\",\"contentUrl\":\"https:\\\/\\\/clusterlogistic.org\\\/wp-content\\\/uploads\\\/2022\\\/01\\\/Furgonetas-sin-etiqueta-ambiental-podran-circular-con-condiciones-en-Barcelona.jpeg\",\"width\":1200,\"height\":634},{\"@type\":\"BreadcrumbList\",\"@id\":\"https:\\\/\\\/clusterlogistic.org\\\/furgonetas-sin-etiqueta-ambiental-podran-circular-con-condiciones-en-barcelona\\\/#breadcrumb\",\"itemListElement\":[{\"@type\":\"ListItem\",\"position\":1,\"name\":\"Portada\",\"item\":\"https:\\\/\\\/clusterlogistic.org\\\/es\\\/\"},{\"@type\":\"ListItem\",\"position\":2,\"name\":\"Furgonetas sin etiqueta ambiental podr\u00e1n circular con condiciones en Barcelona\"}]},{\"@type\":\"WebSite\",\"@id\":\"https:\\\/\\\/clusterlogistic.org\\\/es\\\/#website\",\"url\":\"https:\\\/\\\/clusterlogistic.org\\\/es\\\/\",\"name\":\"Cl\u00faster Log\u00edstic de Catalunya\",\"description\":\"associaci\u00f3 sense \u00e0nim de lucre\",\"publisher\":{\"@id\":\"https:\\\/\\\/clusterlogistic.org\\\/es\\\/#organization\"},\"potentialAction\":[{\"@type\":\"SearchAction\",\"target\":{\"@type\":\"EntryPoint\",\"urlTemplate\":\"https:\\\/\\\/clusterlogistic.org\\\/es\\\/?s={search_term_string}\"},\"query-input\":{\"@type\":\"PropertyValueSpecification\",\"valueRequired\":true,\"valueName\":\"search_term_string\"}}],\"inLanguage\":\"es\"},{\"@type\":\"Organization\",\"@id\":\"https:\\\/\\\/clusterlogistic.org\\\/es\\\/#organization\",\"name\":\"Cl\u00faster Log\u00edstic de Catalunya\",\"url\":\"https:\\\/\\\/clusterlogistic.org\\\/es\\\/\",\"logo\":{\"@type\":\"ImageObject\",\"inLanguage\":\"es\",\"@id\":\"https:\\\/\\\/clusterlogistic.org\\\/es\\\/#\\\/schema\\\/logo\\\/image\\\/\",\"url\":\"https:\\\/\\\/clusterlogistic.org\\\/wp-content\\\/uploads\\\/2017\\\/07\\\/cropped-Logo-CL-llegenda-gran.jpg\",\"contentUrl\":\"https:\\\/\\\/clusterlogistic.org\\\/wp-content\\\/uploads\\\/2017\\\/07\\\/cropped-Logo-CL-llegenda-gran.jpg\",\"width\":512,\"height\":512,\"caption\":\"Cl\u00faster Log\u00edstic de Catalunya\"},\"image\":{\"@id\":\"https:\\\/\\\/clusterlogistic.org\\\/es\\\/#\\\/schema\\\/logo\\\/image\\\/\"}},{\"@type\":\"Person\",\"@id\":\"https:\\\/\\\/clusterlogistic.org\\\/es\\\/#\\\/schema\\\/person\\\/2f968404d010f4cfb1fb1faa4cc8cd64\",\"name\":\"Cl\u00faster Log\u00edstic de Catalunya\",\"image\":{\"@type\":\"ImageObject\",\"inLanguage\":\"es\",\"@id\":\"https:\\\/\\\/secure.gravatar.com\\\/avatar\\\/d70e6dad54fc96678ebb563883ef31c8b8b0a127bb640252f5ba3696ded226fe?s=96&d=mm&r=g\",\"url\":\"https:\\\/\\\/secure.gravatar.com\\\/avatar\\\/d70e6dad54fc96678ebb563883ef31c8b8b0a127bb640252f5ba3696ded226fe?s=96&d=mm&r=g\",\"contentUrl\":\"https:\\\/\\\/secure.gravatar.com\\\/avatar\\\/d70e6dad54fc96678ebb563883ef31c8b8b0a127bb640252f5ba3696ded226fe?s=96&d=mm&r=g\",\"caption\":\"Cl\u00faster Log\u00edstic de Catalunya\"},\"description\":\"Alineem estrat\u00e8gies i sumar esfor\u00e7os per potenciar l'activitat industrial a les pimes | Alineamos estrategias y sumar esfuerzos para potenciar la actividad industrial en las pymes.\",\"url\":\"https:\\\/\\\/clusterlogistic.org\\\/es\\\/author\\\/pilar-minguez\\\/\"}]}<\/script>\n<!-- \/ Yoast SEO plugin. -->","yoast_head_json":{"title":"Furgonetas sin etiqueta ambiental podr\u00e1n circular con condiciones en Barcelona - Cl\u00faster Log\u00edstic de Catalunya","robots":{"index":"index","follow":"follow","max-snippet":"max-snippet:-1","max-image-preview":"max-image-preview:large","max-video-preview":"max-video-preview:-1"},"canonical":"https:\/\/clusterlogistic.org\/furgonetas-sin-etiqueta-ambiental-podran-circular-con-condiciones-en-barcelona\/","og_locale":"es_ES","og_type":"article","og_title":"Furgonetas sin etiqueta ambiental podr\u00e1n circular con condiciones en Barcelona - Cl\u00faster Log\u00edstic de Catalunya","og_description":"Los veh\u00edculos de reparto urbano podr\u00e1n circular por Barcelona sin etiqueta ambiental de la DGT, pero con la condici\u00f3n de que el propietario se comprometa a comprar un veh\u00edculo nuevo de reemplazo durante el primer semestre de 2022. El sector transporte de mercanc\u00edas por carretera y las administraciones con injerencia en las zonas de bajas [&hellip;]","og_url":"https:\/\/clusterlogistic.org\/furgonetas-sin-etiqueta-ambiental-podran-circular-con-condiciones-en-barcelona\/","og_site_name":"Cl\u00faster Log\u00edstic de Catalunya","article_published_time":"2022-01-21T06:00:42+00:00","og_image":[{"width":1200,"height":634,"url":"https:\/\/clusterlogistic.org\/wp-content\/uploads\/2022\/01\/Furgonetas-sin-etiqueta-ambiental-podran-circular-con-condiciones-en-Barcelona.jpeg","type":"image\/jpeg"}],"author":"Cl\u00faster Log\u00edstic de Catalunya","twitter_card":"summary_large_image","twitter_misc":{"Escrito por":"Cl\u00faster Log\u00edstic de Catalunya","Tiempo de lectura":"3 minutos"},"schema":{"@context":"https:\/\/schema.org","@graph":[{"@type":"Article","@id":"https:\/\/clusterlogistic.org\/furgonetas-sin-etiqueta-ambiental-podran-circular-con-condiciones-en-barcelona\/#article","isPartOf":{"@id":"https:\/\/clusterlogistic.org\/furgonetas-sin-etiqueta-ambiental-podran-circular-con-condiciones-en-barcelona\/"},"author":{"name":"Cl\u00faster Log\u00edstic de Catalunya","@id":"https:\/\/clusterlogistic.org\/es\/#\/schema\/person\/2f968404d010f4cfb1fb1faa4cc8cd64"},"headline":"Furgonetas sin etiqueta ambiental podr\u00e1n circular con condiciones en Barcelona","datePublished":"2022-01-21T06:00:42+00:00","mainEntityOfPage":{"@id":"https:\/\/clusterlogistic.org\/furgonetas-sin-etiqueta-ambiental-podran-circular-con-condiciones-en-barcelona\/"},"wordCount":556,"publisher":{"@id":"https:\/\/clusterlogistic.org\/es\/#organization"},"image":{"@id":"https:\/\/clusterlogistic.org\/furgonetas-sin-etiqueta-ambiental-podran-circular-con-condiciones-en-barcelona\/#primaryimage"},"thumbnailUrl":"https:\/\/clusterlogistic.org\/wp-content\/uploads\/2022\/01\/Furgonetas-sin-etiqueta-ambiental-podran-circular-con-condiciones-en-Barcelona.jpeg","articleSection":["Actualidad"],"inLanguage":"es"},{"@type":"WebPage","@id":"https:\/\/clusterlogistic.org\/furgonetas-sin-etiqueta-ambiental-podran-circular-con-condiciones-en-barcelona\/","url":"https:\/\/clusterlogistic.org\/furgonetas-sin-etiqueta-ambiental-podran-circular-con-condiciones-en-barcelona\/","name":"Furgonetas sin etiqueta ambiental podr\u00e1n circular con condiciones en Barcelona - Cl\u00faster Log\u00edstic de Catalunya","isPartOf":{"@id":"https:\/\/clusterlogistic.org\/es\/#website"},"primaryImageOfPage":{"@id":"https:\/\/clusterlogistic.org\/furgonetas-sin-etiqueta-ambiental-podran-circular-con-condiciones-en-barcelona\/#primaryimage"},"image":{"@id":"https:\/\/clusterlogistic.org\/furgonetas-sin-etiqueta-ambiental-podran-circular-con-condiciones-en-barcelona\/#primaryimage"},"thumbnailUrl":"https:\/\/clusterlogistic.org\/wp-content\/uploads\/2022\/01\/Furgonetas-sin-etiqueta-ambiental-podran-circular-con-condiciones-en-Barcelona.jpeg","datePublished":"2022-01-21T06:00:42+00:00","breadcrumb":{"@id":"https:\/\/clusterlogistic.org\/furgonetas-sin-etiqueta-ambiental-podran-circular-con-condiciones-en-barcelona\/#breadcrumb"},"inLanguage":"es","potentialAction":[{"@type":"ReadAction","target":["https:\/\/clusterlogistic.org\/furgonetas-sin-etiqueta-ambiental-podran-circular-con-condiciones-en-barcelona\/"]}]},{"@type":"ImageObject","inLanguage":"es","@id":"https:\/\/clusterlogistic.org\/furgonetas-sin-etiqueta-ambiental-podran-circular-con-condiciones-en-barcelona\/#primaryimage","url":"https:\/\/clusterlogistic.org\/wp-content\/uploads\/2022\/01\/Furgonetas-sin-etiqueta-ambiental-podran-circular-con-condiciones-en-Barcelona.jpeg","contentUrl":"https:\/\/clusterlogistic.org\/wp-content\/uploads\/2022\/01\/Furgonetas-sin-etiqueta-ambiental-podran-circular-con-condiciones-en-Barcelona.jpeg","width":1200,"height":634},{"@type":"BreadcrumbList","@id":"https:\/\/clusterlogistic.org\/furgonetas-sin-etiqueta-ambiental-podran-circular-con-condiciones-en-barcelona\/#breadcrumb","itemListElement":[{"@type":"ListItem","position":1,"name":"Portada","item":"https:\/\/clusterlogistic.org\/es\/"},{"@type":"ListItem","position":2,"name":"Furgonetas sin etiqueta ambiental podr\u00e1n circular con condiciones en Barcelona"}]},{"@type":"WebSite","@id":"https:\/\/clusterlogistic.org\/es\/#website","url":"https:\/\/clusterlogistic.org\/es\/","name":"Cl\u00faster Log\u00edstic de Catalunya","description":"associaci\u00f3 sense \u00e0nim de lucre","publisher":{"@id":"https:\/\/clusterlogistic.org\/es\/#organization"},"potentialAction":[{"@type":"SearchAction","target":{"@type":"EntryPoint","urlTemplate":"https:\/\/clusterlogistic.org\/es\/?s={search_term_string}"},"query-input":{"@type":"PropertyValueSpecification","valueRequired":true,"valueName":"search_term_string"}}],"inLanguage":"es"},{"@type":"Organization","@id":"https:\/\/clusterlogistic.org\/es\/#organization","name":"Cl\u00faster Log\u00edstic de Catalunya","url":"https:\/\/clusterlogistic.org\/es\/","logo":{"@type":"ImageObject","inLanguage":"es","@id":"https:\/\/clusterlogistic.org\/es\/#\/schema\/logo\/image\/","url":"https:\/\/clusterlogistic.org\/wp-content\/uploads\/2017\/07\/cropped-Logo-CL-llegenda-gran.jpg","contentUrl":"https:\/\/clusterlogistic.org\/wp-content\/uploads\/2017\/07\/cropped-Logo-CL-llegenda-gran.jpg","width":512,"height":512,"caption":"Cl\u00faster Log\u00edstic de Catalunya"},"image":{"@id":"https:\/\/clusterlogistic.org\/es\/#\/schema\/logo\/image\/"}},{"@type":"Person","@id":"https:\/\/clusterlogistic.org\/es\/#\/schema\/person\/2f968404d010f4cfb1fb1faa4cc8cd64","name":"Cl\u00faster Log\u00edstic de Catalunya","image":{"@type":"ImageObject","inLanguage":"es","@id":"https:\/\/secure.gravatar.com\/avatar\/d70e6dad54fc96678ebb563883ef31c8b8b0a127bb640252f5ba3696ded226fe?s=96&d=mm&r=g","url":"https:\/\/secure.gravatar.com\/avatar\/d70e6dad54fc96678ebb563883ef31c8b8b0a127bb640252f5ba3696ded226fe?s=96&d=mm&r=g","contentUrl":"https:\/\/secure.gravatar.com\/avatar\/d70e6dad54fc96678ebb563883ef31c8b8b0a127bb640252f5ba3696ded226fe?s=96&d=mm&r=g","caption":"Cl\u00faster Log\u00edstic de Catalunya"},"description":"Alineem estrat\u00e8gies i sumar esfor\u00e7os per potenciar l'activitat industrial a les pimes | Alineamos estrategias y sumar esfuerzos para potenciar la actividad industrial en las pymes.","url":"https:\/\/clusterlogistic.org\/es\/author\/pilar-minguez\/"}]}},"_links":{"self":[{"href":"https:\/\/clusterlogistic.org\/es\/wp-json\/wp\/v2\/posts\/5182","targetHints":{"allow":["GET"]}}],"collection":[{"href":"https:\/\/clusterlogistic.org\/es\/wp-json\/wp\/v2\/posts"}],"about":[{"href":"https:\/\/clusterlogistic.org\/es\/wp-json\/wp\/v2\/types\/post"}],"author":[{"embeddable":true,"href":"https:\/\/clusterlogistic.org\/es\/wp-json\/wp\/v2\/users\/3"}],"replies":[{"embeddable":true,"href":"https:\/\/clusterlogistic.org\/es\/wp-json\/wp\/v2\/comments?post=5182"}],"version-history":[{"count":2,"href":"https:\/\/clusterlogistic.org\/es\/wp-json\/wp\/v2\/posts\/5182\/revisions"}],"predecessor-version":[{"id":5187,"href":"https:\/\/clusterlogistic.org\/es\/wp-json\/wp\/v2\/posts\/5182\/revisions\/5187"}],"wp:featuredmedia":[{"embeddable":true,"href":"https:\/\/clusterlogistic.org\/es\/wp-json\/wp\/v2\/media\/5183"}],"wp:attachment":[{"href":"https:\/\/clusterlogistic.org\/es\/wp-json\/wp\/v2\/media?parent=5182"}],"wp:term":[{"taxonomy":"category","embeddable":true,"href":"https:\/\/clusterlogistic.org\/es\/wp-json\/wp\/v2\/categories?post=5182"},{"taxonomy":"post_tag","embeddable":true,"href":"https:\/\/clusterlogistic.org\/es\/wp-json\/wp\/v2\/tags?post=5182"}],"curies":[{"name":"wp","href":"https:\/\/api.w.org\/{rel}","templated":true}]}}