{"id":5574,"date":"2022-05-27T08:00:27","date_gmt":"2022-05-27T06:00:27","guid":{"rendered":"https:\/\/clusterlogistic.org\/?p=5574"},"modified":"2022-05-03T22:28:15","modified_gmt":"2022-05-03T20:28:15","slug":"el-port-electrificara-muelles-portacontenedores-para-2028","status":"publish","type":"post","link":"https:\/\/clusterlogistic.org\/es\/el-port-electrificara-muelles-portacontenedores-para-2028\/","title":{"rendered":"El Port electrificar\u00e1 muelles portacontenedores para 2028"},"content":{"rendered":"<div id=\":q3\" class=\"pG\" role=\"img\" data-tooltip-contained=\"true\" data-tooltip-align=\"b,l\" data-tooltip-delay=\"1500\" aria-label=\"No importante\">\n<p>El puerto catal\u00e1n firm\u00f3 recientemente junto con otras 27 autoridades portuarias del mundo, la Declaraci\u00f3n One Ocean Summit. En ella los puertos, incluido el de Barcelona, se comprometieron a promover la descarbonizaci\u00f3n para lograr reducir emisiones a la atm\u00f3sfera en particular durante la escala de los buques.<\/p>\n<p><img loading=\"lazy\" decoding=\"async\" class=\"alignnone size-full wp-image-5575\" src=\"https:\/\/clusterlogistic.org\/wp-content\/uploads\/2022\/05\/El-Port-electrificara-muelles-portacontenedores-para-2028.jpg\" alt=\"El Port electrificar\u00e1 muelles portacontenedores para 2028\" width=\"600\" height=\"400\" srcset=\"https:\/\/clusterlogistic.org\/wp-content\/uploads\/2022\/05\/El-Port-electrificara-muelles-portacontenedores-para-2028.jpg 600w, https:\/\/clusterlogistic.org\/wp-content\/uploads\/2022\/05\/El-Port-electrificara-muelles-portacontenedores-para-2028-300x200.jpg 300w\" sizes=\"auto, (max-width: 600px) 100vw, 600px\" \/><\/p>\n<p>Bajo este contexto, El Port de Barcelona buscar\u00e1 electrificar para 2028 los muelles de portacontenedores y cruceros y a tener en funcionamiento sus sistemas OPS (onshore power supply).<\/p>\n<p>Se espera que con esta electrificaci\u00f3n de los muelles, se logre reducir una cuarta parte de las emisiones del puerto a la atm\u00f3sfera.<\/p>\n<p>Los 27 puertos m\u00e1s importantes del mundo que se incorporaron a la iniciativa, se comprometieron a incentivar la llegada de aquellos buques que generen menos emisiones contaminantes, teniendo en cuenta los indicadores internacionales como el programa Green Award o el Environmental Ship Index, ESI.<\/p>\n<p>Por su parte, la Autoridad Portuaria de Barcelona ya hab\u00eda adelantado desde hace varios a\u00f1os la pol\u00edtica de bonificaciones para que los armadores operen en Barcelona, pero con buques m\u00e1s sostenibles.<\/p>\n<p>Durante 2020 las bonificaciones superaron los 2,3 millones de euros. Gracias a ello ha sido posible que atraquen al puerto de Barcelona los barcos m\u00e1s modernos de la flota mundial y que cuentan con mayor eficiencia energ\u00e9tica.<\/p>\n<h2>El plan estrat\u00e9gico del Port de Barcelona<\/h2>\n<p>El Port determin\u00f3 que el plan de electrificaci\u00f3n contar\u00e1 con una inversi\u00f3n de 110 millones de euros. Incluye electrificar el muelle Adossat, el muelle de Costa, el muelle Prat y la d\u00e1rsena de Sant Bertran antes de 2030.<\/p>\n<p>Directivos del puerto indicaron que este logro permitir\u00e1 reducir en un 38% las emisiones de \u00f3xido de nitr\u00f3geno y de di\u00f3xido de carbono a la atm\u00f3sfera, mientras los buques est\u00e9n en el puerto.<\/p>\n<p>De los 110 millones, 90 millones ser\u00e1n destinados a la construcci\u00f3n de los sistemas Onshore Power Supply, OPS, mecanismos y tecnolog\u00eda que permitir\u00e1 a los barcos y cruceros conectarse a la red el\u00e9ctrica.<\/p>\n<p>Los 20 millones restantes ser\u00e1n destinados al desarrollo de la red el\u00e9ctrica necesaria, incluida la construcci\u00f3n de una subestaci\u00f3n el\u00e9ctrica en el Puerto de Barcelona que se conectar\u00e1 con la subestaci\u00f3n de Red El\u00e9ctrica en la Ronda Litoral.<\/p>\n<p>En el marco de las obras se prev\u00e9 la instalaci\u00f3n de 240 kil\u00f3metros de cable y la construcci\u00f3n de 20,5 kil\u00f3metros de canalizaciones en las instalaciones del Port.<\/p>\n<p>A largo plazo, la electrificaci\u00f3n de los muelles del Port de Barcelona ser\u00e1 una pieza clave para alcanzar un puerto clim\u00e1ticamente neutro en el 2050.<\/p>\n<h2>Los corredores verdes entre puertos<\/h2>\n<\/div>\n","protected":false},"excerpt":{"rendered":"<p>El puerto catal\u00e1n firm\u00f3 recientemente junto con otras 27 autoridades portuarias del mundo, la Declaraci\u00f3n One Ocean Summit. En ella los puertos, incluido el de Barcelona, se comprometieron a promover la descarbonizaci\u00f3n para lograr reducir emisiones a la atm\u00f3sfera en particular durante la escala de los buques. Bajo este contexto, El Port de Barcelona buscar\u00e1 [&hellip;]<\/p>\n","protected":false},"author":3,"featured_media":5575,"comment_status":"closed","ping_status":"closed","sticky":false,"template":"","format":"standard","meta":{"footnotes":""},"categories":[16],"tags":[],"class_list":["post-5574","post","type-post","status-publish","format-standard","has-post-thumbnail","hentry","category-actualidad"],"yoast_head":"<!-- This site is optimized with the Yoast SEO plugin v27.4 - https:\/\/yoast.com\/product\/yoast-seo-wordpress\/ -->\n<title>El Port electrificar\u00e1 muelles portacontenedores para 2028 - Cl\u00faster Log\u00edstic de Catalunya<\/title>\n<meta name=\"robots\" content=\"index, follow, max-snippet:-1, max-image-preview:large, max-video-preview:-1\" \/>\n<link rel=\"canonical\" href=\"https:\/\/clusterlogistic.org\/el-port-electrificara-molls-portacontenidors-per-al-2028\/\" \/>\n<meta property=\"og:locale\" content=\"es_ES\" \/>\n<meta property=\"og:type\" content=\"article\" \/>\n<meta property=\"og:title\" content=\"El Port electrificar\u00e1 muelles portacontenedores para 2028 - Cl\u00faster Log\u00edstic de Catalunya\" \/>\n<meta property=\"og:description\" content=\"El puerto catal\u00e1n firm\u00f3 recientemente junto con otras 27 autoridades portuarias del mundo, la Declaraci\u00f3n One Ocean Summit. En ella los puertos, incluido el de Barcelona, se comprometieron a promover la descarbonizaci\u00f3n para lograr reducir emisiones a la atm\u00f3sfera en particular durante la escala de los buques. Bajo este contexto, El Port de Barcelona buscar\u00e1 [&hellip;]\" \/>\n<meta property=\"og:url\" content=\"https:\/\/clusterlogistic.org\/el-port-electrificara-molls-portacontenidors-per-al-2028\/\" \/>\n<meta property=\"og:site_name\" content=\"Cl\u00faster Log\u00edstic de Catalunya\" \/>\n<meta property=\"article:published_time\" content=\"2022-05-27T06:00:27+00:00\" \/>\n<meta property=\"og:image\" content=\"https:\/\/clusterlogistic.org\/wp-content\/uploads\/2022\/05\/El-Port-electrificara-muelles-portacontenedores-para-2028.jpg\" \/>\n\t<meta property=\"og:image:width\" content=\"600\" \/>\n\t<meta property=\"og:image:height\" content=\"400\" \/>\n\t<meta property=\"og:image:type\" content=\"image\/jpeg\" \/>\n<meta name=\"author\" content=\"Cl\u00faster Log\u00edstic de Catalunya\" \/>\n<meta name=\"twitter:card\" content=\"summary_large_image\" \/>\n<meta name=\"twitter:label1\" content=\"Escrito por\" \/>\n\t<meta name=\"twitter:data1\" content=\"Cl\u00faster Log\u00edstic de Catalunya\" \/>\n\t<meta name=\"twitter:label2\" content=\"Tiempo de lectura\" \/>\n\t<meta name=\"twitter:data2\" content=\"2 minutos\" \/>\n<script type=\"application\/ld+json\" class=\"yoast-schema-graph\">{\"@context\":\"https:\\\/\\\/schema.org\",\"@graph\":[{\"@type\":\"Article\",\"@id\":\"https:\\\/\\\/clusterlogistic.org\\\/el-port-electrificara-molls-portacontenidors-per-al-2028\\\/#article\",\"isPartOf\":{\"@id\":\"https:\\\/\\\/clusterlogistic.org\\\/el-port-electrificara-molls-portacontenidors-per-al-2028\\\/\"},\"author\":{\"name\":\"Cl\u00faster Log\u00edstic de Catalunya\",\"@id\":\"https:\\\/\\\/clusterlogistic.org\\\/es\\\/#\\\/schema\\\/person\\\/2f968404d010f4cfb1fb1faa4cc8cd64\"},\"headline\":\"El Port electrificar\u00e1 muelles portacontenedores para 2028\",\"datePublished\":\"2022-05-27T06:00:27+00:00\",\"mainEntityOfPage\":{\"@id\":\"https:\\\/\\\/clusterlogistic.org\\\/el-port-electrificara-molls-portacontenidors-per-al-2028\\\/\"},\"wordCount\":447,\"publisher\":{\"@id\":\"https:\\\/\\\/clusterlogistic.org\\\/es\\\/#organization\"},\"image\":{\"@id\":\"https:\\\/\\\/clusterlogistic.org\\\/el-port-electrificara-molls-portacontenidors-per-al-2028\\\/#primaryimage\"},\"thumbnailUrl\":\"https:\\\/\\\/clusterlogistic.org\\\/wp-content\\\/uploads\\\/2022\\\/05\\\/El-Port-electrificara-muelles-portacontenedores-para-2028.jpg\",\"articleSection\":[\"Actualidad\"],\"inLanguage\":\"es\"},{\"@type\":\"WebPage\",\"@id\":\"https:\\\/\\\/clusterlogistic.org\\\/el-port-electrificara-molls-portacontenidors-per-al-2028\\\/\",\"url\":\"https:\\\/\\\/clusterlogistic.org\\\/el-port-electrificara-molls-portacontenidors-per-al-2028\\\/\",\"name\":\"El Port electrificar\u00e1 muelles portacontenedores para 2028 - Cl\u00faster Log\u00edstic de Catalunya\",\"isPartOf\":{\"@id\":\"https:\\\/\\\/clusterlogistic.org\\\/es\\\/#website\"},\"primaryImageOfPage\":{\"@id\":\"https:\\\/\\\/clusterlogistic.org\\\/el-port-electrificara-molls-portacontenidors-per-al-2028\\\/#primaryimage\"},\"image\":{\"@id\":\"https:\\\/\\\/clusterlogistic.org\\\/el-port-electrificara-molls-portacontenidors-per-al-2028\\\/#primaryimage\"},\"thumbnailUrl\":\"https:\\\/\\\/clusterlogistic.org\\\/wp-content\\\/uploads\\\/2022\\\/05\\\/El-Port-electrificara-muelles-portacontenedores-para-2028.jpg\",\"datePublished\":\"2022-05-27T06:00:27+00:00\",\"breadcrumb\":{\"@id\":\"https:\\\/\\\/clusterlogistic.org\\\/el-port-electrificara-molls-portacontenidors-per-al-2028\\\/#breadcrumb\"},\"inLanguage\":\"es\",\"potentialAction\":[{\"@type\":\"ReadAction\",\"target\":[\"https:\\\/\\\/clusterlogistic.org\\\/el-port-electrificara-molls-portacontenidors-per-al-2028\\\/\"]}]},{\"@type\":\"ImageObject\",\"inLanguage\":\"es\",\"@id\":\"https:\\\/\\\/clusterlogistic.org\\\/el-port-electrificara-molls-portacontenidors-per-al-2028\\\/#primaryimage\",\"url\":\"https:\\\/\\\/clusterlogistic.org\\\/wp-content\\\/uploads\\\/2022\\\/05\\\/El-Port-electrificara-muelles-portacontenedores-para-2028.jpg\",\"contentUrl\":\"https:\\\/\\\/clusterlogistic.org\\\/wp-content\\\/uploads\\\/2022\\\/05\\\/El-Port-electrificara-muelles-portacontenedores-para-2028.jpg\",\"width\":600,\"height\":400,\"caption\":\"El Port electrificar\u00e1 muelles portacontenedores para 2028\"},{\"@type\":\"BreadcrumbList\",\"@id\":\"https:\\\/\\\/clusterlogistic.org\\\/el-port-electrificara-molls-portacontenidors-per-al-2028\\\/#breadcrumb\",\"itemListElement\":[{\"@type\":\"ListItem\",\"position\":1,\"name\":\"Portada\",\"item\":\"https:\\\/\\\/clusterlogistic.org\\\/es\\\/\"},{\"@type\":\"ListItem\",\"position\":2,\"name\":\"El Port electrificar\u00e1 muelles portacontenedores para 2028\"}]},{\"@type\":\"WebSite\",\"@id\":\"https:\\\/\\\/clusterlogistic.org\\\/es\\\/#website\",\"url\":\"https:\\\/\\\/clusterlogistic.org\\\/es\\\/\",\"name\":\"Cl\u00faster Log\u00edstic de Catalunya\",\"description\":\"associaci\u00f3 sense \u00e0nim de lucre\",\"publisher\":{\"@id\":\"https:\\\/\\\/clusterlogistic.org\\\/es\\\/#organization\"},\"potentialAction\":[{\"@type\":\"SearchAction\",\"target\":{\"@type\":\"EntryPoint\",\"urlTemplate\":\"https:\\\/\\\/clusterlogistic.org\\\/es\\\/?s={search_term_string}\"},\"query-input\":{\"@type\":\"PropertyValueSpecification\",\"valueRequired\":true,\"valueName\":\"search_term_string\"}}],\"inLanguage\":\"es\"},{\"@type\":\"Organization\",\"@id\":\"https:\\\/\\\/clusterlogistic.org\\\/es\\\/#organization\",\"name\":\"Cl\u00faster Log\u00edstic de Catalunya\",\"url\":\"https:\\\/\\\/clusterlogistic.org\\\/es\\\/\",\"logo\":{\"@type\":\"ImageObject\",\"inLanguage\":\"es\",\"@id\":\"https:\\\/\\\/clusterlogistic.org\\\/es\\\/#\\\/schema\\\/logo\\\/image\\\/\",\"url\":\"https:\\\/\\\/clusterlogistic.org\\\/wp-content\\\/uploads\\\/2017\\\/07\\\/cropped-Logo-CL-llegenda-gran.jpg\",\"contentUrl\":\"https:\\\/\\\/clusterlogistic.org\\\/wp-content\\\/uploads\\\/2017\\\/07\\\/cropped-Logo-CL-llegenda-gran.jpg\",\"width\":512,\"height\":512,\"caption\":\"Cl\u00faster Log\u00edstic de Catalunya\"},\"image\":{\"@id\":\"https:\\\/\\\/clusterlogistic.org\\\/es\\\/#\\\/schema\\\/logo\\\/image\\\/\"}},{\"@type\":\"Person\",\"@id\":\"https:\\\/\\\/clusterlogistic.org\\\/es\\\/#\\\/schema\\\/person\\\/2f968404d010f4cfb1fb1faa4cc8cd64\",\"name\":\"Cl\u00faster Log\u00edstic de Catalunya\",\"image\":{\"@type\":\"ImageObject\",\"inLanguage\":\"es\",\"@id\":\"https:\\\/\\\/secure.gravatar.com\\\/avatar\\\/d70e6dad54fc96678ebb563883ef31c8b8b0a127bb640252f5ba3696ded226fe?s=96&d=mm&r=g\",\"url\":\"https:\\\/\\\/secure.gravatar.com\\\/avatar\\\/d70e6dad54fc96678ebb563883ef31c8b8b0a127bb640252f5ba3696ded226fe?s=96&d=mm&r=g\",\"contentUrl\":\"https:\\\/\\\/secure.gravatar.com\\\/avatar\\\/d70e6dad54fc96678ebb563883ef31c8b8b0a127bb640252f5ba3696ded226fe?s=96&d=mm&r=g\",\"caption\":\"Cl\u00faster Log\u00edstic de Catalunya\"},\"description\":\"Alineem estrat\u00e8gies i sumar esfor\u00e7os per potenciar l'activitat industrial a les pimes | Alineamos estrategias y sumar esfuerzos para potenciar la actividad industrial en las pymes.\",\"url\":\"https:\\\/\\\/clusterlogistic.org\\\/es\\\/author\\\/pilar-minguez\\\/\"}]}<\/script>\n<!-- \/ Yoast SEO plugin. -->","yoast_head_json":{"title":"El Port electrificar\u00e1 muelles portacontenedores para 2028 - Cl\u00faster Log\u00edstic de Catalunya","robots":{"index":"index","follow":"follow","max-snippet":"max-snippet:-1","max-image-preview":"max-image-preview:large","max-video-preview":"max-video-preview:-1"},"canonical":"https:\/\/clusterlogistic.org\/el-port-electrificara-molls-portacontenidors-per-al-2028\/","og_locale":"es_ES","og_type":"article","og_title":"El Port electrificar\u00e1 muelles portacontenedores para 2028 - Cl\u00faster Log\u00edstic de Catalunya","og_description":"El puerto catal\u00e1n firm\u00f3 recientemente junto con otras 27 autoridades portuarias del mundo, la Declaraci\u00f3n One Ocean Summit. En ella los puertos, incluido el de Barcelona, se comprometieron a promover la descarbonizaci\u00f3n para lograr reducir emisiones a la atm\u00f3sfera en particular durante la escala de los buques. Bajo este contexto, El Port de Barcelona buscar\u00e1 [&hellip;]","og_url":"https:\/\/clusterlogistic.org\/el-port-electrificara-molls-portacontenidors-per-al-2028\/","og_site_name":"Cl\u00faster Log\u00edstic de Catalunya","article_published_time":"2022-05-27T06:00:27+00:00","og_image":[{"width":600,"height":400,"url":"https:\/\/clusterlogistic.org\/wp-content\/uploads\/2022\/05\/El-Port-electrificara-muelles-portacontenedores-para-2028.jpg","type":"image\/jpeg"}],"author":"Cl\u00faster Log\u00edstic de Catalunya","twitter_card":"summary_large_image","twitter_misc":{"Escrito por":"Cl\u00faster Log\u00edstic de Catalunya","Tiempo de lectura":"2 minutos"},"schema":{"@context":"https:\/\/schema.org","@graph":[{"@type":"Article","@id":"https:\/\/clusterlogistic.org\/el-port-electrificara-molls-portacontenidors-per-al-2028\/#article","isPartOf":{"@id":"https:\/\/clusterlogistic.org\/el-port-electrificara-molls-portacontenidors-per-al-2028\/"},"author":{"name":"Cl\u00faster Log\u00edstic de Catalunya","@id":"https:\/\/clusterlogistic.org\/es\/#\/schema\/person\/2f968404d010f4cfb1fb1faa4cc8cd64"},"headline":"El Port electrificar\u00e1 muelles portacontenedores para 2028","datePublished":"2022-05-27T06:00:27+00:00","mainEntityOfPage":{"@id":"https:\/\/clusterlogistic.org\/el-port-electrificara-molls-portacontenidors-per-al-2028\/"},"wordCount":447,"publisher":{"@id":"https:\/\/clusterlogistic.org\/es\/#organization"},"image":{"@id":"https:\/\/clusterlogistic.org\/el-port-electrificara-molls-portacontenidors-per-al-2028\/#primaryimage"},"thumbnailUrl":"https:\/\/clusterlogistic.org\/wp-content\/uploads\/2022\/05\/El-Port-electrificara-muelles-portacontenedores-para-2028.jpg","articleSection":["Actualidad"],"inLanguage":"es"},{"@type":"WebPage","@id":"https:\/\/clusterlogistic.org\/el-port-electrificara-molls-portacontenidors-per-al-2028\/","url":"https:\/\/clusterlogistic.org\/el-port-electrificara-molls-portacontenidors-per-al-2028\/","name":"El Port electrificar\u00e1 muelles portacontenedores para 2028 - Cl\u00faster Log\u00edstic de Catalunya","isPartOf":{"@id":"https:\/\/clusterlogistic.org\/es\/#website"},"primaryImageOfPage":{"@id":"https:\/\/clusterlogistic.org\/el-port-electrificara-molls-portacontenidors-per-al-2028\/#primaryimage"},"image":{"@id":"https:\/\/clusterlogistic.org\/el-port-electrificara-molls-portacontenidors-per-al-2028\/#primaryimage"},"thumbnailUrl":"https:\/\/clusterlogistic.org\/wp-content\/uploads\/2022\/05\/El-Port-electrificara-muelles-portacontenedores-para-2028.jpg","datePublished":"2022-05-27T06:00:27+00:00","breadcrumb":{"@id":"https:\/\/clusterlogistic.org\/el-port-electrificara-molls-portacontenidors-per-al-2028\/#breadcrumb"},"inLanguage":"es","potentialAction":[{"@type":"ReadAction","target":["https:\/\/clusterlogistic.org\/el-port-electrificara-molls-portacontenidors-per-al-2028\/"]}]},{"@type":"ImageObject","inLanguage":"es","@id":"https:\/\/clusterlogistic.org\/el-port-electrificara-molls-portacontenidors-per-al-2028\/#primaryimage","url":"https:\/\/clusterlogistic.org\/wp-content\/uploads\/2022\/05\/El-Port-electrificara-muelles-portacontenedores-para-2028.jpg","contentUrl":"https:\/\/clusterlogistic.org\/wp-content\/uploads\/2022\/05\/El-Port-electrificara-muelles-portacontenedores-para-2028.jpg","width":600,"height":400,"caption":"El Port electrificar\u00e1 muelles portacontenedores para 2028"},{"@type":"BreadcrumbList","@id":"https:\/\/clusterlogistic.org\/el-port-electrificara-molls-portacontenidors-per-al-2028\/#breadcrumb","itemListElement":[{"@type":"ListItem","position":1,"name":"Portada","item":"https:\/\/clusterlogistic.org\/es\/"},{"@type":"ListItem","position":2,"name":"El Port electrificar\u00e1 muelles portacontenedores para 2028"}]},{"@type":"WebSite","@id":"https:\/\/clusterlogistic.org\/es\/#website","url":"https:\/\/clusterlogistic.org\/es\/","name":"Cl\u00faster Log\u00edstic de Catalunya","description":"associaci\u00f3 sense \u00e0nim de lucre","publisher":{"@id":"https:\/\/clusterlogistic.org\/es\/#organization"},"potentialAction":[{"@type":"SearchAction","target":{"@type":"EntryPoint","urlTemplate":"https:\/\/clusterlogistic.org\/es\/?s={search_term_string}"},"query-input":{"@type":"PropertyValueSpecification","valueRequired":true,"valueName":"search_term_string"}}],"inLanguage":"es"},{"@type":"Organization","@id":"https:\/\/clusterlogistic.org\/es\/#organization","name":"Cl\u00faster Log\u00edstic de Catalunya","url":"https:\/\/clusterlogistic.org\/es\/","logo":{"@type":"ImageObject","inLanguage":"es","@id":"https:\/\/clusterlogistic.org\/es\/#\/schema\/logo\/image\/","url":"https:\/\/clusterlogistic.org\/wp-content\/uploads\/2017\/07\/cropped-Logo-CL-llegenda-gran.jpg","contentUrl":"https:\/\/clusterlogistic.org\/wp-content\/uploads\/2017\/07\/cropped-Logo-CL-llegenda-gran.jpg","width":512,"height":512,"caption":"Cl\u00faster Log\u00edstic de Catalunya"},"image":{"@id":"https:\/\/clusterlogistic.org\/es\/#\/schema\/logo\/image\/"}},{"@type":"Person","@id":"https:\/\/clusterlogistic.org\/es\/#\/schema\/person\/2f968404d010f4cfb1fb1faa4cc8cd64","name":"Cl\u00faster Log\u00edstic de Catalunya","image":{"@type":"ImageObject","inLanguage":"es","@id":"https:\/\/secure.gravatar.com\/avatar\/d70e6dad54fc96678ebb563883ef31c8b8b0a127bb640252f5ba3696ded226fe?s=96&d=mm&r=g","url":"https:\/\/secure.gravatar.com\/avatar\/d70e6dad54fc96678ebb563883ef31c8b8b0a127bb640252f5ba3696ded226fe?s=96&d=mm&r=g","contentUrl":"https:\/\/secure.gravatar.com\/avatar\/d70e6dad54fc96678ebb563883ef31c8b8b0a127bb640252f5ba3696ded226fe?s=96&d=mm&r=g","caption":"Cl\u00faster Log\u00edstic de Catalunya"},"description":"Alineem estrat\u00e8gies i sumar esfor\u00e7os per potenciar l'activitat industrial a les pimes | Alineamos estrategias y sumar esfuerzos para potenciar la actividad industrial en las pymes.","url":"https:\/\/clusterlogistic.org\/es\/author\/pilar-minguez\/"}]}},"_links":{"self":[{"href":"https:\/\/clusterlogistic.org\/es\/wp-json\/wp\/v2\/posts\/5574","targetHints":{"allow":["GET"]}}],"collection":[{"href":"https:\/\/clusterlogistic.org\/es\/wp-json\/wp\/v2\/posts"}],"about":[{"href":"https:\/\/clusterlogistic.org\/es\/wp-json\/wp\/v2\/types\/post"}],"author":[{"embeddable":true,"href":"https:\/\/clusterlogistic.org\/es\/wp-json\/wp\/v2\/users\/3"}],"replies":[{"embeddable":true,"href":"https:\/\/clusterlogistic.org\/es\/wp-json\/wp\/v2\/comments?post=5574"}],"version-history":[{"count":2,"href":"https:\/\/clusterlogistic.org\/es\/wp-json\/wp\/v2\/posts\/5574\/revisions"}],"predecessor-version":[{"id":5579,"href":"https:\/\/clusterlogistic.org\/es\/wp-json\/wp\/v2\/posts\/5574\/revisions\/5579"}],"wp:featuredmedia":[{"embeddable":true,"href":"https:\/\/clusterlogistic.org\/es\/wp-json\/wp\/v2\/media\/5575"}],"wp:attachment":[{"href":"https:\/\/clusterlogistic.org\/es\/wp-json\/wp\/v2\/media?parent=5574"}],"wp:term":[{"taxonomy":"category","embeddable":true,"href":"https:\/\/clusterlogistic.org\/es\/wp-json\/wp\/v2\/categories?post=5574"},{"taxonomy":"post_tag","embeddable":true,"href":"https:\/\/clusterlogistic.org\/es\/wp-json\/wp\/v2\/tags?post=5574"}],"curies":[{"name":"wp","href":"https:\/\/api.w.org\/{rel}","templated":true}]}}