{"id":5580,"date":"2022-06-03T08:00:16","date_gmt":"2022-06-03T06:00:16","guid":{"rendered":"https:\/\/clusterlogistic.org\/?p=5580"},"modified":"2022-05-04T12:38:07","modified_gmt":"2022-05-04T10:38:07","slug":"transporte-de-carga-aerea-casi-recupera-a-sus-niveles-precovid-19","status":"publish","type":"post","link":"https:\/\/clusterlogistic.org\/es\/transporte-de-carga-aerea-casi-recupera-a-sus-niveles-precovid-19\/","title":{"rendered":"Transporte de carga a\u00e9rea casi recupera a sus niveles precovid-19"},"content":{"rendered":"<p>Durante los tres primeros meses del 2022, el transporte de carga a\u00e9rea en los aeropuertos espa\u00f1oles logr\u00f3 alcanzar los vol\u00famenes que registraba antes de la pandemia.<\/p>\n<p><img loading=\"lazy\" decoding=\"async\" class=\"alignnone size-full wp-image-5581\" src=\"https:\/\/clusterlogistic.org\/wp-content\/uploads\/2022\/05\/Transporte-de-carga-aerea-casi-recupera-a-sus-niveles-precovid-19.jpg\" alt=\"Transporte de carga a\u00e9rea casi recupera a sus niveles precovid-19\" width=\"960\" height=\"522\" srcset=\"https:\/\/clusterlogistic.org\/wp-content\/uploads\/2022\/05\/Transporte-de-carga-aerea-casi-recupera-a-sus-niveles-precovid-19.jpg 960w, https:\/\/clusterlogistic.org\/wp-content\/uploads\/2022\/05\/Transporte-de-carga-aerea-casi-recupera-a-sus-niveles-precovid-19-300x163.jpg 300w, https:\/\/clusterlogistic.org\/wp-content\/uploads\/2022\/05\/Transporte-de-carga-aerea-casi-recupera-a-sus-niveles-precovid-19-768x418.jpg 768w, https:\/\/clusterlogistic.org\/wp-content\/uploads\/2022\/05\/Transporte-de-carga-aerea-casi-recupera-a-sus-niveles-precovid-19-705x383.jpg 705w\" sizes=\"auto, (max-width: 960px) 100vw, 960px\" \/><\/p>\n<p>Muestra de ello, es que los aeropuertos espa\u00f1oles de la red de Aena registraron un total de 92.308 toneladas de carga transportada durante marzo de 2022, lo que supone un incremento del 8,8% en comparaci\u00f3n con el mismo mes del a\u00f1o pasado.<\/p>\n<p>Acumulativamente, las terminales a\u00e9reas sumaron 247.803 toneladas de carga, un 14,4% por encima de lo alcanzado en 2021.<\/p>\n<p>La red espa\u00f1ola de Aena reporta que el transporte de carga contin\u00faa con la misma tendencia del mes de marzo de 2022, despu\u00e9s de iniciar este a\u00f1o con cifras incluso por debajo de las registradas en \u00e9poca pre-pand\u00e9mica.<\/p>\n<h2>Cifras por aeropuertos<\/h2>\n<h3>Madrid-Barajas<\/h3>\n<p>Esta terminal a\u00e9rea vuelve a registrar el mayor volumen de toneladas de carga transportadas, alcanzando un total de 51.970, lo que supone un incremento del 21,8% con respecto a la cantidad movilizada en marzo de 2021, y del 6,5% en comparaci\u00f3n con marzo de 2019.<\/p>\n<h3>Barcelona-El Prat<\/h3>\n<p>Ocupa el segundo puesto por segundo mes consecutivo, acumulando 13.542 toneladas, lo que representa el 20,5% m\u00e1s de carga transportada en comparaci\u00f3n con el mismo mes del a\u00f1o pasado. Lo que s\u00ed se observa es que esta cifra es el 14,3% m\u00e1s baja que la registrada en marzo de 2019.<\/p>\n<h3>Zaragoza<\/h3>\n<p>Este aeropuerto ocupa el tercer lugar y los datos contin\u00faan en ca\u00edda libre, pues redujo el transporte de carga en un 25,8% con respecto a marzo de 2021, con un acumulado de 13.348 toneladas. Esta cifra es el 23% menor a la registrada en el a\u00f1o antes de la pandemia.<\/p>\n<p>Comparativamente, durante el primer trimestre de 2022 el aeropuerto de Barcelona empata en mercanc\u00edas con el de Zaragoza. De continuar este comportamiento El Prat podr\u00eda perder su segundo puesto del ranking.<\/p>\n<h2>Carga desglosada por compa\u00f1\u00edas a\u00e9reas<\/h2>\n<h3>DHL<\/h3>\n<p>Recuper\u00f3 la primera posici\u00f3n con un total de 14.908 toneladas de carga transportadas, luego del descenso en transporte de mercanc\u00edas que experiment\u00f3 en febrero de este a\u00f1o en Espa\u00f1a.<\/p>\n<h3>Iberia<\/h3>\n<p>Ocupa la segunda posici\u00f3n con un total de 12.263 toneladas transportadas durante el mes de marzo de 2022.<\/p>\n<h3>Qatar Airways<\/h3>\n<p>Le sigue en el tercer puesto Qatar Airways, con 8.580 toneladas transportadas durante marzo de 2022.<\/p>\n<h3>Emirates<\/h3>\n<p>La aerol\u00ednea vuelve a aparecer entre las seis compa\u00f1\u00edas a\u00e9reas con mayor volumen de carga movida. Registra un acumulado de 5.831 toneladas de carga transportada, despu\u00e9s de haber ocupado el puesto siete el mes pasado.<\/p>\n<h2>Transporte de pasajeros<\/h2>\n<p>En cuanto al volumen de pasajeros transportados por las diferentes terminales a\u00e9reas, el ranking lo lidera Madrid-Barajas con m\u00e1s de 3,5 millones de pasajeros, lo que representa un descenso del 27,5% en comparaci\u00f3n con marzo de 2019, pero un incremento del 266,2% con respecto a marzo de 2021.<\/p>\n<p>Le sigue Barcelona-El Prat con m\u00e1s de 2,7 millones de viajeros transportados (-31,9% con respecto a 2019 y +537,5% en comparaci\u00f3n con\u00a0 2021).<\/p>\n<p>Y el aeropuerto de M\u00e1laga, con 1,1 millones de pasajeros (-12,9% en comparaci\u00f3n con 2019 y +606,5% con respecto a 2021).<\/p>\n<p>&nbsp;<\/p>\n<p>&nbsp;<\/p>\n","protected":false},"excerpt":{"rendered":"<p>Durante los tres primeros meses del 2022, el transporte de carga a\u00e9rea en los aeropuertos espa\u00f1oles logr\u00f3 alcanzar los vol\u00famenes que registraba antes de la pandemia. Muestra de ello, es que los aeropuertos espa\u00f1oles de la red de Aena registraron un total de 92.308 toneladas de carga transportada durante marzo de 2022, lo que supone [&hellip;]<\/p>\n","protected":false},"author":3,"featured_media":5581,"comment_status":"closed","ping_status":"closed","sticky":false,"template":"","format":"standard","meta":{"footnotes":""},"categories":[16],"tags":[],"class_list":["post-5580","post","type-post","status-publish","format-standard","has-post-thumbnail","hentry","category-actualidad"],"yoast_head":"<!-- This site is optimized with the Yoast SEO plugin v27.4 - https:\/\/yoast.com\/product\/yoast-seo-wordpress\/ -->\n<title>Transporte de carga a\u00e9rea casi recupera a sus niveles precovid-19 - Cl\u00faster Log\u00edstic de Catalunya<\/title>\n<meta name=\"robots\" content=\"index, follow, max-snippet:-1, max-image-preview:large, max-video-preview:-1\" \/>\n<link rel=\"canonical\" href=\"https:\/\/clusterlogistic.org\/es\/transporte-de-carga-aerea-casi-recupera-a-sus-niveles-precovid-19\/\" \/>\n<meta property=\"og:locale\" content=\"es_ES\" \/>\n<meta property=\"og:type\" content=\"article\" \/>\n<meta property=\"og:title\" content=\"Transporte de carga a\u00e9rea casi recupera a sus niveles precovid-19 - Cl\u00faster Log\u00edstic de Catalunya\" \/>\n<meta property=\"og:description\" content=\"Durante los tres primeros meses del 2022, el transporte de carga a\u00e9rea en los aeropuertos espa\u00f1oles logr\u00f3 alcanzar los vol\u00famenes que registraba antes de la pandemia. Muestra de ello, es que los aeropuertos espa\u00f1oles de la red de Aena registraron un total de 92.308 toneladas de carga transportada durante marzo de 2022, lo que supone [&hellip;]\" \/>\n<meta property=\"og:url\" content=\"https:\/\/clusterlogistic.org\/es\/transporte-de-carga-aerea-casi-recupera-a-sus-niveles-precovid-19\/\" \/>\n<meta property=\"og:site_name\" content=\"Cl\u00faster Log\u00edstic de Catalunya\" \/>\n<meta property=\"article:published_time\" content=\"2022-06-03T06:00:16+00:00\" \/>\n<meta property=\"og:image\" content=\"https:\/\/clusterlogistic.org\/wp-content\/uploads\/2022\/05\/Transporte-de-carga-aerea-casi-recupera-a-sus-niveles-precovid-19.jpg\" \/>\n\t<meta property=\"og:image:width\" content=\"960\" \/>\n\t<meta property=\"og:image:height\" content=\"522\" \/>\n\t<meta property=\"og:image:type\" content=\"image\/jpeg\" \/>\n<meta name=\"author\" content=\"Cl\u00faster Log\u00edstic de Catalunya\" \/>\n<meta name=\"twitter:card\" content=\"summary_large_image\" \/>\n<meta name=\"twitter:label1\" content=\"Escrito por\" \/>\n\t<meta name=\"twitter:data1\" content=\"Cl\u00faster Log\u00edstic de Catalunya\" \/>\n\t<meta name=\"twitter:label2\" content=\"Tiempo de lectura\" \/>\n\t<meta name=\"twitter:data2\" content=\"3 minutos\" \/>\n<script type=\"application\/ld+json\" class=\"yoast-schema-graph\">{\"@context\":\"https:\\\/\\\/schema.org\",\"@graph\":[{\"@type\":\"Article\",\"@id\":\"https:\\\/\\\/clusterlogistic.org\\\/es\\\/transporte-de-carga-aerea-casi-recupera-a-sus-niveles-precovid-19\\\/#article\",\"isPartOf\":{\"@id\":\"https:\\\/\\\/clusterlogistic.org\\\/es\\\/transporte-de-carga-aerea-casi-recupera-a-sus-niveles-precovid-19\\\/\"},\"author\":{\"name\":\"Cl\u00faster Log\u00edstic de Catalunya\",\"@id\":\"https:\\\/\\\/clusterlogistic.org\\\/es\\\/#\\\/schema\\\/person\\\/2f968404d010f4cfb1fb1faa4cc8cd64\"},\"headline\":\"Transporte de carga a\u00e9rea casi recupera a sus niveles precovid-19\",\"datePublished\":\"2022-06-03T06:00:16+00:00\",\"mainEntityOfPage\":{\"@id\":\"https:\\\/\\\/clusterlogistic.org\\\/es\\\/transporte-de-carga-aerea-casi-recupera-a-sus-niveles-precovid-19\\\/\"},\"wordCount\":523,\"publisher\":{\"@id\":\"https:\\\/\\\/clusterlogistic.org\\\/es\\\/#organization\"},\"image\":{\"@id\":\"https:\\\/\\\/clusterlogistic.org\\\/es\\\/transporte-de-carga-aerea-casi-recupera-a-sus-niveles-precovid-19\\\/#primaryimage\"},\"thumbnailUrl\":\"https:\\\/\\\/clusterlogistic.org\\\/wp-content\\\/uploads\\\/2022\\\/05\\\/Transporte-de-carga-aerea-casi-recupera-a-sus-niveles-precovid-19.jpg\",\"articleSection\":[\"Actualidad\"],\"inLanguage\":\"es\"},{\"@type\":\"WebPage\",\"@id\":\"https:\\\/\\\/clusterlogistic.org\\\/es\\\/transporte-de-carga-aerea-casi-recupera-a-sus-niveles-precovid-19\\\/\",\"url\":\"https:\\\/\\\/clusterlogistic.org\\\/es\\\/transporte-de-carga-aerea-casi-recupera-a-sus-niveles-precovid-19\\\/\",\"name\":\"Transporte de carga a\u00e9rea casi recupera a sus niveles precovid-19 - Cl\u00faster Log\u00edstic de Catalunya\",\"isPartOf\":{\"@id\":\"https:\\\/\\\/clusterlogistic.org\\\/es\\\/#website\"},\"primaryImageOfPage\":{\"@id\":\"https:\\\/\\\/clusterlogistic.org\\\/es\\\/transporte-de-carga-aerea-casi-recupera-a-sus-niveles-precovid-19\\\/#primaryimage\"},\"image\":{\"@id\":\"https:\\\/\\\/clusterlogistic.org\\\/es\\\/transporte-de-carga-aerea-casi-recupera-a-sus-niveles-precovid-19\\\/#primaryimage\"},\"thumbnailUrl\":\"https:\\\/\\\/clusterlogistic.org\\\/wp-content\\\/uploads\\\/2022\\\/05\\\/Transporte-de-carga-aerea-casi-recupera-a-sus-niveles-precovid-19.jpg\",\"datePublished\":\"2022-06-03T06:00:16+00:00\",\"breadcrumb\":{\"@id\":\"https:\\\/\\\/clusterlogistic.org\\\/es\\\/transporte-de-carga-aerea-casi-recupera-a-sus-niveles-precovid-19\\\/#breadcrumb\"},\"inLanguage\":\"es\",\"potentialAction\":[{\"@type\":\"ReadAction\",\"target\":[\"https:\\\/\\\/clusterlogistic.org\\\/es\\\/transporte-de-carga-aerea-casi-recupera-a-sus-niveles-precovid-19\\\/\"]}]},{\"@type\":\"ImageObject\",\"inLanguage\":\"es\",\"@id\":\"https:\\\/\\\/clusterlogistic.org\\\/es\\\/transporte-de-carga-aerea-casi-recupera-a-sus-niveles-precovid-19\\\/#primaryimage\",\"url\":\"https:\\\/\\\/clusterlogistic.org\\\/wp-content\\\/uploads\\\/2022\\\/05\\\/Transporte-de-carga-aerea-casi-recupera-a-sus-niveles-precovid-19.jpg\",\"contentUrl\":\"https:\\\/\\\/clusterlogistic.org\\\/wp-content\\\/uploads\\\/2022\\\/05\\\/Transporte-de-carga-aerea-casi-recupera-a-sus-niveles-precovid-19.jpg\",\"width\":960,\"height\":522,\"caption\":\"Transporte de carga a\u00e9rea casi recupera a sus niveles precovid-19\"},{\"@type\":\"BreadcrumbList\",\"@id\":\"https:\\\/\\\/clusterlogistic.org\\\/es\\\/transporte-de-carga-aerea-casi-recupera-a-sus-niveles-precovid-19\\\/#breadcrumb\",\"itemListElement\":[{\"@type\":\"ListItem\",\"position\":1,\"name\":\"Portada\",\"item\":\"https:\\\/\\\/clusterlogistic.org\\\/es\\\/\"},{\"@type\":\"ListItem\",\"position\":2,\"name\":\"Transporte de carga a\u00e9rea casi recupera a sus niveles precovid-19\"}]},{\"@type\":\"WebSite\",\"@id\":\"https:\\\/\\\/clusterlogistic.org\\\/es\\\/#website\",\"url\":\"https:\\\/\\\/clusterlogistic.org\\\/es\\\/\",\"name\":\"Cl\u00faster Log\u00edstic de Catalunya\",\"description\":\"associaci\u00f3 sense \u00e0nim de lucre\",\"publisher\":{\"@id\":\"https:\\\/\\\/clusterlogistic.org\\\/es\\\/#organization\"},\"potentialAction\":[{\"@type\":\"SearchAction\",\"target\":{\"@type\":\"EntryPoint\",\"urlTemplate\":\"https:\\\/\\\/clusterlogistic.org\\\/es\\\/?s={search_term_string}\"},\"query-input\":{\"@type\":\"PropertyValueSpecification\",\"valueRequired\":true,\"valueName\":\"search_term_string\"}}],\"inLanguage\":\"es\"},{\"@type\":\"Organization\",\"@id\":\"https:\\\/\\\/clusterlogistic.org\\\/es\\\/#organization\",\"name\":\"Cl\u00faster Log\u00edstic de Catalunya\",\"url\":\"https:\\\/\\\/clusterlogistic.org\\\/es\\\/\",\"logo\":{\"@type\":\"ImageObject\",\"inLanguage\":\"es\",\"@id\":\"https:\\\/\\\/clusterlogistic.org\\\/es\\\/#\\\/schema\\\/logo\\\/image\\\/\",\"url\":\"https:\\\/\\\/clusterlogistic.org\\\/wp-content\\\/uploads\\\/2017\\\/07\\\/cropped-Logo-CL-llegenda-gran.jpg\",\"contentUrl\":\"https:\\\/\\\/clusterlogistic.org\\\/wp-content\\\/uploads\\\/2017\\\/07\\\/cropped-Logo-CL-llegenda-gran.jpg\",\"width\":512,\"height\":512,\"caption\":\"Cl\u00faster Log\u00edstic de Catalunya\"},\"image\":{\"@id\":\"https:\\\/\\\/clusterlogistic.org\\\/es\\\/#\\\/schema\\\/logo\\\/image\\\/\"}},{\"@type\":\"Person\",\"@id\":\"https:\\\/\\\/clusterlogistic.org\\\/es\\\/#\\\/schema\\\/person\\\/2f968404d010f4cfb1fb1faa4cc8cd64\",\"name\":\"Cl\u00faster Log\u00edstic de Catalunya\",\"image\":{\"@type\":\"ImageObject\",\"inLanguage\":\"es\",\"@id\":\"https:\\\/\\\/secure.gravatar.com\\\/avatar\\\/d70e6dad54fc96678ebb563883ef31c8b8b0a127bb640252f5ba3696ded226fe?s=96&d=mm&r=g\",\"url\":\"https:\\\/\\\/secure.gravatar.com\\\/avatar\\\/d70e6dad54fc96678ebb563883ef31c8b8b0a127bb640252f5ba3696ded226fe?s=96&d=mm&r=g\",\"contentUrl\":\"https:\\\/\\\/secure.gravatar.com\\\/avatar\\\/d70e6dad54fc96678ebb563883ef31c8b8b0a127bb640252f5ba3696ded226fe?s=96&d=mm&r=g\",\"caption\":\"Cl\u00faster Log\u00edstic de Catalunya\"},\"description\":\"Alineem estrat\u00e8gies i sumar esfor\u00e7os per potenciar l'activitat industrial a les pimes | Alineamos estrategias y sumar esfuerzos para potenciar la actividad industrial en las pymes.\",\"url\":\"https:\\\/\\\/clusterlogistic.org\\\/es\\\/author\\\/pilar-minguez\\\/\"}]}<\/script>\n<!-- \/ Yoast SEO plugin. -->","yoast_head_json":{"title":"Transporte de carga a\u00e9rea casi recupera a sus niveles precovid-19 - Cl\u00faster Log\u00edstic de Catalunya","robots":{"index":"index","follow":"follow","max-snippet":"max-snippet:-1","max-image-preview":"max-image-preview:large","max-video-preview":"max-video-preview:-1"},"canonical":"https:\/\/clusterlogistic.org\/es\/transporte-de-carga-aerea-casi-recupera-a-sus-niveles-precovid-19\/","og_locale":"es_ES","og_type":"article","og_title":"Transporte de carga a\u00e9rea casi recupera a sus niveles precovid-19 - Cl\u00faster Log\u00edstic de Catalunya","og_description":"Durante los tres primeros meses del 2022, el transporte de carga a\u00e9rea en los aeropuertos espa\u00f1oles logr\u00f3 alcanzar los vol\u00famenes que registraba antes de la pandemia. Muestra de ello, es que los aeropuertos espa\u00f1oles de la red de Aena registraron un total de 92.308 toneladas de carga transportada durante marzo de 2022, lo que supone [&hellip;]","og_url":"https:\/\/clusterlogistic.org\/es\/transporte-de-carga-aerea-casi-recupera-a-sus-niveles-precovid-19\/","og_site_name":"Cl\u00faster Log\u00edstic de Catalunya","article_published_time":"2022-06-03T06:00:16+00:00","og_image":[{"width":960,"height":522,"url":"https:\/\/clusterlogistic.org\/wp-content\/uploads\/2022\/05\/Transporte-de-carga-aerea-casi-recupera-a-sus-niveles-precovid-19.jpg","type":"image\/jpeg"}],"author":"Cl\u00faster Log\u00edstic de Catalunya","twitter_card":"summary_large_image","twitter_misc":{"Escrito por":"Cl\u00faster Log\u00edstic de Catalunya","Tiempo de lectura":"3 minutos"},"schema":{"@context":"https:\/\/schema.org","@graph":[{"@type":"Article","@id":"https:\/\/clusterlogistic.org\/es\/transporte-de-carga-aerea-casi-recupera-a-sus-niveles-precovid-19\/#article","isPartOf":{"@id":"https:\/\/clusterlogistic.org\/es\/transporte-de-carga-aerea-casi-recupera-a-sus-niveles-precovid-19\/"},"author":{"name":"Cl\u00faster Log\u00edstic de Catalunya","@id":"https:\/\/clusterlogistic.org\/es\/#\/schema\/person\/2f968404d010f4cfb1fb1faa4cc8cd64"},"headline":"Transporte de carga a\u00e9rea casi recupera a sus niveles precovid-19","datePublished":"2022-06-03T06:00:16+00:00","mainEntityOfPage":{"@id":"https:\/\/clusterlogistic.org\/es\/transporte-de-carga-aerea-casi-recupera-a-sus-niveles-precovid-19\/"},"wordCount":523,"publisher":{"@id":"https:\/\/clusterlogistic.org\/es\/#organization"},"image":{"@id":"https:\/\/clusterlogistic.org\/es\/transporte-de-carga-aerea-casi-recupera-a-sus-niveles-precovid-19\/#primaryimage"},"thumbnailUrl":"https:\/\/clusterlogistic.org\/wp-content\/uploads\/2022\/05\/Transporte-de-carga-aerea-casi-recupera-a-sus-niveles-precovid-19.jpg","articleSection":["Actualidad"],"inLanguage":"es"},{"@type":"WebPage","@id":"https:\/\/clusterlogistic.org\/es\/transporte-de-carga-aerea-casi-recupera-a-sus-niveles-precovid-19\/","url":"https:\/\/clusterlogistic.org\/es\/transporte-de-carga-aerea-casi-recupera-a-sus-niveles-precovid-19\/","name":"Transporte de carga a\u00e9rea casi recupera a sus niveles precovid-19 - Cl\u00faster Log\u00edstic de Catalunya","isPartOf":{"@id":"https:\/\/clusterlogistic.org\/es\/#website"},"primaryImageOfPage":{"@id":"https:\/\/clusterlogistic.org\/es\/transporte-de-carga-aerea-casi-recupera-a-sus-niveles-precovid-19\/#primaryimage"},"image":{"@id":"https:\/\/clusterlogistic.org\/es\/transporte-de-carga-aerea-casi-recupera-a-sus-niveles-precovid-19\/#primaryimage"},"thumbnailUrl":"https:\/\/clusterlogistic.org\/wp-content\/uploads\/2022\/05\/Transporte-de-carga-aerea-casi-recupera-a-sus-niveles-precovid-19.jpg","datePublished":"2022-06-03T06:00:16+00:00","breadcrumb":{"@id":"https:\/\/clusterlogistic.org\/es\/transporte-de-carga-aerea-casi-recupera-a-sus-niveles-precovid-19\/#breadcrumb"},"inLanguage":"es","potentialAction":[{"@type":"ReadAction","target":["https:\/\/clusterlogistic.org\/es\/transporte-de-carga-aerea-casi-recupera-a-sus-niveles-precovid-19\/"]}]},{"@type":"ImageObject","inLanguage":"es","@id":"https:\/\/clusterlogistic.org\/es\/transporte-de-carga-aerea-casi-recupera-a-sus-niveles-precovid-19\/#primaryimage","url":"https:\/\/clusterlogistic.org\/wp-content\/uploads\/2022\/05\/Transporte-de-carga-aerea-casi-recupera-a-sus-niveles-precovid-19.jpg","contentUrl":"https:\/\/clusterlogistic.org\/wp-content\/uploads\/2022\/05\/Transporte-de-carga-aerea-casi-recupera-a-sus-niveles-precovid-19.jpg","width":960,"height":522,"caption":"Transporte de carga a\u00e9rea casi recupera a sus niveles precovid-19"},{"@type":"BreadcrumbList","@id":"https:\/\/clusterlogistic.org\/es\/transporte-de-carga-aerea-casi-recupera-a-sus-niveles-precovid-19\/#breadcrumb","itemListElement":[{"@type":"ListItem","position":1,"name":"Portada","item":"https:\/\/clusterlogistic.org\/es\/"},{"@type":"ListItem","position":2,"name":"Transporte de carga a\u00e9rea casi recupera a sus niveles precovid-19"}]},{"@type":"WebSite","@id":"https:\/\/clusterlogistic.org\/es\/#website","url":"https:\/\/clusterlogistic.org\/es\/","name":"Cl\u00faster Log\u00edstic de Catalunya","description":"associaci\u00f3 sense \u00e0nim de lucre","publisher":{"@id":"https:\/\/clusterlogistic.org\/es\/#organization"},"potentialAction":[{"@type":"SearchAction","target":{"@type":"EntryPoint","urlTemplate":"https:\/\/clusterlogistic.org\/es\/?s={search_term_string}"},"query-input":{"@type":"PropertyValueSpecification","valueRequired":true,"valueName":"search_term_string"}}],"inLanguage":"es"},{"@type":"Organization","@id":"https:\/\/clusterlogistic.org\/es\/#organization","name":"Cl\u00faster Log\u00edstic de Catalunya","url":"https:\/\/clusterlogistic.org\/es\/","logo":{"@type":"ImageObject","inLanguage":"es","@id":"https:\/\/clusterlogistic.org\/es\/#\/schema\/logo\/image\/","url":"https:\/\/clusterlogistic.org\/wp-content\/uploads\/2017\/07\/cropped-Logo-CL-llegenda-gran.jpg","contentUrl":"https:\/\/clusterlogistic.org\/wp-content\/uploads\/2017\/07\/cropped-Logo-CL-llegenda-gran.jpg","width":512,"height":512,"caption":"Cl\u00faster Log\u00edstic de Catalunya"},"image":{"@id":"https:\/\/clusterlogistic.org\/es\/#\/schema\/logo\/image\/"}},{"@type":"Person","@id":"https:\/\/clusterlogistic.org\/es\/#\/schema\/person\/2f968404d010f4cfb1fb1faa4cc8cd64","name":"Cl\u00faster Log\u00edstic de Catalunya","image":{"@type":"ImageObject","inLanguage":"es","@id":"https:\/\/secure.gravatar.com\/avatar\/d70e6dad54fc96678ebb563883ef31c8b8b0a127bb640252f5ba3696ded226fe?s=96&d=mm&r=g","url":"https:\/\/secure.gravatar.com\/avatar\/d70e6dad54fc96678ebb563883ef31c8b8b0a127bb640252f5ba3696ded226fe?s=96&d=mm&r=g","contentUrl":"https:\/\/secure.gravatar.com\/avatar\/d70e6dad54fc96678ebb563883ef31c8b8b0a127bb640252f5ba3696ded226fe?s=96&d=mm&r=g","caption":"Cl\u00faster Log\u00edstic de Catalunya"},"description":"Alineem estrat\u00e8gies i sumar esfor\u00e7os per potenciar l'activitat industrial a les pimes | Alineamos estrategias y sumar esfuerzos para potenciar la actividad industrial en las pymes.","url":"https:\/\/clusterlogistic.org\/es\/author\/pilar-minguez\/"}]}},"_links":{"self":[{"href":"https:\/\/clusterlogistic.org\/es\/wp-json\/wp\/v2\/posts\/5580","targetHints":{"allow":["GET"]}}],"collection":[{"href":"https:\/\/clusterlogistic.org\/es\/wp-json\/wp\/v2\/posts"}],"about":[{"href":"https:\/\/clusterlogistic.org\/es\/wp-json\/wp\/v2\/types\/post"}],"author":[{"embeddable":true,"href":"https:\/\/clusterlogistic.org\/es\/wp-json\/wp\/v2\/users\/3"}],"replies":[{"embeddable":true,"href":"https:\/\/clusterlogistic.org\/es\/wp-json\/wp\/v2\/comments?post=5580"}],"version-history":[{"count":3,"href":"https:\/\/clusterlogistic.org\/es\/wp-json\/wp\/v2\/posts\/5580\/revisions"}],"predecessor-version":[{"id":5604,"href":"https:\/\/clusterlogistic.org\/es\/wp-json\/wp\/v2\/posts\/5580\/revisions\/5604"}],"wp:featuredmedia":[{"embeddable":true,"href":"https:\/\/clusterlogistic.org\/es\/wp-json\/wp\/v2\/media\/5581"}],"wp:attachment":[{"href":"https:\/\/clusterlogistic.org\/es\/wp-json\/wp\/v2\/media?parent=5580"}],"wp:term":[{"taxonomy":"category","embeddable":true,"href":"https:\/\/clusterlogistic.org\/es\/wp-json\/wp\/v2\/categories?post=5580"},{"taxonomy":"post_tag","embeddable":true,"href":"https:\/\/clusterlogistic.org\/es\/wp-json\/wp\/v2\/tags?post=5580"}],"curies":[{"name":"wp","href":"https:\/\/api.w.org\/{rel}","templated":true}]}}