{"id":693,"date":"2017-05-24T16:12:52","date_gmt":"2017-05-24T16:12:52","guid":{"rendered":"https:\/\/clusterlogistic.org\/2017\/05\/24\/evolucio-de-la-logistica-durant-lultim-segle\/"},"modified":"2018-02-13T08:36:48","modified_gmt":"2018-02-13T08:36:48","slug":"evolucio-de-la-logistica-durant-lultim-segle","status":"publish","type":"post","link":"https:\/\/clusterlogistic.org\/es\/evolucio-de-la-logistica-durant-lultim-segle\/","title":{"rendered":"Evoluci\u00f3n de la log\u00edstica durante el \u00faltimo siglo"},"content":{"rendered":"<p>Hacemos un repaso de la evoluci\u00f3n de la log\u00edstica desde los a\u00f1os 30 hasta ahora.<\/p>\n<h2><strong> A\u00f1os 30 \u00abLa log\u00edstica militar\u00bb <\/strong><\/h2>\n<p>Despu\u00e9s de la Segunda Guerra Mundial surge el inter\u00e9s de los negocios por el proceso log\u00edstico y establece una analog\u00eda entre la log\u00edstica militar y el abastecimiento t\u00e9cnico material y se empieza a relacionar la log\u00edstica militar con la producci\u00f3n industrial.<\/p>\n<h2><strong> A\u00f1os 50 \u00abConceptualizaci\u00f3n de la log\u00edstica\u00bb <\/strong><\/h2>\n<p>La log\u00edstica coge mayor importancia debido a la transici\u00f3n que atraviesan los pa\u00edses m\u00e1s desarrollados, de una econom\u00eda caracterizada por el exceso de demanda en una econom\u00eda con exceso de oferta, siendo estas sus principales caracter\u00edsticas:<\/p>\n<ul>\n<li>Primeros desarrollos de coste total de las operaciones log\u00edsticas.<\/li>\n<li>Se enfoca a la preocupaci\u00f3n por satisfacer al cliente.<\/li>\n<li>Adquieren especial importancia los canales de distribuci\u00f3n. Se quiere vender cualquier producto en cualquier lugar.<\/li>\n<li>Aumentan los nuevos productos, como consecuencia se originan las l\u00edneas de producto.<\/li>\n<\/ul>\n<h2><strong> A\u00f1os 60 \u00abOutsourcing\u00bb <\/strong><\/h2>\n<p>La log\u00edstica tom\u00f3 un nuevo enfoque donde el \u00aboutsourcing\u00bb era el mecanismo m\u00e1s adecuado para llegar a los clientes, ya que ten\u00eda como objetivo principal la subcontrataci\u00f3n de otras empresas para que el flujo de bienes o informaci\u00f3n fuera eficiente y llegara a todas las partes que estuvieran al alcance de la empresa.<\/p>\n<h2><strong> A\u00f1os 70 \u00abEl concepto de la log\u00edstica en prueba\u00bb <\/strong><\/h2>\n<ul>\n<li>El servicio al cliente se convierte en requisito imprescindible para continuar compitiendo con los l\u00edderes del mercado.<\/li>\n<li>Avances en el concepto de distribuci\u00f3n f\u00edsica.<\/li>\n<li>Se originan periodos de recesi\u00f3n y crecimiento en la econom\u00eda a nivel mundial.<\/li>\n<li>Desarrollo de la estrategia de gesti\u00f3n de inventarios.<\/li>\n<li>Comenz\u00f3 a surgir la tecnolog\u00eda para la revoluci\u00f3n industrial que se dio en estos tiempos, y se redujo el coste de tecnolog\u00eda de informaci\u00f3n para mejorar la calidad, lo que provoc\u00f3 un mecanismo mejorado para el abastecimiento de los bienes o informaci\u00f3n de manera exacta y precisa en el momento que el cliente realizaba su pedido, este mecanismo es el denominado \u00abJust in Time\u00bb, es decir justo a tiempo<\/li>\n<\/ul>\n<h2><strong> A partir de los a\u00f1os 80 \u00abModificaci\u00f3n en las preferencias\u00bb <\/strong><\/h2>\n<ul>\n<li>La crisis energ\u00e9tica del momento propulsa el movimiento hacia la mejora del transporte y almacenamiento.<\/li>\n<li>El enfoque de Just in Time fue modificada por Quick Responsse (QR) y Efficient Consumer Response (ECR) con el \u00fanico objetivo de buscar una entrega preciso con la cantidad exacta, cuando y donde se necesitara, para satisfacer al cliente.<\/li>\n<li>Cambios en las preferencias de la cadena de suministro donde se presta especial atenci\u00f3n a los proveedores, distribuidores y servicio al cliente, definiendo la demanda del usuario final.<\/li>\n<li>Se reducen los inventarios, los costes log\u00edsticos totales, y se acortan los tiempos de entrega.<\/li>\n<li>Las operaciones log\u00edsticas son intensivas en energ\u00eda: nace la preocupaci\u00f3n ambiental-ecol\u00f3gica.<\/li>\n<\/ul>\n<h2><strong> 1990 \u00abFomento de la log\u00edstica <\/strong> <strong>\u00bb <\/strong><\/h2>\n<p>La log\u00edstica se fue convirtiendo en un proceso m\u00e1s integrado con respecto a su entorno externo e interno, es decir sus procesos internos de la empresa eran administrados seg\u00fan las relaciones que se ten\u00edan con sus clientes y proveedores.<\/p>\n<p>Este proceso de integraci\u00f3n ocasiona que la administraci\u00f3n de la log\u00edstica comience con un plan estrat\u00e9gico en cuanto al dise\u00f1o de c\u00f3mo llegar a los clientes finales, con el fin de sobre salir y minimizar la competencia, estableciendo planes eficientes para el abastecimiento de los productos.<\/p>\n<ul>\n<li>La tecnolog\u00eda contin\u00faa posicion\u00e1ndose en los procesos convencionales de Log\u00edstica y los canales de Distribuci\u00f3n<\/li>\n<li>Externalizaci\u00f3n de servicios<\/li>\n<li>La demanda de servicios log\u00edsticos expande<\/li>\n<\/ul>\n<h2><strong> Conclusiones de la evoluci\u00f3n de la log\u00edstica<\/strong><\/h2>\n<p>D\u00eda a d\u00eda se observa que llevar a la pr\u00e1ctica una buena gesti\u00f3n log\u00edstica empresarial es imprescindible, se ha desarrollado a trav\u00e9s del tiempo y es en la actualidad un aspecto b\u00e1sico.<\/p>\n<p>Un proyecto de log\u00edstica perfectamente dise\u00f1ado es la herramienta m\u00e1s estrat\u00e9gica para competir en el exigente mercado actual, consiguiendo la fidelizaci\u00f3n del cliente.<\/p>\n<p>Todos estos cambios que se fueron adaptando con el paso del tiempo en la administraci\u00f3n de la log\u00edstica ocasion\u00f3 que no s\u00f3lo se administre un proceso interno que va desde la fabricaci\u00f3n del producto hasta que lo adquiera el cliente, sino que ahora se analizan todo una red de suministros que implica varios flujos de procesos, lo que ahora se conoce como la administraci\u00f3n de la cadena de suministros, la cual debe tener en cuenta tambi\u00e9n a los clientes intermedios como los distribuidores y los minoristas en el proceso que se hace para que el producto llegue al cliente.<\/p>\n<p>Esta cadena de suministros implica varias etapas como el de proveedores, fabricantes, distribuidores, minoristas y los clientes, que la nueva administraci\u00f3n los integra interfuncionalment, ay que cada uno es autosuficiente en un mercado cada vez m\u00e1s competitiu.L&#8217;administraci\u00f3 de la cadena de suministros actualmente busca la integraci\u00f3n en todas las fases de decisiones en su cadena, la cual ha tenido un gran crecimiento por la revoluci\u00f3n de la tecnolog\u00eda, el cual ha hecho que las estrategias se basen en la calidad de las relaciones entre los participantes de la cadena de suministros, el cual se busca alinearlos con los objetivos del empresa.Tot esto con el fin de dar un mejor servicio al cliente final, adem\u00e1s de darle mayor valor de satisfacci\u00f3n y que el cliente se vuelva fiel a la empresa.<\/p>\n","protected":false},"excerpt":{"rendered":"<p>Hacemos un repaso de la evoluci\u00f3n de la log\u00edstica desde los a\u00f1os 30 hasta ahora. A\u00f1os 30 \u00abLa log\u00edstica militar\u00bb Despu\u00e9s de la Segunda Guerra Mundial surge el inter\u00e9s de los negocios por el proceso log\u00edstico y establece una analog\u00eda entre la log\u00edstica militar y el abastecimiento t\u00e9cnico material y se empieza a relacionar la [&hellip;]<\/p>\n","protected":false},"author":4,"featured_media":387,"comment_status":"closed","ping_status":"closed","sticky":false,"template":"","format":"standard","meta":{"footnotes":""},"categories":[16],"tags":[],"class_list":["post-693","post","type-post","status-publish","format-standard","has-post-thumbnail","hentry","category-actualidad"],"yoast_head":"<!-- This site is optimized with the Yoast SEO plugin v27.4 - https:\/\/yoast.com\/product\/yoast-seo-wordpress\/ -->\n<title>Evoluci\u00f3n de la log\u00edstica durante el \u00faltimo siglo - Cl\u00faster Log\u00edstic de Catalunya<\/title>\n<meta name=\"description\" content=\"Evoluci\u00f3n de la log\u00edstica durante el \u00faltimo siglo: hacemos un repaso de la evoluci\u00f3n de la log\u00edstica desde los a\u00f1os 30 hasta ahora.\" \/>\n<meta name=\"robots\" content=\"index, follow, max-snippet:-1, max-image-preview:large, max-video-preview:-1\" \/>\n<link rel=\"canonical\" href=\"https:\/\/clusterlogistic.org\/es\/evolucio-de-la-logistica-durant-lultim-segle\/\" \/>\n<meta property=\"og:locale\" content=\"es_ES\" \/>\n<meta property=\"og:type\" content=\"article\" \/>\n<meta property=\"og:title\" content=\"Evoluci\u00f3n de la log\u00edstica durante el \u00faltimo siglo - Cl\u00faster Log\u00edstic de Catalunya\" \/>\n<meta property=\"og:description\" content=\"Evoluci\u00f3n de la log\u00edstica durante el \u00faltimo siglo: hacemos un repaso de la evoluci\u00f3n de la log\u00edstica desde los a\u00f1os 30 hasta ahora.\" \/>\n<meta property=\"og:url\" content=\"https:\/\/clusterlogistic.org\/es\/evolucio-de-la-logistica-durant-lultim-segle\/\" \/>\n<meta property=\"og:site_name\" content=\"Cl\u00faster Log\u00edstic de Catalunya\" \/>\n<meta property=\"article:published_time\" content=\"2017-05-24T16:12:52+00:00\" \/>\n<meta property=\"article:modified_time\" content=\"2018-02-13T08:36:48+00:00\" \/>\n<meta property=\"og:image\" content=\"https:\/\/clusterlogistic.org\/wp-content\/uploads\/2017\/05\/Logistics.jpg\" \/>\n\t<meta property=\"og:image:width\" content=\"640\" \/>\n\t<meta property=\"og:image:height\" content=\"480\" \/>\n\t<meta property=\"og:image:type\" content=\"image\/jpeg\" \/>\n<meta name=\"author\" content=\"Cl\u00faster Log\u00edstic de Catalunya\" \/>\n<meta name=\"twitter:card\" content=\"summary_large_image\" \/>\n<meta name=\"twitter:creator\" content=\"@LogisticCluster\" \/>\n<meta name=\"twitter:label1\" content=\"Escrito por\" \/>\n\t<meta name=\"twitter:data1\" content=\"Cl\u00faster Log\u00edstic de Catalunya\" \/>\n\t<meta name=\"twitter:label2\" content=\"Tiempo de lectura\" \/>\n\t<meta name=\"twitter:data2\" content=\"5 minutos\" \/>\n<script type=\"application\/ld+json\" class=\"yoast-schema-graph\">{\"@context\":\"https:\\\/\\\/schema.org\",\"@graph\":[{\"@type\":\"Article\",\"@id\":\"https:\\\/\\\/clusterlogistic.org\\\/es\\\/evolucio-de-la-logistica-durant-lultim-segle\\\/#article\",\"isPartOf\":{\"@id\":\"https:\\\/\\\/clusterlogistic.org\\\/es\\\/evolucio-de-la-logistica-durant-lultim-segle\\\/\"},\"author\":{\"name\":\"Cl\u00faster Log\u00edstic de Catalunya\",\"@id\":\"https:\\\/\\\/clusterlogistic.org\\\/es\\\/#\\\/schema\\\/person\\\/2b5a7fc3df89c3bcb0dc3979b0559a05\"},\"headline\":\"Evoluci\u00f3n de la log\u00edstica durante el \u00faltimo siglo\",\"datePublished\":\"2017-05-24T16:12:52+00:00\",\"dateModified\":\"2018-02-13T08:36:48+00:00\",\"mainEntityOfPage\":{\"@id\":\"https:\\\/\\\/clusterlogistic.org\\\/es\\\/evolucio-de-la-logistica-durant-lultim-segle\\\/\"},\"wordCount\":956,\"publisher\":{\"@id\":\"https:\\\/\\\/clusterlogistic.org\\\/es\\\/#organization\"},\"image\":{\"@id\":\"https:\\\/\\\/clusterlogistic.org\\\/es\\\/evolucio-de-la-logistica-durant-lultim-segle\\\/#primaryimage\"},\"thumbnailUrl\":\"https:\\\/\\\/clusterlogistic.org\\\/wp-content\\\/uploads\\\/2017\\\/05\\\/Logistics.jpg\",\"articleSection\":[\"Actualidad\"],\"inLanguage\":\"es\"},{\"@type\":\"WebPage\",\"@id\":\"https:\\\/\\\/clusterlogistic.org\\\/es\\\/evolucio-de-la-logistica-durant-lultim-segle\\\/\",\"url\":\"https:\\\/\\\/clusterlogistic.org\\\/es\\\/evolucio-de-la-logistica-durant-lultim-segle\\\/\",\"name\":\"Evoluci\u00f3n de la log\u00edstica durante el \u00faltimo siglo - Cl\u00faster Log\u00edstic de Catalunya\",\"isPartOf\":{\"@id\":\"https:\\\/\\\/clusterlogistic.org\\\/es\\\/#website\"},\"primaryImageOfPage\":{\"@id\":\"https:\\\/\\\/clusterlogistic.org\\\/es\\\/evolucio-de-la-logistica-durant-lultim-segle\\\/#primaryimage\"},\"image\":{\"@id\":\"https:\\\/\\\/clusterlogistic.org\\\/es\\\/evolucio-de-la-logistica-durant-lultim-segle\\\/#primaryimage\"},\"thumbnailUrl\":\"https:\\\/\\\/clusterlogistic.org\\\/wp-content\\\/uploads\\\/2017\\\/05\\\/Logistics.jpg\",\"datePublished\":\"2017-05-24T16:12:52+00:00\",\"dateModified\":\"2018-02-13T08:36:48+00:00\",\"description\":\"Evoluci\u00f3n de la log\u00edstica durante el \u00faltimo siglo: hacemos un repaso de la evoluci\u00f3n de la log\u00edstica desde los a\u00f1os 30 hasta ahora.\",\"breadcrumb\":{\"@id\":\"https:\\\/\\\/clusterlogistic.org\\\/es\\\/evolucio-de-la-logistica-durant-lultim-segle\\\/#breadcrumb\"},\"inLanguage\":\"es\",\"potentialAction\":[{\"@type\":\"ReadAction\",\"target\":[\"https:\\\/\\\/clusterlogistic.org\\\/es\\\/evolucio-de-la-logistica-durant-lultim-segle\\\/\"]}]},{\"@type\":\"ImageObject\",\"inLanguage\":\"es\",\"@id\":\"https:\\\/\\\/clusterlogistic.org\\\/es\\\/evolucio-de-la-logistica-durant-lultim-segle\\\/#primaryimage\",\"url\":\"https:\\\/\\\/clusterlogistic.org\\\/wp-content\\\/uploads\\\/2017\\\/05\\\/Logistics.jpg\",\"contentUrl\":\"https:\\\/\\\/clusterlogistic.org\\\/wp-content\\\/uploads\\\/2017\\\/05\\\/Logistics.jpg\",\"width\":640,\"height\":480},{\"@type\":\"BreadcrumbList\",\"@id\":\"https:\\\/\\\/clusterlogistic.org\\\/es\\\/evolucio-de-la-logistica-durant-lultim-segle\\\/#breadcrumb\",\"itemListElement\":[{\"@type\":\"ListItem\",\"position\":1,\"name\":\"Portada\",\"item\":\"https:\\\/\\\/clusterlogistic.org\\\/es\\\/\"},{\"@type\":\"ListItem\",\"position\":2,\"name\":\"Evoluci\u00f3n de la log\u00edstica durante el \u00faltimo siglo\"}]},{\"@type\":\"WebSite\",\"@id\":\"https:\\\/\\\/clusterlogistic.org\\\/es\\\/#website\",\"url\":\"https:\\\/\\\/clusterlogistic.org\\\/es\\\/\",\"name\":\"Cl\u00faster Log\u00edstic de Catalunya\",\"description\":\"associaci\u00f3 sense \u00e0nim de lucre\",\"publisher\":{\"@id\":\"https:\\\/\\\/clusterlogistic.org\\\/es\\\/#organization\"},\"potentialAction\":[{\"@type\":\"SearchAction\",\"target\":{\"@type\":\"EntryPoint\",\"urlTemplate\":\"https:\\\/\\\/clusterlogistic.org\\\/es\\\/?s={search_term_string}\"},\"query-input\":{\"@type\":\"PropertyValueSpecification\",\"valueRequired\":true,\"valueName\":\"search_term_string\"}}],\"inLanguage\":\"es\"},{\"@type\":\"Organization\",\"@id\":\"https:\\\/\\\/clusterlogistic.org\\\/es\\\/#organization\",\"name\":\"Cl\u00faster Log\u00edstic de Catalunya\",\"url\":\"https:\\\/\\\/clusterlogistic.org\\\/es\\\/\",\"logo\":{\"@type\":\"ImageObject\",\"inLanguage\":\"es\",\"@id\":\"https:\\\/\\\/clusterlogistic.org\\\/es\\\/#\\\/schema\\\/logo\\\/image\\\/\",\"url\":\"https:\\\/\\\/clusterlogistic.org\\\/wp-content\\\/uploads\\\/2017\\\/07\\\/cropped-Logo-CL-llegenda-gran.jpg\",\"contentUrl\":\"https:\\\/\\\/clusterlogistic.org\\\/wp-content\\\/uploads\\\/2017\\\/07\\\/cropped-Logo-CL-llegenda-gran.jpg\",\"width\":512,\"height\":512,\"caption\":\"Cl\u00faster Log\u00edstic de Catalunya\"},\"image\":{\"@id\":\"https:\\\/\\\/clusterlogistic.org\\\/es\\\/#\\\/schema\\\/logo\\\/image\\\/\"}},{\"@type\":\"Person\",\"@id\":\"https:\\\/\\\/clusterlogistic.org\\\/es\\\/#\\\/schema\\\/person\\\/2b5a7fc3df89c3bcb0dc3979b0559a05\",\"name\":\"Cl\u00faster Log\u00edstic de Catalunya\",\"image\":{\"@type\":\"ImageObject\",\"inLanguage\":\"es\",\"@id\":\"https:\\\/\\\/secure.gravatar.com\\\/avatar\\\/f9856af336aae8848d84d8a6016489d03e1f9562478561f9b86cb8c287ba12a2?s=96&d=mm&r=g\",\"url\":\"https:\\\/\\\/secure.gravatar.com\\\/avatar\\\/f9856af336aae8848d84d8a6016489d03e1f9562478561f9b86cb8c287ba12a2?s=96&d=mm&r=g\",\"contentUrl\":\"https:\\\/\\\/secure.gravatar.com\\\/avatar\\\/f9856af336aae8848d84d8a6016489d03e1f9562478561f9b86cb8c287ba12a2?s=96&d=mm&r=g\",\"caption\":\"Cl\u00faster Log\u00edstic de Catalunya\"},\"description\":\"Alineem estrat\u00e8gies i sumem esfor\u00e7os per potenciar l'activitat industrial a les pimes | Alineamos estrategias y sumamos esfuerzos para potenciar la actividad industrial en las pymes.\",\"sameAs\":[\"https:\\\/\\\/x.com\\\/LogisticCluster\"],\"url\":\"https:\\\/\\\/clusterlogistic.org\\\/es\\\/author\\\/guacimarapimec\\\/\"}]}<\/script>\n<!-- \/ Yoast SEO plugin. -->","yoast_head_json":{"title":"Evoluci\u00f3n de la log\u00edstica durante el \u00faltimo siglo - Cl\u00faster Log\u00edstic de Catalunya","description":"Evoluci\u00f3n de la log\u00edstica durante el \u00faltimo siglo: hacemos un repaso de la evoluci\u00f3n de la log\u00edstica desde los a\u00f1os 30 hasta ahora.","robots":{"index":"index","follow":"follow","max-snippet":"max-snippet:-1","max-image-preview":"max-image-preview:large","max-video-preview":"max-video-preview:-1"},"canonical":"https:\/\/clusterlogistic.org\/es\/evolucio-de-la-logistica-durant-lultim-segle\/","og_locale":"es_ES","og_type":"article","og_title":"Evoluci\u00f3n de la log\u00edstica durante el \u00faltimo siglo - Cl\u00faster Log\u00edstic de Catalunya","og_description":"Evoluci\u00f3n de la log\u00edstica durante el \u00faltimo siglo: hacemos un repaso de la evoluci\u00f3n de la log\u00edstica desde los a\u00f1os 30 hasta ahora.","og_url":"https:\/\/clusterlogistic.org\/es\/evolucio-de-la-logistica-durant-lultim-segle\/","og_site_name":"Cl\u00faster Log\u00edstic de Catalunya","article_published_time":"2017-05-24T16:12:52+00:00","article_modified_time":"2018-02-13T08:36:48+00:00","og_image":[{"width":640,"height":480,"url":"https:\/\/clusterlogistic.org\/wp-content\/uploads\/2017\/05\/Logistics.jpg","type":"image\/jpeg"}],"author":"Cl\u00faster Log\u00edstic de Catalunya","twitter_card":"summary_large_image","twitter_creator":"@LogisticCluster","twitter_misc":{"Escrito por":"Cl\u00faster Log\u00edstic de Catalunya","Tiempo de lectura":"5 minutos"},"schema":{"@context":"https:\/\/schema.org","@graph":[{"@type":"Article","@id":"https:\/\/clusterlogistic.org\/es\/evolucio-de-la-logistica-durant-lultim-segle\/#article","isPartOf":{"@id":"https:\/\/clusterlogistic.org\/es\/evolucio-de-la-logistica-durant-lultim-segle\/"},"author":{"name":"Cl\u00faster Log\u00edstic de Catalunya","@id":"https:\/\/clusterlogistic.org\/es\/#\/schema\/person\/2b5a7fc3df89c3bcb0dc3979b0559a05"},"headline":"Evoluci\u00f3n de la log\u00edstica durante el \u00faltimo siglo","datePublished":"2017-05-24T16:12:52+00:00","dateModified":"2018-02-13T08:36:48+00:00","mainEntityOfPage":{"@id":"https:\/\/clusterlogistic.org\/es\/evolucio-de-la-logistica-durant-lultim-segle\/"},"wordCount":956,"publisher":{"@id":"https:\/\/clusterlogistic.org\/es\/#organization"},"image":{"@id":"https:\/\/clusterlogistic.org\/es\/evolucio-de-la-logistica-durant-lultim-segle\/#primaryimage"},"thumbnailUrl":"https:\/\/clusterlogistic.org\/wp-content\/uploads\/2017\/05\/Logistics.jpg","articleSection":["Actualidad"],"inLanguage":"es"},{"@type":"WebPage","@id":"https:\/\/clusterlogistic.org\/es\/evolucio-de-la-logistica-durant-lultim-segle\/","url":"https:\/\/clusterlogistic.org\/es\/evolucio-de-la-logistica-durant-lultim-segle\/","name":"Evoluci\u00f3n de la log\u00edstica durante el \u00faltimo siglo - Cl\u00faster Log\u00edstic de Catalunya","isPartOf":{"@id":"https:\/\/clusterlogistic.org\/es\/#website"},"primaryImageOfPage":{"@id":"https:\/\/clusterlogistic.org\/es\/evolucio-de-la-logistica-durant-lultim-segle\/#primaryimage"},"image":{"@id":"https:\/\/clusterlogistic.org\/es\/evolucio-de-la-logistica-durant-lultim-segle\/#primaryimage"},"thumbnailUrl":"https:\/\/clusterlogistic.org\/wp-content\/uploads\/2017\/05\/Logistics.jpg","datePublished":"2017-05-24T16:12:52+00:00","dateModified":"2018-02-13T08:36:48+00:00","description":"Evoluci\u00f3n de la log\u00edstica durante el \u00faltimo siglo: hacemos un repaso de la evoluci\u00f3n de la log\u00edstica desde los a\u00f1os 30 hasta ahora.","breadcrumb":{"@id":"https:\/\/clusterlogistic.org\/es\/evolucio-de-la-logistica-durant-lultim-segle\/#breadcrumb"},"inLanguage":"es","potentialAction":[{"@type":"ReadAction","target":["https:\/\/clusterlogistic.org\/es\/evolucio-de-la-logistica-durant-lultim-segle\/"]}]},{"@type":"ImageObject","inLanguage":"es","@id":"https:\/\/clusterlogistic.org\/es\/evolucio-de-la-logistica-durant-lultim-segle\/#primaryimage","url":"https:\/\/clusterlogistic.org\/wp-content\/uploads\/2017\/05\/Logistics.jpg","contentUrl":"https:\/\/clusterlogistic.org\/wp-content\/uploads\/2017\/05\/Logistics.jpg","width":640,"height":480},{"@type":"BreadcrumbList","@id":"https:\/\/clusterlogistic.org\/es\/evolucio-de-la-logistica-durant-lultim-segle\/#breadcrumb","itemListElement":[{"@type":"ListItem","position":1,"name":"Portada","item":"https:\/\/clusterlogistic.org\/es\/"},{"@type":"ListItem","position":2,"name":"Evoluci\u00f3n de la log\u00edstica durante el \u00faltimo siglo"}]},{"@type":"WebSite","@id":"https:\/\/clusterlogistic.org\/es\/#website","url":"https:\/\/clusterlogistic.org\/es\/","name":"Cl\u00faster Log\u00edstic de Catalunya","description":"associaci\u00f3 sense \u00e0nim de lucre","publisher":{"@id":"https:\/\/clusterlogistic.org\/es\/#organization"},"potentialAction":[{"@type":"SearchAction","target":{"@type":"EntryPoint","urlTemplate":"https:\/\/clusterlogistic.org\/es\/?s={search_term_string}"},"query-input":{"@type":"PropertyValueSpecification","valueRequired":true,"valueName":"search_term_string"}}],"inLanguage":"es"},{"@type":"Organization","@id":"https:\/\/clusterlogistic.org\/es\/#organization","name":"Cl\u00faster Log\u00edstic de Catalunya","url":"https:\/\/clusterlogistic.org\/es\/","logo":{"@type":"ImageObject","inLanguage":"es","@id":"https:\/\/clusterlogistic.org\/es\/#\/schema\/logo\/image\/","url":"https:\/\/clusterlogistic.org\/wp-content\/uploads\/2017\/07\/cropped-Logo-CL-llegenda-gran.jpg","contentUrl":"https:\/\/clusterlogistic.org\/wp-content\/uploads\/2017\/07\/cropped-Logo-CL-llegenda-gran.jpg","width":512,"height":512,"caption":"Cl\u00faster Log\u00edstic de Catalunya"},"image":{"@id":"https:\/\/clusterlogistic.org\/es\/#\/schema\/logo\/image\/"}},{"@type":"Person","@id":"https:\/\/clusterlogistic.org\/es\/#\/schema\/person\/2b5a7fc3df89c3bcb0dc3979b0559a05","name":"Cl\u00faster Log\u00edstic de Catalunya","image":{"@type":"ImageObject","inLanguage":"es","@id":"https:\/\/secure.gravatar.com\/avatar\/f9856af336aae8848d84d8a6016489d03e1f9562478561f9b86cb8c287ba12a2?s=96&d=mm&r=g","url":"https:\/\/secure.gravatar.com\/avatar\/f9856af336aae8848d84d8a6016489d03e1f9562478561f9b86cb8c287ba12a2?s=96&d=mm&r=g","contentUrl":"https:\/\/secure.gravatar.com\/avatar\/f9856af336aae8848d84d8a6016489d03e1f9562478561f9b86cb8c287ba12a2?s=96&d=mm&r=g","caption":"Cl\u00faster Log\u00edstic de Catalunya"},"description":"Alineem estrat\u00e8gies i sumem esfor\u00e7os per potenciar l'activitat industrial a les pimes | Alineamos estrategias y sumamos esfuerzos para potenciar la actividad industrial en las pymes.","sameAs":["https:\/\/x.com\/LogisticCluster"],"url":"https:\/\/clusterlogistic.org\/es\/author\/guacimarapimec\/"}]}},"_links":{"self":[{"href":"https:\/\/clusterlogistic.org\/es\/wp-json\/wp\/v2\/posts\/693","targetHints":{"allow":["GET"]}}],"collection":[{"href":"https:\/\/clusterlogistic.org\/es\/wp-json\/wp\/v2\/posts"}],"about":[{"href":"https:\/\/clusterlogistic.org\/es\/wp-json\/wp\/v2\/types\/post"}],"author":[{"embeddable":true,"href":"https:\/\/clusterlogistic.org\/es\/wp-json\/wp\/v2\/users\/4"}],"replies":[{"embeddable":true,"href":"https:\/\/clusterlogistic.org\/es\/wp-json\/wp\/v2\/comments?post=693"}],"version-history":[{"count":2,"href":"https:\/\/clusterlogistic.org\/es\/wp-json\/wp\/v2\/posts\/693\/revisions"}],"predecessor-version":[{"id":695,"href":"https:\/\/clusterlogistic.org\/es\/wp-json\/wp\/v2\/posts\/693\/revisions\/695"}],"wp:featuredmedia":[{"embeddable":true,"href":"https:\/\/clusterlogistic.org\/es\/wp-json\/wp\/v2\/media\/387"}],"wp:attachment":[{"href":"https:\/\/clusterlogistic.org\/es\/wp-json\/wp\/v2\/media?parent=693"}],"wp:term":[{"taxonomy":"category","embeddable":true,"href":"https:\/\/clusterlogistic.org\/es\/wp-json\/wp\/v2\/categories?post=693"},{"taxonomy":"post_tag","embeddable":true,"href":"https:\/\/clusterlogistic.org\/es\/wp-json\/wp\/v2\/tags?post=693"}],"curies":[{"name":"wp","href":"https:\/\/api.w.org\/{rel}","templated":true}]}}