{"id":7413,"date":"2023-11-17T08:00:49","date_gmt":"2023-11-17T06:00:49","guid":{"rendered":"https:\/\/clusterlogistic.org\/?p=7413"},"modified":"2023-11-09T15:21:41","modified_gmt":"2023-11-09T13:21:41","slug":"empresas-de-mensajeria-y-distribucion-de-paquetes-crecen-con-mas-lentitud","status":"publish","type":"post","link":"https:\/\/clusterlogistic.org\/es\/empresas-de-mensajeria-y-distribucion-de-paquetes-crecen-con-mas-lentitud\/","title":{"rendered":"Empresas de mensajer\u00eda y distribuci\u00f3n de paquetes crecen con m\u00e1s lentitud"},"content":{"rendered":"<p>Las \u00faltimas cifras del Observatorio Sectorial DBK de Informa aseguran que las empresas de mensajer\u00eda y paqueter\u00eda est\u00e1n presentando un crecimiento con menor velocidad. Si bien en 2021 el crecimiento fue del 7.4%, para 2022 la cifra se situ\u00f3 en un 4.2%. A pesar de ello, la cifra de negocios del sector alcanz\u00f3 unos 9 mil 300 millones de euros.<\/p>\n<p><img loading=\"lazy\" decoding=\"async\" class=\"alignnone size-full wp-image-7414\" src=\"https:\/\/clusterlogistic.org\/wp-content\/uploads\/2023\/11\/Empresas-de-mensajeria-y-distribucion-de-paquetes-crecen-con-mas-lentitud.jpg\" alt=\"\" width=\"1280\" height=\"853\" srcset=\"https:\/\/clusterlogistic.org\/wp-content\/uploads\/2023\/11\/Empresas-de-mensajeria-y-distribucion-de-paquetes-crecen-con-mas-lentitud.jpg 1280w, https:\/\/clusterlogistic.org\/wp-content\/uploads\/2023\/11\/Empresas-de-mensajeria-y-distribucion-de-paquetes-crecen-con-mas-lentitud-300x200.jpg 300w, https:\/\/clusterlogistic.org\/wp-content\/uploads\/2023\/11\/Empresas-de-mensajeria-y-distribucion-de-paquetes-crecen-con-mas-lentitud-1030x686.jpg 1030w, https:\/\/clusterlogistic.org\/wp-content\/uploads\/2023\/11\/Empresas-de-mensajeria-y-distribucion-de-paquetes-crecen-con-mas-lentitud-768x512.jpg 768w, https:\/\/clusterlogistic.org\/wp-content\/uploads\/2023\/11\/Empresas-de-mensajeria-y-distribucion-de-paquetes-crecen-con-mas-lentitud-705x470.jpg 705w\" sizes=\"auto, (max-width: 1280px) 100vw, 1280px\" \/><\/p>\n<p>Entre los factores que influyen en la ralentizaci\u00f3n de los resultados est\u00e1 la moderaci\u00f3n del consumo privado, as\u00ed como la recuperaci\u00f3n de las compras en f\u00edsico. Esto principalmente luego de las restricciones impuestas por la pandemia, que supusieron un impulso al sector. Pasada la misma, la evoluci\u00f3n de las operaciones de mensajer\u00eda y distribuci\u00f3n de paquetes se debilit\u00f3.<\/p>\n<p>Otros factores que tambi\u00e9n influyeron en los resultados son el alza de la inflaci\u00f3n, as\u00ed como la suba de los tipos de inter\u00e9s. Los expertos se\u00f1alan que la coyuntura econ\u00f3mica tambi\u00e9n se ha visto empeorada, as\u00ed como la incertidumbre tanto pol\u00edtica como econ\u00f3mica mundial. Todos estos factores hacen prever que tanto a corto como a mediano plazo la tendencia de ralentizaci\u00f3n seguir\u00e1 influyendo en el crecimiento. De hecho, aseguran que el crecimiento esperado dentro del volumen de negocios de las empresas de mensajer\u00eda y paqueter\u00eda rondar\u00e1 el 3% anual. Esto tanto para el cierre de 2023 como para el pr\u00f3ximo a\u00f1o 2024.<\/p>\n<h2>Segmentos<\/h2>\n<p>El informe se\u00f1ala que el segmento de paqueter\u00eda empresarial cont\u00f3 con un comportamiento un tanto m\u00e1s favorable que el de la paqueter\u00eda industrial. En este \u00faltimo caso, el crecimiento fue del 3.6%, con un volumen de negocios de 2 mil 850 millones de euros. Por su parte, la paqueter\u00eda empresarial cont\u00f3 con una variaci\u00f3n del 4.5% y un volumen de negocios de 6 mil 450 millones de euros.<\/p>\n<p>Las cifras se explican por la reactivaci\u00f3n del comercio internacional. Si bien la pandemia ya se dio por terminada, todav\u00eda los sectores est\u00e1n vi\u00e9ndose afectados de distintas maneras. Es precisamente el caso del comercio internacional, donde luego de finalizada la pandemia se dinamiz\u00f3 la demanda de env\u00edos empresariales desde y hacia el exterior. En este segmento, el volumen de negocios de 2022 fue de 2 mil 325 millones de euros, con un crecimiento interanual del 5.9%. En 2021, el crecimiento de los servicios internacionales fue del 3.6%.<\/p>\n<h2>Descenso de operadores<\/h2>\n<p>Otra situaci\u00f3n destacada en el reciente informe es que el n\u00famero de empresas del sector registr\u00f3 un descenso. Se trata del primero en los \u00faltimos diez a\u00f1os. Detallaron que en este resultado influyeron algunos procesos de fusi\u00f3n y de adquisici\u00f3n entre empresas. Asimismo, algunos operadores peque\u00f1os y medianos cesaron sus actividades.<\/p>\n<p>Por otra parte, las cinco primeras empresas pertenecientes al segmento de paqueter\u00eda empresarial se llevaron una cuota de mercado del 48% en su conjunto. Cabe destacar que las cinco empresas de m\u00e1s facturaci\u00f3n en el segmento de la paqueter\u00eda industrial lograron reunir una participaci\u00f3n conjunta del 46%.\u00a0 En ambos casos se trat\u00f3 de las empresas con mayor facturaci\u00f3n dentro de cada uno de los segmentos comentados.<\/p>\n<p>Imagen cortes\u00eda de https:\/\/pixabay.com, a quien pertenecen todos los derechos<\/p>\n<p>&nbsp;<\/p>\n<p>&nbsp;<\/p>\n<p>&nbsp;<\/p>\n<p>&nbsp;<\/p>\n","protected":false},"excerpt":{"rendered":"<p>Las \u00faltimas cifras del Observatorio Sectorial DBK de Informa aseguran que las empresas de mensajer\u00eda y paqueter\u00eda est\u00e1n presentando un crecimiento con menor velocidad. Si bien en 2021 el crecimiento fue del 7.4%, para 2022 la cifra se situ\u00f3 en un 4.2%. A pesar de ello, la cifra de negocios del sector alcanz\u00f3 unos 9 [&hellip;]<\/p>\n","protected":false},"author":3,"featured_media":7414,"comment_status":"closed","ping_status":"closed","sticky":false,"template":"","format":"standard","meta":{"footnotes":""},"categories":[16],"tags":[],"class_list":["post-7413","post","type-post","status-publish","format-standard","has-post-thumbnail","hentry","category-actualidad"],"yoast_head":"<!-- This site is optimized with the Yoast SEO plugin v27.4 - https:\/\/yoast.com\/product\/yoast-seo-wordpress\/ -->\n<title>Empresas de mensajer\u00eda y distribuci\u00f3n de paquetes crecen con m\u00e1s lentitud - Cl\u00faster Log\u00edstic de Catalunya<\/title>\n<meta name=\"robots\" content=\"index, follow, max-snippet:-1, max-image-preview:large, max-video-preview:-1\" \/>\n<link rel=\"canonical\" href=\"https:\/\/clusterlogistic.org\/empreses-de-missatgeria-i-distribucio-de-paquets-creixen-amb-mes-lentitut\/\" \/>\n<meta property=\"og:locale\" content=\"es_ES\" \/>\n<meta property=\"og:type\" content=\"article\" \/>\n<meta property=\"og:title\" content=\"Empresas de mensajer\u00eda y distribuci\u00f3n de paquetes crecen con m\u00e1s lentitud - Cl\u00faster Log\u00edstic de Catalunya\" \/>\n<meta property=\"og:description\" content=\"Las \u00faltimas cifras del Observatorio Sectorial DBK de Informa aseguran que las empresas de mensajer\u00eda y paqueter\u00eda est\u00e1n presentando un crecimiento con menor velocidad. Si bien en 2021 el crecimiento fue del 7.4%, para 2022 la cifra se situ\u00f3 en un 4.2%. A pesar de ello, la cifra de negocios del sector alcanz\u00f3 unos 9 [&hellip;]\" \/>\n<meta property=\"og:url\" content=\"https:\/\/clusterlogistic.org\/empreses-de-missatgeria-i-distribucio-de-paquets-creixen-amb-mes-lentitut\/\" \/>\n<meta property=\"og:site_name\" content=\"Cl\u00faster Log\u00edstic de Catalunya\" \/>\n<meta property=\"article:published_time\" content=\"2023-11-17T06:00:49+00:00\" \/>\n<meta property=\"og:image\" content=\"https:\/\/clusterlogistic.org\/wp-content\/uploads\/2023\/11\/Empresas-de-mensajeria-y-distribucion-de-paquetes-crecen-con-mas-lentitud.jpg\" \/>\n\t<meta property=\"og:image:width\" content=\"1280\" \/>\n\t<meta property=\"og:image:height\" content=\"853\" \/>\n\t<meta property=\"og:image:type\" content=\"image\/jpeg\" \/>\n<meta name=\"author\" content=\"Cl\u00faster Log\u00edstic de Catalunya\" \/>\n<meta name=\"twitter:card\" content=\"summary_large_image\" \/>\n<meta name=\"twitter:label1\" content=\"Escrito por\" \/>\n\t<meta name=\"twitter:data1\" content=\"Cl\u00faster Log\u00edstic de Catalunya\" \/>\n\t<meta name=\"twitter:label2\" content=\"Tiempo de lectura\" \/>\n\t<meta name=\"twitter:data2\" content=\"3 minutos\" \/>\n<script type=\"application\/ld+json\" class=\"yoast-schema-graph\">{\"@context\":\"https:\\\/\\\/schema.org\",\"@graph\":[{\"@type\":\"Article\",\"@id\":\"https:\\\/\\\/clusterlogistic.org\\\/empreses-de-missatgeria-i-distribucio-de-paquets-creixen-amb-mes-lentitut\\\/#article\",\"isPartOf\":{\"@id\":\"https:\\\/\\\/clusterlogistic.org\\\/empreses-de-missatgeria-i-distribucio-de-paquets-creixen-amb-mes-lentitut\\\/\"},\"author\":{\"name\":\"Cl\u00faster Log\u00edstic de Catalunya\",\"@id\":\"https:\\\/\\\/clusterlogistic.org\\\/es\\\/#\\\/schema\\\/person\\\/2f968404d010f4cfb1fb1faa4cc8cd64\"},\"headline\":\"Empresas de mensajer\u00eda y distribuci\u00f3n de paquetes crecen con m\u00e1s lentitud\",\"datePublished\":\"2023-11-17T06:00:49+00:00\",\"mainEntityOfPage\":{\"@id\":\"https:\\\/\\\/clusterlogistic.org\\\/empreses-de-missatgeria-i-distribucio-de-paquets-creixen-amb-mes-lentitut\\\/\"},\"wordCount\":550,\"publisher\":{\"@id\":\"https:\\\/\\\/clusterlogistic.org\\\/es\\\/#organization\"},\"image\":{\"@id\":\"https:\\\/\\\/clusterlogistic.org\\\/empreses-de-missatgeria-i-distribucio-de-paquets-creixen-amb-mes-lentitut\\\/#primaryimage\"},\"thumbnailUrl\":\"https:\\\/\\\/clusterlogistic.org\\\/wp-content\\\/uploads\\\/2023\\\/11\\\/Empresas-de-mensajeria-y-distribucion-de-paquetes-crecen-con-mas-lentitud.jpg\",\"articleSection\":[\"Actualidad\"],\"inLanguage\":\"es\"},{\"@type\":\"WebPage\",\"@id\":\"https:\\\/\\\/clusterlogistic.org\\\/empreses-de-missatgeria-i-distribucio-de-paquets-creixen-amb-mes-lentitut\\\/\",\"url\":\"https:\\\/\\\/clusterlogistic.org\\\/empreses-de-missatgeria-i-distribucio-de-paquets-creixen-amb-mes-lentitut\\\/\",\"name\":\"Empresas de mensajer\u00eda y distribuci\u00f3n de paquetes crecen con m\u00e1s lentitud - Cl\u00faster Log\u00edstic de Catalunya\",\"isPartOf\":{\"@id\":\"https:\\\/\\\/clusterlogistic.org\\\/es\\\/#website\"},\"primaryImageOfPage\":{\"@id\":\"https:\\\/\\\/clusterlogistic.org\\\/empreses-de-missatgeria-i-distribucio-de-paquets-creixen-amb-mes-lentitut\\\/#primaryimage\"},\"image\":{\"@id\":\"https:\\\/\\\/clusterlogistic.org\\\/empreses-de-missatgeria-i-distribucio-de-paquets-creixen-amb-mes-lentitut\\\/#primaryimage\"},\"thumbnailUrl\":\"https:\\\/\\\/clusterlogistic.org\\\/wp-content\\\/uploads\\\/2023\\\/11\\\/Empresas-de-mensajeria-y-distribucion-de-paquetes-crecen-con-mas-lentitud.jpg\",\"datePublished\":\"2023-11-17T06:00:49+00:00\",\"breadcrumb\":{\"@id\":\"https:\\\/\\\/clusterlogistic.org\\\/empreses-de-missatgeria-i-distribucio-de-paquets-creixen-amb-mes-lentitut\\\/#breadcrumb\"},\"inLanguage\":\"es\",\"potentialAction\":[{\"@type\":\"ReadAction\",\"target\":[\"https:\\\/\\\/clusterlogistic.org\\\/empreses-de-missatgeria-i-distribucio-de-paquets-creixen-amb-mes-lentitut\\\/\"]}]},{\"@type\":\"ImageObject\",\"inLanguage\":\"es\",\"@id\":\"https:\\\/\\\/clusterlogistic.org\\\/empreses-de-missatgeria-i-distribucio-de-paquets-creixen-amb-mes-lentitut\\\/#primaryimage\",\"url\":\"https:\\\/\\\/clusterlogistic.org\\\/wp-content\\\/uploads\\\/2023\\\/11\\\/Empresas-de-mensajeria-y-distribucion-de-paquetes-crecen-con-mas-lentitud.jpg\",\"contentUrl\":\"https:\\\/\\\/clusterlogistic.org\\\/wp-content\\\/uploads\\\/2023\\\/11\\\/Empresas-de-mensajeria-y-distribucion-de-paquetes-crecen-con-mas-lentitud.jpg\",\"width\":1280,\"height\":853},{\"@type\":\"BreadcrumbList\",\"@id\":\"https:\\\/\\\/clusterlogistic.org\\\/empreses-de-missatgeria-i-distribucio-de-paquets-creixen-amb-mes-lentitut\\\/#breadcrumb\",\"itemListElement\":[{\"@type\":\"ListItem\",\"position\":1,\"name\":\"Portada\",\"item\":\"https:\\\/\\\/clusterlogistic.org\\\/es\\\/\"},{\"@type\":\"ListItem\",\"position\":2,\"name\":\"Empresas de mensajer\u00eda y distribuci\u00f3n de paquetes crecen con m\u00e1s lentitud\"}]},{\"@type\":\"WebSite\",\"@id\":\"https:\\\/\\\/clusterlogistic.org\\\/es\\\/#website\",\"url\":\"https:\\\/\\\/clusterlogistic.org\\\/es\\\/\",\"name\":\"Cl\u00faster Log\u00edstic de Catalunya\",\"description\":\"associaci\u00f3 sense \u00e0nim de lucre\",\"publisher\":{\"@id\":\"https:\\\/\\\/clusterlogistic.org\\\/es\\\/#organization\"},\"potentialAction\":[{\"@type\":\"SearchAction\",\"target\":{\"@type\":\"EntryPoint\",\"urlTemplate\":\"https:\\\/\\\/clusterlogistic.org\\\/es\\\/?s={search_term_string}\"},\"query-input\":{\"@type\":\"PropertyValueSpecification\",\"valueRequired\":true,\"valueName\":\"search_term_string\"}}],\"inLanguage\":\"es\"},{\"@type\":\"Organization\",\"@id\":\"https:\\\/\\\/clusterlogistic.org\\\/es\\\/#organization\",\"name\":\"Cl\u00faster Log\u00edstic de Catalunya\",\"url\":\"https:\\\/\\\/clusterlogistic.org\\\/es\\\/\",\"logo\":{\"@type\":\"ImageObject\",\"inLanguage\":\"es\",\"@id\":\"https:\\\/\\\/clusterlogistic.org\\\/es\\\/#\\\/schema\\\/logo\\\/image\\\/\",\"url\":\"https:\\\/\\\/clusterlogistic.org\\\/wp-content\\\/uploads\\\/2017\\\/07\\\/cropped-Logo-CL-llegenda-gran.jpg\",\"contentUrl\":\"https:\\\/\\\/clusterlogistic.org\\\/wp-content\\\/uploads\\\/2017\\\/07\\\/cropped-Logo-CL-llegenda-gran.jpg\",\"width\":512,\"height\":512,\"caption\":\"Cl\u00faster Log\u00edstic de Catalunya\"},\"image\":{\"@id\":\"https:\\\/\\\/clusterlogistic.org\\\/es\\\/#\\\/schema\\\/logo\\\/image\\\/\"}},{\"@type\":\"Person\",\"@id\":\"https:\\\/\\\/clusterlogistic.org\\\/es\\\/#\\\/schema\\\/person\\\/2f968404d010f4cfb1fb1faa4cc8cd64\",\"name\":\"Cl\u00faster Log\u00edstic de Catalunya\",\"image\":{\"@type\":\"ImageObject\",\"inLanguage\":\"es\",\"@id\":\"https:\\\/\\\/secure.gravatar.com\\\/avatar\\\/d70e6dad54fc96678ebb563883ef31c8b8b0a127bb640252f5ba3696ded226fe?s=96&d=mm&r=g\",\"url\":\"https:\\\/\\\/secure.gravatar.com\\\/avatar\\\/d70e6dad54fc96678ebb563883ef31c8b8b0a127bb640252f5ba3696ded226fe?s=96&d=mm&r=g\",\"contentUrl\":\"https:\\\/\\\/secure.gravatar.com\\\/avatar\\\/d70e6dad54fc96678ebb563883ef31c8b8b0a127bb640252f5ba3696ded226fe?s=96&d=mm&r=g\",\"caption\":\"Cl\u00faster Log\u00edstic de Catalunya\"},\"description\":\"Alineem estrat\u00e8gies i sumar esfor\u00e7os per potenciar l'activitat industrial a les pimes | Alineamos estrategias y sumar esfuerzos para potenciar la actividad industrial en las pymes.\",\"url\":\"https:\\\/\\\/clusterlogistic.org\\\/es\\\/author\\\/pilar-minguez\\\/\"}]}<\/script>\n<!-- \/ Yoast SEO plugin. -->","yoast_head_json":{"title":"Empresas de mensajer\u00eda y distribuci\u00f3n de paquetes crecen con m\u00e1s lentitud - Cl\u00faster Log\u00edstic de Catalunya","robots":{"index":"index","follow":"follow","max-snippet":"max-snippet:-1","max-image-preview":"max-image-preview:large","max-video-preview":"max-video-preview:-1"},"canonical":"https:\/\/clusterlogistic.org\/empreses-de-missatgeria-i-distribucio-de-paquets-creixen-amb-mes-lentitut\/","og_locale":"es_ES","og_type":"article","og_title":"Empresas de mensajer\u00eda y distribuci\u00f3n de paquetes crecen con m\u00e1s lentitud - Cl\u00faster Log\u00edstic de Catalunya","og_description":"Las \u00faltimas cifras del Observatorio Sectorial DBK de Informa aseguran que las empresas de mensajer\u00eda y paqueter\u00eda est\u00e1n presentando un crecimiento con menor velocidad. Si bien en 2021 el crecimiento fue del 7.4%, para 2022 la cifra se situ\u00f3 en un 4.2%. A pesar de ello, la cifra de negocios del sector alcanz\u00f3 unos 9 [&hellip;]","og_url":"https:\/\/clusterlogistic.org\/empreses-de-missatgeria-i-distribucio-de-paquets-creixen-amb-mes-lentitut\/","og_site_name":"Cl\u00faster Log\u00edstic de Catalunya","article_published_time":"2023-11-17T06:00:49+00:00","og_image":[{"width":1280,"height":853,"url":"https:\/\/clusterlogistic.org\/wp-content\/uploads\/2023\/11\/Empresas-de-mensajeria-y-distribucion-de-paquetes-crecen-con-mas-lentitud.jpg","type":"image\/jpeg"}],"author":"Cl\u00faster Log\u00edstic de Catalunya","twitter_card":"summary_large_image","twitter_misc":{"Escrito por":"Cl\u00faster Log\u00edstic de Catalunya","Tiempo de lectura":"3 minutos"},"schema":{"@context":"https:\/\/schema.org","@graph":[{"@type":"Article","@id":"https:\/\/clusterlogistic.org\/empreses-de-missatgeria-i-distribucio-de-paquets-creixen-amb-mes-lentitut\/#article","isPartOf":{"@id":"https:\/\/clusterlogistic.org\/empreses-de-missatgeria-i-distribucio-de-paquets-creixen-amb-mes-lentitut\/"},"author":{"name":"Cl\u00faster Log\u00edstic de Catalunya","@id":"https:\/\/clusterlogistic.org\/es\/#\/schema\/person\/2f968404d010f4cfb1fb1faa4cc8cd64"},"headline":"Empresas de mensajer\u00eda y distribuci\u00f3n de paquetes crecen con m\u00e1s lentitud","datePublished":"2023-11-17T06:00:49+00:00","mainEntityOfPage":{"@id":"https:\/\/clusterlogistic.org\/empreses-de-missatgeria-i-distribucio-de-paquets-creixen-amb-mes-lentitut\/"},"wordCount":550,"publisher":{"@id":"https:\/\/clusterlogistic.org\/es\/#organization"},"image":{"@id":"https:\/\/clusterlogistic.org\/empreses-de-missatgeria-i-distribucio-de-paquets-creixen-amb-mes-lentitut\/#primaryimage"},"thumbnailUrl":"https:\/\/clusterlogistic.org\/wp-content\/uploads\/2023\/11\/Empresas-de-mensajeria-y-distribucion-de-paquetes-crecen-con-mas-lentitud.jpg","articleSection":["Actualidad"],"inLanguage":"es"},{"@type":"WebPage","@id":"https:\/\/clusterlogistic.org\/empreses-de-missatgeria-i-distribucio-de-paquets-creixen-amb-mes-lentitut\/","url":"https:\/\/clusterlogistic.org\/empreses-de-missatgeria-i-distribucio-de-paquets-creixen-amb-mes-lentitut\/","name":"Empresas de mensajer\u00eda y distribuci\u00f3n de paquetes crecen con m\u00e1s lentitud - Cl\u00faster Log\u00edstic de Catalunya","isPartOf":{"@id":"https:\/\/clusterlogistic.org\/es\/#website"},"primaryImageOfPage":{"@id":"https:\/\/clusterlogistic.org\/empreses-de-missatgeria-i-distribucio-de-paquets-creixen-amb-mes-lentitut\/#primaryimage"},"image":{"@id":"https:\/\/clusterlogistic.org\/empreses-de-missatgeria-i-distribucio-de-paquets-creixen-amb-mes-lentitut\/#primaryimage"},"thumbnailUrl":"https:\/\/clusterlogistic.org\/wp-content\/uploads\/2023\/11\/Empresas-de-mensajeria-y-distribucion-de-paquetes-crecen-con-mas-lentitud.jpg","datePublished":"2023-11-17T06:00:49+00:00","breadcrumb":{"@id":"https:\/\/clusterlogistic.org\/empreses-de-missatgeria-i-distribucio-de-paquets-creixen-amb-mes-lentitut\/#breadcrumb"},"inLanguage":"es","potentialAction":[{"@type":"ReadAction","target":["https:\/\/clusterlogistic.org\/empreses-de-missatgeria-i-distribucio-de-paquets-creixen-amb-mes-lentitut\/"]}]},{"@type":"ImageObject","inLanguage":"es","@id":"https:\/\/clusterlogistic.org\/empreses-de-missatgeria-i-distribucio-de-paquets-creixen-amb-mes-lentitut\/#primaryimage","url":"https:\/\/clusterlogistic.org\/wp-content\/uploads\/2023\/11\/Empresas-de-mensajeria-y-distribucion-de-paquetes-crecen-con-mas-lentitud.jpg","contentUrl":"https:\/\/clusterlogistic.org\/wp-content\/uploads\/2023\/11\/Empresas-de-mensajeria-y-distribucion-de-paquetes-crecen-con-mas-lentitud.jpg","width":1280,"height":853},{"@type":"BreadcrumbList","@id":"https:\/\/clusterlogistic.org\/empreses-de-missatgeria-i-distribucio-de-paquets-creixen-amb-mes-lentitut\/#breadcrumb","itemListElement":[{"@type":"ListItem","position":1,"name":"Portada","item":"https:\/\/clusterlogistic.org\/es\/"},{"@type":"ListItem","position":2,"name":"Empresas de mensajer\u00eda y distribuci\u00f3n de paquetes crecen con m\u00e1s lentitud"}]},{"@type":"WebSite","@id":"https:\/\/clusterlogistic.org\/es\/#website","url":"https:\/\/clusterlogistic.org\/es\/","name":"Cl\u00faster Log\u00edstic de Catalunya","description":"associaci\u00f3 sense \u00e0nim de lucre","publisher":{"@id":"https:\/\/clusterlogistic.org\/es\/#organization"},"potentialAction":[{"@type":"SearchAction","target":{"@type":"EntryPoint","urlTemplate":"https:\/\/clusterlogistic.org\/es\/?s={search_term_string}"},"query-input":{"@type":"PropertyValueSpecification","valueRequired":true,"valueName":"search_term_string"}}],"inLanguage":"es"},{"@type":"Organization","@id":"https:\/\/clusterlogistic.org\/es\/#organization","name":"Cl\u00faster Log\u00edstic de Catalunya","url":"https:\/\/clusterlogistic.org\/es\/","logo":{"@type":"ImageObject","inLanguage":"es","@id":"https:\/\/clusterlogistic.org\/es\/#\/schema\/logo\/image\/","url":"https:\/\/clusterlogistic.org\/wp-content\/uploads\/2017\/07\/cropped-Logo-CL-llegenda-gran.jpg","contentUrl":"https:\/\/clusterlogistic.org\/wp-content\/uploads\/2017\/07\/cropped-Logo-CL-llegenda-gran.jpg","width":512,"height":512,"caption":"Cl\u00faster Log\u00edstic de Catalunya"},"image":{"@id":"https:\/\/clusterlogistic.org\/es\/#\/schema\/logo\/image\/"}},{"@type":"Person","@id":"https:\/\/clusterlogistic.org\/es\/#\/schema\/person\/2f968404d010f4cfb1fb1faa4cc8cd64","name":"Cl\u00faster Log\u00edstic de Catalunya","image":{"@type":"ImageObject","inLanguage":"es","@id":"https:\/\/secure.gravatar.com\/avatar\/d70e6dad54fc96678ebb563883ef31c8b8b0a127bb640252f5ba3696ded226fe?s=96&d=mm&r=g","url":"https:\/\/secure.gravatar.com\/avatar\/d70e6dad54fc96678ebb563883ef31c8b8b0a127bb640252f5ba3696ded226fe?s=96&d=mm&r=g","contentUrl":"https:\/\/secure.gravatar.com\/avatar\/d70e6dad54fc96678ebb563883ef31c8b8b0a127bb640252f5ba3696ded226fe?s=96&d=mm&r=g","caption":"Cl\u00faster Log\u00edstic de Catalunya"},"description":"Alineem estrat\u00e8gies i sumar esfor\u00e7os per potenciar l'activitat industrial a les pimes | Alineamos estrategias y sumar esfuerzos para potenciar la actividad industrial en las pymes.","url":"https:\/\/clusterlogistic.org\/es\/author\/pilar-minguez\/"}]}},"_links":{"self":[{"href":"https:\/\/clusterlogistic.org\/es\/wp-json\/wp\/v2\/posts\/7413","targetHints":{"allow":["GET"]}}],"collection":[{"href":"https:\/\/clusterlogistic.org\/es\/wp-json\/wp\/v2\/posts"}],"about":[{"href":"https:\/\/clusterlogistic.org\/es\/wp-json\/wp\/v2\/types\/post"}],"author":[{"embeddable":true,"href":"https:\/\/clusterlogistic.org\/es\/wp-json\/wp\/v2\/users\/3"}],"replies":[{"embeddable":true,"href":"https:\/\/clusterlogistic.org\/es\/wp-json\/wp\/v2\/comments?post=7413"}],"version-history":[{"count":2,"href":"https:\/\/clusterlogistic.org\/es\/wp-json\/wp\/v2\/posts\/7413\/revisions"}],"predecessor-version":[{"id":7462,"href":"https:\/\/clusterlogistic.org\/es\/wp-json\/wp\/v2\/posts\/7413\/revisions\/7462"}],"wp:featuredmedia":[{"embeddable":true,"href":"https:\/\/clusterlogistic.org\/es\/wp-json\/wp\/v2\/media\/7414"}],"wp:attachment":[{"href":"https:\/\/clusterlogistic.org\/es\/wp-json\/wp\/v2\/media?parent=7413"}],"wp:term":[{"taxonomy":"category","embeddable":true,"href":"https:\/\/clusterlogistic.org\/es\/wp-json\/wp\/v2\/categories?post=7413"},{"taxonomy":"post_tag","embeddable":true,"href":"https:\/\/clusterlogistic.org\/es\/wp-json\/wp\/v2\/tags?post=7413"}],"curies":[{"name":"wp","href":"https:\/\/api.w.org\/{rel}","templated":true}]}}