{"id":8751,"date":"2024-11-01T09:00:27","date_gmt":"2024-11-01T07:00:27","guid":{"rendered":"https:\/\/clusterlogistic.org\/?p=8751"},"modified":"2024-11-18T21:12:37","modified_gmt":"2024-11-18T19:12:37","slug":"el-nereus-highway-llega-a-barcelona-marcando-un-hito-en-sostenibilidad","status":"publish","type":"post","link":"https:\/\/clusterlogistic.org\/es\/el-nereus-highway-llega-a-barcelona-marcando-un-hito-en-sostenibilidad\/","title":{"rendered":"El Nereus Highway llega a Barcelona marcando un hito en sostenibilidad"},"content":{"rendered":"<p>El puerto de Barcelona ha sido testigo de la escala inaugural del <strong>Nereus Highway<\/strong>, un barco 100% propulsado por gas natural licuado (GNL). Esta incorporaci\u00f3n a la flota de K Line, representada en Espa\u00f1a por Berg\u00e9, <strong>marca un paso firme hacia un transporte mar\u00edtimo m\u00e1s sostenible<\/strong>, acorde con los est\u00e1ndares ecol\u00f3gicos actuales.<\/p>\n<p><img loading=\"lazy\" decoding=\"async\" class=\"alignnone size-full wp-image-8752\" src=\"https:\/\/clusterlogistic.org\/wp-content\/uploads\/2024\/11\/K-Line-lleva-a-Barcelona-su-nuevo-barco-100.jpg\" alt=\"K Line lleva a Barcelona su nuevo barco 100% \" width=\"1024\" height=\"680\" srcset=\"https:\/\/clusterlogistic.org\/wp-content\/uploads\/2024\/11\/K-Line-lleva-a-Barcelona-su-nuevo-barco-100.jpg 1024w, https:\/\/clusterlogistic.org\/wp-content\/uploads\/2024\/11\/K-Line-lleva-a-Barcelona-su-nuevo-barco-100-300x199.jpg 300w, https:\/\/clusterlogistic.org\/wp-content\/uploads\/2024\/11\/K-Line-lleva-a-Barcelona-su-nuevo-barco-100-768x510.jpg 768w, https:\/\/clusterlogistic.org\/wp-content\/uploads\/2024\/11\/K-Line-lleva-a-Barcelona-su-nuevo-barco-100-705x468.jpg 705w\" sizes=\"auto, (max-width: 1024px) 100vw, 1024px\" \/><\/p>\n<h2>Innovaci\u00f3n en el transporte mar\u00edtimo<\/h2>\n<p>El Nereus Highway es parte de una serie de 11 barcos encargados por K Line, dise\u00f1ados para priorizar la sostenibilidad y reducir el impacto medioambiental. Propulsado exclusivamente por GNL, este buque permite una reducci\u00f3n del <strong>21% en las emisiones de gases de efecto invernadero<\/strong> en comparaci\u00f3n con los combustibles marinos tradicionales. Adem\u00e1s, elimina pr\u00e1cticamente las emisiones de \u00f3xidos de azufre, \u00f3xidos de nitr\u00f3geno y part\u00edculas, contribuyendo significativamente a la disminuci\u00f3n de la huella de carbono en el transporte de mercanc\u00edas.<\/p>\n<p>Con capacidad para <strong>7.000 veh\u00edculos<\/strong>, el Nereus Highway combina eficiencia operativa con un compromiso medioambiental, situ\u00e1ndose a la vanguardia de las soluciones de transporte mar\u00edtimo sostenible.<\/p>\n<h2>Un recorrido inaugural emblem\u00e1tico<\/h2>\n<p>Tras zarpar de los astilleros chinos en agosto, este car carrier (PCTC) ha pasado por varios puertos de Asia antes de llegar a Barcelona, desde donde continuar\u00e1 hacia el norte de Europa. En el puerto de Barcelona, el Nereus Highway ha realizado operaciones de carga y descarga de veh\u00edculos, reforzando el papel del puerto como un nodo clave para el comercio internacional.<\/p>\n<p><strong>Berg\u00e9, como representante de K Line, gestiona servicios de importaci\u00f3n y exportaci\u00f3n hacia la costa este de Estados Unidos, el Golfo de M\u00e9xico y Asia<\/strong>, utilizando los puertos de Barcelona y Santander como puntos estrat\u00e9gicos.<\/p>\n<h2>Reconocimiento en el puerto de Barcelona<\/h2>\n<p>Con motivo de esta escala inaugural, la Autoridad Portuaria de Barcelona organiz\u00f3 un acto conmemorativo en honor al Nereus Highway. Durante el evento, se entreg\u00f3 una metopa al capit\u00e1n del buque, en una ceremonia que reafirma la relaci\u00f3n del puerto con las navieras que apuestan por la innovaci\u00f3n y la sostenibilidad.<\/p>\n<h3>Un modelo para el futuro del transporte mar\u00edtimo<\/h3>\n<p>El uso de GNL en barcos como el Nereus Highway refleja <strong>la transici\u00f3n hacia un transporte m\u00e1s respetuoso con el medio ambiente<\/strong>, cumpliendo con las crecientes demandas de sostenibilidad en el sector. Estos avances no solo mejoran la competitividad del transporte mar\u00edtimo, sino que tambi\u00e9n contribuyen al compromiso global de reducir el impacto clim\u00e1tico del comercio internacional.<\/p>\n<p>Con su llegada a Barcelona, el Nereus Highway no solo ha marcado un hito en innovaci\u00f3n tecnol\u00f3gica, sino que tambi\u00e9n refuerza el papel del puerto como referente en el transporte mar\u00edtimo sostenible.<\/p>\n","protected":false},"excerpt":{"rendered":"<p>El puerto de Barcelona ha sido testigo de la escala inaugural del Nereus Highway, un barco 100% propulsado por gas natural licuado (GNL). Esta incorporaci\u00f3n a la flota de K Line, representada en Espa\u00f1a por Berg\u00e9, marca un paso firme hacia un transporte mar\u00edtimo m\u00e1s sostenible, acorde con los est\u00e1ndares ecol\u00f3gicos actuales. Innovaci\u00f3n en el [&hellip;]<\/p>\n","protected":false},"author":3,"featured_media":8752,"comment_status":"closed","ping_status":"closed","sticky":false,"template":"","format":"standard","meta":{"footnotes":""},"categories":[16],"tags":[],"class_list":["post-8751","post","type-post","status-publish","format-standard","has-post-thumbnail","hentry","category-actualidad"],"yoast_head":"<!-- This site is optimized with the Yoast SEO plugin v27.4 - https:\/\/yoast.com\/product\/yoast-seo-wordpress\/ -->\n<title>El Nereus Highway llega a Barcelona marcando un hito en sostenibilidad - Cl\u00faster Log\u00edstic de Catalunya<\/title>\n<meta name=\"robots\" content=\"index, follow, max-snippet:-1, max-image-preview:large, max-video-preview:-1\" \/>\n<link rel=\"canonical\" href=\"https:\/\/clusterlogistic.org\/es\/el-nereus-highway-llega-a-barcelona-marcando-un-hito-en-sostenibilidad\/\" \/>\n<meta property=\"og:locale\" content=\"es_ES\" \/>\n<meta property=\"og:type\" content=\"article\" \/>\n<meta property=\"og:title\" content=\"El Nereus Highway llega a Barcelona marcando un hito en sostenibilidad - Cl\u00faster Log\u00edstic de Catalunya\" \/>\n<meta property=\"og:description\" content=\"El puerto de Barcelona ha sido testigo de la escala inaugural del Nereus Highway, un barco 100% propulsado por gas natural licuado (GNL). Esta incorporaci\u00f3n a la flota de K Line, representada en Espa\u00f1a por Berg\u00e9, marca un paso firme hacia un transporte mar\u00edtimo m\u00e1s sostenible, acorde con los est\u00e1ndares ecol\u00f3gicos actuales. Innovaci\u00f3n en el [&hellip;]\" \/>\n<meta property=\"og:url\" content=\"https:\/\/clusterlogistic.org\/es\/el-nereus-highway-llega-a-barcelona-marcando-un-hito-en-sostenibilidad\/\" \/>\n<meta property=\"og:site_name\" content=\"Cl\u00faster Log\u00edstic de Catalunya\" \/>\n<meta property=\"article:published_time\" content=\"2024-11-01T07:00:27+00:00\" \/>\n<meta property=\"article:modified_time\" content=\"2024-11-18T19:12:37+00:00\" \/>\n<meta property=\"og:image\" content=\"https:\/\/clusterlogistic.org\/wp-content\/uploads\/2024\/11\/K-Line-lleva-a-Barcelona-su-nuevo-barco-100.jpg\" \/>\n\t<meta property=\"og:image:width\" content=\"1024\" \/>\n\t<meta property=\"og:image:height\" content=\"680\" \/>\n\t<meta property=\"og:image:type\" content=\"image\/jpeg\" \/>\n<meta name=\"author\" content=\"Cl\u00faster Log\u00edstic de Catalunya\" \/>\n<meta name=\"twitter:card\" content=\"summary_large_image\" \/>\n<meta name=\"twitter:label1\" content=\"Escrito por\" \/>\n\t<meta name=\"twitter:data1\" content=\"Cl\u00faster Log\u00edstic de Catalunya\" \/>\n\t<meta name=\"twitter:label2\" content=\"Tiempo de lectura\" \/>\n\t<meta name=\"twitter:data2\" content=\"2 minutos\" \/>\n<script type=\"application\/ld+json\" class=\"yoast-schema-graph\">{\"@context\":\"https:\\\/\\\/schema.org\",\"@graph\":[{\"@type\":\"Article\",\"@id\":\"https:\\\/\\\/clusterlogistic.org\\\/es\\\/el-nereus-highway-llega-a-barcelona-marcando-un-hito-en-sostenibilidad\\\/#article\",\"isPartOf\":{\"@id\":\"https:\\\/\\\/clusterlogistic.org\\\/es\\\/el-nereus-highway-llega-a-barcelona-marcando-un-hito-en-sostenibilidad\\\/\"},\"author\":{\"name\":\"Cl\u00faster Log\u00edstic de Catalunya\",\"@id\":\"https:\\\/\\\/clusterlogistic.org\\\/es\\\/#\\\/schema\\\/person\\\/2f968404d010f4cfb1fb1faa4cc8cd64\"},\"headline\":\"El Nereus Highway llega a Barcelona marcando un hito en sostenibilidad\",\"datePublished\":\"2024-11-01T07:00:27+00:00\",\"dateModified\":\"2024-11-18T19:12:37+00:00\",\"mainEntityOfPage\":{\"@id\":\"https:\\\/\\\/clusterlogistic.org\\\/es\\\/el-nereus-highway-llega-a-barcelona-marcando-un-hito-en-sostenibilidad\\\/\"},\"wordCount\":464,\"publisher\":{\"@id\":\"https:\\\/\\\/clusterlogistic.org\\\/es\\\/#organization\"},\"image\":{\"@id\":\"https:\\\/\\\/clusterlogistic.org\\\/es\\\/el-nereus-highway-llega-a-barcelona-marcando-un-hito-en-sostenibilidad\\\/#primaryimage\"},\"thumbnailUrl\":\"https:\\\/\\\/clusterlogistic.org\\\/wp-content\\\/uploads\\\/2024\\\/11\\\/K-Line-lleva-a-Barcelona-su-nuevo-barco-100.jpg\",\"articleSection\":[\"Actualidad\"],\"inLanguage\":\"es\"},{\"@type\":\"WebPage\",\"@id\":\"https:\\\/\\\/clusterlogistic.org\\\/es\\\/el-nereus-highway-llega-a-barcelona-marcando-un-hito-en-sostenibilidad\\\/\",\"url\":\"https:\\\/\\\/clusterlogistic.org\\\/es\\\/el-nereus-highway-llega-a-barcelona-marcando-un-hito-en-sostenibilidad\\\/\",\"name\":\"El Nereus Highway llega a Barcelona marcando un hito en sostenibilidad - Cl\u00faster Log\u00edstic de Catalunya\",\"isPartOf\":{\"@id\":\"https:\\\/\\\/clusterlogistic.org\\\/es\\\/#website\"},\"primaryImageOfPage\":{\"@id\":\"https:\\\/\\\/clusterlogistic.org\\\/es\\\/el-nereus-highway-llega-a-barcelona-marcando-un-hito-en-sostenibilidad\\\/#primaryimage\"},\"image\":{\"@id\":\"https:\\\/\\\/clusterlogistic.org\\\/es\\\/el-nereus-highway-llega-a-barcelona-marcando-un-hito-en-sostenibilidad\\\/#primaryimage\"},\"thumbnailUrl\":\"https:\\\/\\\/clusterlogistic.org\\\/wp-content\\\/uploads\\\/2024\\\/11\\\/K-Line-lleva-a-Barcelona-su-nuevo-barco-100.jpg\",\"datePublished\":\"2024-11-01T07:00:27+00:00\",\"dateModified\":\"2024-11-18T19:12:37+00:00\",\"breadcrumb\":{\"@id\":\"https:\\\/\\\/clusterlogistic.org\\\/es\\\/el-nereus-highway-llega-a-barcelona-marcando-un-hito-en-sostenibilidad\\\/#breadcrumb\"},\"inLanguage\":\"es\",\"potentialAction\":[{\"@type\":\"ReadAction\",\"target\":[\"https:\\\/\\\/clusterlogistic.org\\\/es\\\/el-nereus-highway-llega-a-barcelona-marcando-un-hito-en-sostenibilidad\\\/\"]}]},{\"@type\":\"ImageObject\",\"inLanguage\":\"es\",\"@id\":\"https:\\\/\\\/clusterlogistic.org\\\/es\\\/el-nereus-highway-llega-a-barcelona-marcando-un-hito-en-sostenibilidad\\\/#primaryimage\",\"url\":\"https:\\\/\\\/clusterlogistic.org\\\/wp-content\\\/uploads\\\/2024\\\/11\\\/K-Line-lleva-a-Barcelona-su-nuevo-barco-100.jpg\",\"contentUrl\":\"https:\\\/\\\/clusterlogistic.org\\\/wp-content\\\/uploads\\\/2024\\\/11\\\/K-Line-lleva-a-Barcelona-su-nuevo-barco-100.jpg\",\"width\":1024,\"height\":680,\"caption\":\"K Line lleva a Barcelona su nuevo barco 100%\"},{\"@type\":\"BreadcrumbList\",\"@id\":\"https:\\\/\\\/clusterlogistic.org\\\/es\\\/el-nereus-highway-llega-a-barcelona-marcando-un-hito-en-sostenibilidad\\\/#breadcrumb\",\"itemListElement\":[{\"@type\":\"ListItem\",\"position\":1,\"name\":\"Portada\",\"item\":\"https:\\\/\\\/clusterlogistic.org\\\/es\\\/\"},{\"@type\":\"ListItem\",\"position\":2,\"name\":\"El Nereus Highway llega a Barcelona marcando un hito en sostenibilidad\"}]},{\"@type\":\"WebSite\",\"@id\":\"https:\\\/\\\/clusterlogistic.org\\\/es\\\/#website\",\"url\":\"https:\\\/\\\/clusterlogistic.org\\\/es\\\/\",\"name\":\"Cl\u00faster Log\u00edstic de Catalunya\",\"description\":\"associaci\u00f3 sense \u00e0nim de lucre\",\"publisher\":{\"@id\":\"https:\\\/\\\/clusterlogistic.org\\\/es\\\/#organization\"},\"potentialAction\":[{\"@type\":\"SearchAction\",\"target\":{\"@type\":\"EntryPoint\",\"urlTemplate\":\"https:\\\/\\\/clusterlogistic.org\\\/es\\\/?s={search_term_string}\"},\"query-input\":{\"@type\":\"PropertyValueSpecification\",\"valueRequired\":true,\"valueName\":\"search_term_string\"}}],\"inLanguage\":\"es\"},{\"@type\":\"Organization\",\"@id\":\"https:\\\/\\\/clusterlogistic.org\\\/es\\\/#organization\",\"name\":\"Cl\u00faster Log\u00edstic de Catalunya\",\"url\":\"https:\\\/\\\/clusterlogistic.org\\\/es\\\/\",\"logo\":{\"@type\":\"ImageObject\",\"inLanguage\":\"es\",\"@id\":\"https:\\\/\\\/clusterlogistic.org\\\/es\\\/#\\\/schema\\\/logo\\\/image\\\/\",\"url\":\"https:\\\/\\\/clusterlogistic.org\\\/wp-content\\\/uploads\\\/2017\\\/07\\\/cropped-Logo-CL-llegenda-gran.jpg\",\"contentUrl\":\"https:\\\/\\\/clusterlogistic.org\\\/wp-content\\\/uploads\\\/2017\\\/07\\\/cropped-Logo-CL-llegenda-gran.jpg\",\"width\":512,\"height\":512,\"caption\":\"Cl\u00faster Log\u00edstic de Catalunya\"},\"image\":{\"@id\":\"https:\\\/\\\/clusterlogistic.org\\\/es\\\/#\\\/schema\\\/logo\\\/image\\\/\"}},{\"@type\":\"Person\",\"@id\":\"https:\\\/\\\/clusterlogistic.org\\\/es\\\/#\\\/schema\\\/person\\\/2f968404d010f4cfb1fb1faa4cc8cd64\",\"name\":\"Cl\u00faster Log\u00edstic de Catalunya\",\"image\":{\"@type\":\"ImageObject\",\"inLanguage\":\"es\",\"@id\":\"https:\\\/\\\/secure.gravatar.com\\\/avatar\\\/d70e6dad54fc96678ebb563883ef31c8b8b0a127bb640252f5ba3696ded226fe?s=96&d=mm&r=g\",\"url\":\"https:\\\/\\\/secure.gravatar.com\\\/avatar\\\/d70e6dad54fc96678ebb563883ef31c8b8b0a127bb640252f5ba3696ded226fe?s=96&d=mm&r=g\",\"contentUrl\":\"https:\\\/\\\/secure.gravatar.com\\\/avatar\\\/d70e6dad54fc96678ebb563883ef31c8b8b0a127bb640252f5ba3696ded226fe?s=96&d=mm&r=g\",\"caption\":\"Cl\u00faster Log\u00edstic de Catalunya\"},\"description\":\"Alineem estrat\u00e8gies i sumar esfor\u00e7os per potenciar l'activitat industrial a les pimes | Alineamos estrategias y sumar esfuerzos para potenciar la actividad industrial en las pymes.\",\"url\":\"https:\\\/\\\/clusterlogistic.org\\\/es\\\/author\\\/pilar-minguez\\\/\"}]}<\/script>\n<!-- \/ Yoast SEO plugin. -->","yoast_head_json":{"title":"El Nereus Highway llega a Barcelona marcando un hito en sostenibilidad - Cl\u00faster Log\u00edstic de Catalunya","robots":{"index":"index","follow":"follow","max-snippet":"max-snippet:-1","max-image-preview":"max-image-preview:large","max-video-preview":"max-video-preview:-1"},"canonical":"https:\/\/clusterlogistic.org\/es\/el-nereus-highway-llega-a-barcelona-marcando-un-hito-en-sostenibilidad\/","og_locale":"es_ES","og_type":"article","og_title":"El Nereus Highway llega a Barcelona marcando un hito en sostenibilidad - Cl\u00faster Log\u00edstic de Catalunya","og_description":"El puerto de Barcelona ha sido testigo de la escala inaugural del Nereus Highway, un barco 100% propulsado por gas natural licuado (GNL). Esta incorporaci\u00f3n a la flota de K Line, representada en Espa\u00f1a por Berg\u00e9, marca un paso firme hacia un transporte mar\u00edtimo m\u00e1s sostenible, acorde con los est\u00e1ndares ecol\u00f3gicos actuales. Innovaci\u00f3n en el [&hellip;]","og_url":"https:\/\/clusterlogistic.org\/es\/el-nereus-highway-llega-a-barcelona-marcando-un-hito-en-sostenibilidad\/","og_site_name":"Cl\u00faster Log\u00edstic de Catalunya","article_published_time":"2024-11-01T07:00:27+00:00","article_modified_time":"2024-11-18T19:12:37+00:00","og_image":[{"width":1024,"height":680,"url":"https:\/\/clusterlogistic.org\/wp-content\/uploads\/2024\/11\/K-Line-lleva-a-Barcelona-su-nuevo-barco-100.jpg","type":"image\/jpeg"}],"author":"Cl\u00faster Log\u00edstic de Catalunya","twitter_card":"summary_large_image","twitter_misc":{"Escrito por":"Cl\u00faster Log\u00edstic de Catalunya","Tiempo de lectura":"2 minutos"},"schema":{"@context":"https:\/\/schema.org","@graph":[{"@type":"Article","@id":"https:\/\/clusterlogistic.org\/es\/el-nereus-highway-llega-a-barcelona-marcando-un-hito-en-sostenibilidad\/#article","isPartOf":{"@id":"https:\/\/clusterlogistic.org\/es\/el-nereus-highway-llega-a-barcelona-marcando-un-hito-en-sostenibilidad\/"},"author":{"name":"Cl\u00faster Log\u00edstic de Catalunya","@id":"https:\/\/clusterlogistic.org\/es\/#\/schema\/person\/2f968404d010f4cfb1fb1faa4cc8cd64"},"headline":"El Nereus Highway llega a Barcelona marcando un hito en sostenibilidad","datePublished":"2024-11-01T07:00:27+00:00","dateModified":"2024-11-18T19:12:37+00:00","mainEntityOfPage":{"@id":"https:\/\/clusterlogistic.org\/es\/el-nereus-highway-llega-a-barcelona-marcando-un-hito-en-sostenibilidad\/"},"wordCount":464,"publisher":{"@id":"https:\/\/clusterlogistic.org\/es\/#organization"},"image":{"@id":"https:\/\/clusterlogistic.org\/es\/el-nereus-highway-llega-a-barcelona-marcando-un-hito-en-sostenibilidad\/#primaryimage"},"thumbnailUrl":"https:\/\/clusterlogistic.org\/wp-content\/uploads\/2024\/11\/K-Line-lleva-a-Barcelona-su-nuevo-barco-100.jpg","articleSection":["Actualidad"],"inLanguage":"es"},{"@type":"WebPage","@id":"https:\/\/clusterlogistic.org\/es\/el-nereus-highway-llega-a-barcelona-marcando-un-hito-en-sostenibilidad\/","url":"https:\/\/clusterlogistic.org\/es\/el-nereus-highway-llega-a-barcelona-marcando-un-hito-en-sostenibilidad\/","name":"El Nereus Highway llega a Barcelona marcando un hito en sostenibilidad - Cl\u00faster Log\u00edstic de Catalunya","isPartOf":{"@id":"https:\/\/clusterlogistic.org\/es\/#website"},"primaryImageOfPage":{"@id":"https:\/\/clusterlogistic.org\/es\/el-nereus-highway-llega-a-barcelona-marcando-un-hito-en-sostenibilidad\/#primaryimage"},"image":{"@id":"https:\/\/clusterlogistic.org\/es\/el-nereus-highway-llega-a-barcelona-marcando-un-hito-en-sostenibilidad\/#primaryimage"},"thumbnailUrl":"https:\/\/clusterlogistic.org\/wp-content\/uploads\/2024\/11\/K-Line-lleva-a-Barcelona-su-nuevo-barco-100.jpg","datePublished":"2024-11-01T07:00:27+00:00","dateModified":"2024-11-18T19:12:37+00:00","breadcrumb":{"@id":"https:\/\/clusterlogistic.org\/es\/el-nereus-highway-llega-a-barcelona-marcando-un-hito-en-sostenibilidad\/#breadcrumb"},"inLanguage":"es","potentialAction":[{"@type":"ReadAction","target":["https:\/\/clusterlogistic.org\/es\/el-nereus-highway-llega-a-barcelona-marcando-un-hito-en-sostenibilidad\/"]}]},{"@type":"ImageObject","inLanguage":"es","@id":"https:\/\/clusterlogistic.org\/es\/el-nereus-highway-llega-a-barcelona-marcando-un-hito-en-sostenibilidad\/#primaryimage","url":"https:\/\/clusterlogistic.org\/wp-content\/uploads\/2024\/11\/K-Line-lleva-a-Barcelona-su-nuevo-barco-100.jpg","contentUrl":"https:\/\/clusterlogistic.org\/wp-content\/uploads\/2024\/11\/K-Line-lleva-a-Barcelona-su-nuevo-barco-100.jpg","width":1024,"height":680,"caption":"K Line lleva a Barcelona su nuevo barco 100%"},{"@type":"BreadcrumbList","@id":"https:\/\/clusterlogistic.org\/es\/el-nereus-highway-llega-a-barcelona-marcando-un-hito-en-sostenibilidad\/#breadcrumb","itemListElement":[{"@type":"ListItem","position":1,"name":"Portada","item":"https:\/\/clusterlogistic.org\/es\/"},{"@type":"ListItem","position":2,"name":"El Nereus Highway llega a Barcelona marcando un hito en sostenibilidad"}]},{"@type":"WebSite","@id":"https:\/\/clusterlogistic.org\/es\/#website","url":"https:\/\/clusterlogistic.org\/es\/","name":"Cl\u00faster Log\u00edstic de Catalunya","description":"associaci\u00f3 sense \u00e0nim de lucre","publisher":{"@id":"https:\/\/clusterlogistic.org\/es\/#organization"},"potentialAction":[{"@type":"SearchAction","target":{"@type":"EntryPoint","urlTemplate":"https:\/\/clusterlogistic.org\/es\/?s={search_term_string}"},"query-input":{"@type":"PropertyValueSpecification","valueRequired":true,"valueName":"search_term_string"}}],"inLanguage":"es"},{"@type":"Organization","@id":"https:\/\/clusterlogistic.org\/es\/#organization","name":"Cl\u00faster Log\u00edstic de Catalunya","url":"https:\/\/clusterlogistic.org\/es\/","logo":{"@type":"ImageObject","inLanguage":"es","@id":"https:\/\/clusterlogistic.org\/es\/#\/schema\/logo\/image\/","url":"https:\/\/clusterlogistic.org\/wp-content\/uploads\/2017\/07\/cropped-Logo-CL-llegenda-gran.jpg","contentUrl":"https:\/\/clusterlogistic.org\/wp-content\/uploads\/2017\/07\/cropped-Logo-CL-llegenda-gran.jpg","width":512,"height":512,"caption":"Cl\u00faster Log\u00edstic de Catalunya"},"image":{"@id":"https:\/\/clusterlogistic.org\/es\/#\/schema\/logo\/image\/"}},{"@type":"Person","@id":"https:\/\/clusterlogistic.org\/es\/#\/schema\/person\/2f968404d010f4cfb1fb1faa4cc8cd64","name":"Cl\u00faster Log\u00edstic de Catalunya","image":{"@type":"ImageObject","inLanguage":"es","@id":"https:\/\/secure.gravatar.com\/avatar\/d70e6dad54fc96678ebb563883ef31c8b8b0a127bb640252f5ba3696ded226fe?s=96&d=mm&r=g","url":"https:\/\/secure.gravatar.com\/avatar\/d70e6dad54fc96678ebb563883ef31c8b8b0a127bb640252f5ba3696ded226fe?s=96&d=mm&r=g","contentUrl":"https:\/\/secure.gravatar.com\/avatar\/d70e6dad54fc96678ebb563883ef31c8b8b0a127bb640252f5ba3696ded226fe?s=96&d=mm&r=g","caption":"Cl\u00faster Log\u00edstic de Catalunya"},"description":"Alineem estrat\u00e8gies i sumar esfor\u00e7os per potenciar l'activitat industrial a les pimes | Alineamos estrategias y sumar esfuerzos para potenciar la actividad industrial en las pymes.","url":"https:\/\/clusterlogistic.org\/es\/author\/pilar-minguez\/"}]}},"_links":{"self":[{"href":"https:\/\/clusterlogistic.org\/es\/wp-json\/wp\/v2\/posts\/8751","targetHints":{"allow":["GET"]}}],"collection":[{"href":"https:\/\/clusterlogistic.org\/es\/wp-json\/wp\/v2\/posts"}],"about":[{"href":"https:\/\/clusterlogistic.org\/es\/wp-json\/wp\/v2\/types\/post"}],"author":[{"embeddable":true,"href":"https:\/\/clusterlogistic.org\/es\/wp-json\/wp\/v2\/users\/3"}],"replies":[{"embeddable":true,"href":"https:\/\/clusterlogistic.org\/es\/wp-json\/wp\/v2\/comments?post=8751"}],"version-history":[{"count":2,"href":"https:\/\/clusterlogistic.org\/es\/wp-json\/wp\/v2\/posts\/8751\/revisions"}],"predecessor-version":[{"id":8779,"href":"https:\/\/clusterlogistic.org\/es\/wp-json\/wp\/v2\/posts\/8751\/revisions\/8779"}],"wp:featuredmedia":[{"embeddable":true,"href":"https:\/\/clusterlogistic.org\/es\/wp-json\/wp\/v2\/media\/8752"}],"wp:attachment":[{"href":"https:\/\/clusterlogistic.org\/es\/wp-json\/wp\/v2\/media?parent=8751"}],"wp:term":[{"taxonomy":"category","embeddable":true,"href":"https:\/\/clusterlogistic.org\/es\/wp-json\/wp\/v2\/categories?post=8751"},{"taxonomy":"post_tag","embeddable":true,"href":"https:\/\/clusterlogistic.org\/es\/wp-json\/wp\/v2\/tags?post=8751"}],"curies":[{"name":"wp","href":"https:\/\/api.w.org\/{rel}","templated":true}]}}