{"id":8795,"date":"2024-11-22T08:00:17","date_gmt":"2024-11-22T06:00:17","guid":{"rendered":"https:\/\/clusterlogistic.org\/?p=8795"},"modified":"2024-11-21T19:47:28","modified_gmt":"2024-11-21T17:47:28","slug":"el-reto-del-e-commerce-en-supermercados-catalanes","status":"publish","type":"post","link":"https:\/\/clusterlogistic.org\/es\/el-reto-del-e-commerce-en-supermercados-catalanes\/","title":{"rendered":"El reto del e-commerce en supermercados catalanes"},"content":{"rendered":"<p>El comercio electr\u00f3nico en el sector de los supermercados no deja de evolucionar, y Catalu\u00f1a es un ejemplo claro de c\u00f3mo la competencia y las expectativas del consumidor moldean el mercado. La inmediatez, la flexibilidad horaria y el coste son los pilares que definen la experiencia de compra online. Un reciente an\u00e1lisis de la plataforma de entregas colaborativas Shopopop revela diferencias interesantes entre las principales cadenas que operan en la regi\u00f3n, como Carrefour, DIA, Bonpreu, Caprabo y Bon\u00c0rea.<\/p>\n<p><img loading=\"lazy\" decoding=\"async\" class=\"alignnone size-full wp-image-8796\" src=\"https:\/\/clusterlogistic.org\/wp-content\/uploads\/2024\/11\/El-reto-del-e-commerce-en-supermercados-catalanes.jpg\" alt=\"El reto del e-commerce en supermercados catalanes\" width=\"1000\" height=\"667\" srcset=\"https:\/\/clusterlogistic.org\/wp-content\/uploads\/2024\/11\/El-reto-del-e-commerce-en-supermercados-catalanes.jpg 1000w, https:\/\/clusterlogistic.org\/wp-content\/uploads\/2024\/11\/El-reto-del-e-commerce-en-supermercados-catalanes-300x200.jpg 300w, https:\/\/clusterlogistic.org\/wp-content\/uploads\/2024\/11\/El-reto-del-e-commerce-en-supermercados-catalanes-768x512.jpg 768w, https:\/\/clusterlogistic.org\/wp-content\/uploads\/2024\/11\/El-reto-del-e-commerce-en-supermercados-catalanes-705x470.jpg 705w\" sizes=\"auto, (max-width: 1000px) 100vw, 1000px\" \/><\/p>\n<h2><strong>La rapidez como clave para destacar<\/strong><\/h2>\n<p>En un mundo donde el tiempo es oro, <strong>DIA lidera como el \u00fanico supermercado que permite entregas el mismo d\u00eda en Catalu\u00f1a<\/strong>. Esto le otorga una ventaja competitiva significativa, sobre todo para quienes buscan inmediatez. Consumidores con agendas apretadas valoran especialmente esta opci\u00f3n, que contrasta con la de Bonpreu, Caprabo y Bon\u00c0rea, que solo garantizan entregas al d\u00eda siguiente. Carrefour, por su parte, extiende el plazo hasta dos d\u00edas, un tiempo que puede ser poco competitivo para quienes esperan conveniencia inmediata.<\/p>\n<p>Las cadenas que no prioricen la rapidez corren el riesgo de quedar relegadas, especialmente ante un cliente que busca soluciones r\u00e1pidas y pr\u00e1cticas. <strong>La inmediatez no es un lujo, es una expectativa creciente.<\/strong><\/p>\n<h2><strong>Flexibilidad horaria y entregas en fin de semana<\/strong><\/h2>\n<p>La disponibilidad horaria tambi\u00e9n pesa en la decisi\u00f3n del consumidor. <strong>Bonpreu se posiciona como el supermercado m\u00e1s flexible<\/strong>, con entregas todos los d\u00edas de la semana, incluidos los domingos, y horarios amplios desde las 7:00 hasta las 22:00 horas. Esta amplitud permite a los compradores organizarse sin depender de restricciones horarias.<\/p>\n<p>En el otro extremo, Bon\u00c0rea limita las entregas de lunes a s\u00e1bado y hasta las 16:00 horas, lo que podr\u00eda ser un inconveniente para quienes realizan compras despu\u00e9s de su jornada laboral. DIA y Caprabo ofrecen franjas de una o dos horas, pero no operan los domingos, mientras que Carrefour mantiene esta misma limitaci\u00f3n, dejando un importante vac\u00edo en la cobertura de fines de semana.<\/p>\n<p><strong>El servicio dominical es un punto clave de diferenciaci\u00f3n.<\/strong> Bonpreu aprovecha esta ventaja, satisfaciendo a un segmento que prefiere realizar compras en d\u00edas no laborables. Las dem\u00e1s cadenas tienen aqu\u00ed un margen de mejora evidente.<\/p>\n<h2><strong>El coste de entrega y su impacto en la decisi\u00f3n<\/strong><\/h2>\n<p>El precio siempre juega un papel determinante. DIA ofrece una estrategia atractiva con tarifas competitivas de 4,99 euros por entrega, adem\u00e1s de env\u00edo gratuito para pedidos superiores a 100 euros. <strong>Este enfoque puede captar a consumidores sensibles al precio sin sacrificar volumen de compra.<\/strong><\/p>\n<p>Bonpreu, aunque tiene costes que oscilan entre 3,50 y 6,95 euros, apuesta por la fidelidad, regalando las primeras cinco entregas. Carrefour, en cambio, aplica la tarifa m\u00e1s alta de 7,99 euros, compensada con env\u00edo gratuito a partir de 120 euros. Caprabo y Bon\u00c0rea tienen tarifas similares a las de Bonpreu, pero elevan los umbrales para obtener la gratuidad.<\/p>\n<p>Esta diversidad de precios refleja estrategias diferentes: desde incentivar compras en volumen hasta premiar la repetici\u00f3n. <strong>El equilibrio entre precio y calidad ser\u00e1 un factor decisivo para ganar terreno en este segmento.<\/strong><\/p>\n<h2><strong>M\u00e1s all\u00e1 de la entrega: servicios complementarios<\/strong><\/h2>\n<p>Algunas cadenas est\u00e1n ampliando su propuesta para mejorar la experiencia del usuario. Por ejemplo, Bon\u00c0rea adopta bloques de entrega m\u00e1s largos, de hasta tres horas, lo que puede ajustarse mejor a ciertos estilos de vida. Bonpreu, en cambio, opta por intervalos de una hora, ideales para quienes buscan precisi\u00f3n.<\/p>\n<p>Caprabo combina horarios flexibles con un cat\u00e1logo online diverso, mientras que Carrefour compensa sus tarifas m\u00e1s altas con una de las mayores variedades de productos disponibles. <strong>Estas caracter\u00edsticas adicionales pueden ser el punto de inflexi\u00f3n en la preferencia del consumidor.<\/strong><\/p>\n<h2><strong>La batalla por liderar un mercado competitivo<\/strong><\/h2>\n<p>El estudio de Shopopop deja claro que la entrega r\u00e1pida y la flexibilidad horaria son factores cruciales en el comercio electr\u00f3nico de supermercados. DIA y Bonpreu destacan en estos aspectos, mientras que Carrefour, Bon\u00c0rea y Caprabo tienen espacio para innovar y ajustarse a las demandas actuales.<\/p>\n<p>Adem\u00e1s, la entrada de plataformas colaborativas como Shopopop plantea un nuevo escenario. <strong>Estas soluciones pueden complementar los servicios tradicionales y ayudar a las cadenas a ampliar su alcance sin aumentar significativamente sus costes operativos.<\/strong><\/p>\n<p>El mercado en Catalu\u00f1a refleja una tendencia m\u00e1s amplia: los consumidores exigen comodidad, flexibilidad y precios competitivos. Las cadenas que logren equilibrar estos factores no solo sobrevivir\u00e1n, sino que liderar\u00e1n el sector.<\/p>\n<h2><strong>Innovaci\u00f3n como camino hacia el futuro<\/strong><\/h2>\n<p>La competencia en el comercio electr\u00f3nico no se detiene, y cada cadena tiene fortalezas \u00fanicas para aprovechar. <strong>La rapidez de DIA, la flexibilidad horaria de Bonpreu y la variedad de productos de Carrefour<\/strong> son ejemplos de estrategias que pueden marcar la diferencia. Sin embargo, la capacidad de adaptarse a las expectativas cambiantes ser\u00e1 el verdadero indicador de \u00e9xito.<\/p>\n<p>El futuro del comercio electr\u00f3nico en supermercados catalanes ser\u00e1 definido por aquellos que puedan ofrecer soluciones completas, desde rapidez y precios competitivos hasta servicios innovadores que respondan a un consumidor cada vez m\u00e1s exigente.<\/p>\n","protected":false},"excerpt":{"rendered":"<p>El comercio electr\u00f3nico en el sector de los supermercados no deja de evolucionar, y Catalu\u00f1a es un ejemplo claro de c\u00f3mo la competencia y las expectativas del consumidor moldean el mercado. La inmediatez, la flexibilidad horaria y el coste son los pilares que definen la experiencia de compra online. Un reciente an\u00e1lisis de la plataforma [&hellip;]<\/p>\n","protected":false},"author":3,"featured_media":8796,"comment_status":"closed","ping_status":"closed","sticky":false,"template":"","format":"standard","meta":{"footnotes":""},"categories":[16],"tags":[],"class_list":["post-8795","post","type-post","status-publish","format-standard","has-post-thumbnail","hentry","category-actualidad"],"yoast_head":"<!-- This site is optimized with the Yoast SEO plugin v27.4 - https:\/\/yoast.com\/product\/yoast-seo-wordpress\/ -->\n<title>El reto del e-commerce en supermercados catalanes - Cl\u00faster Log\u00edstic de Catalunya<\/title>\n<meta name=\"robots\" content=\"index, follow, max-snippet:-1, max-image-preview:large, max-video-preview:-1\" \/>\n<link rel=\"canonical\" href=\"https:\/\/clusterlogistic.org\/es\/el-reto-del-e-commerce-en-supermercados-catalanes\/\" \/>\n<meta property=\"og:locale\" content=\"es_ES\" \/>\n<meta property=\"og:type\" content=\"article\" \/>\n<meta property=\"og:title\" content=\"El reto del e-commerce en supermercados catalanes - Cl\u00faster Log\u00edstic de Catalunya\" \/>\n<meta property=\"og:description\" content=\"El comercio electr\u00f3nico en el sector de los supermercados no deja de evolucionar, y Catalu\u00f1a es un ejemplo claro de c\u00f3mo la competencia y las expectativas del consumidor moldean el mercado. La inmediatez, la flexibilidad horaria y el coste son los pilares que definen la experiencia de compra online. Un reciente an\u00e1lisis de la plataforma [&hellip;]\" \/>\n<meta property=\"og:url\" content=\"https:\/\/clusterlogistic.org\/es\/el-reto-del-e-commerce-en-supermercados-catalanes\/\" \/>\n<meta property=\"og:site_name\" content=\"Cl\u00faster Log\u00edstic de Catalunya\" \/>\n<meta property=\"article:published_time\" content=\"2024-11-22T06:00:17+00:00\" \/>\n<meta property=\"og:image\" content=\"https:\/\/clusterlogistic.org\/wp-content\/uploads\/2024\/11\/El-reto-del-e-commerce-en-supermercados-catalanes.jpg\" \/>\n\t<meta property=\"og:image:width\" content=\"1000\" \/>\n\t<meta property=\"og:image:height\" content=\"667\" \/>\n\t<meta property=\"og:image:type\" content=\"image\/jpeg\" \/>\n<meta name=\"author\" content=\"Cl\u00faster Log\u00edstic de Catalunya\" \/>\n<meta name=\"twitter:card\" content=\"summary_large_image\" \/>\n<meta name=\"twitter:label1\" content=\"Escrito por\" \/>\n\t<meta name=\"twitter:data1\" content=\"Cl\u00faster Log\u00edstic de Catalunya\" \/>\n\t<meta name=\"twitter:label2\" content=\"Tiempo de lectura\" \/>\n\t<meta name=\"twitter:data2\" content=\"4 minutos\" \/>\n<script type=\"application\/ld+json\" class=\"yoast-schema-graph\">{\"@context\":\"https:\\\/\\\/schema.org\",\"@graph\":[{\"@type\":\"Article\",\"@id\":\"https:\\\/\\\/clusterlogistic.org\\\/es\\\/el-reto-del-e-commerce-en-supermercados-catalanes\\\/#article\",\"isPartOf\":{\"@id\":\"https:\\\/\\\/clusterlogistic.org\\\/es\\\/el-reto-del-e-commerce-en-supermercados-catalanes\\\/\"},\"author\":{\"name\":\"Cl\u00faster Log\u00edstic de Catalunya\",\"@id\":\"https:\\\/\\\/clusterlogistic.org\\\/es\\\/#\\\/schema\\\/person\\\/2f968404d010f4cfb1fb1faa4cc8cd64\"},\"headline\":\"El reto del e-commerce en supermercados catalanes\",\"datePublished\":\"2024-11-22T06:00:17+00:00\",\"mainEntityOfPage\":{\"@id\":\"https:\\\/\\\/clusterlogistic.org\\\/es\\\/el-reto-del-e-commerce-en-supermercados-catalanes\\\/\"},\"wordCount\":867,\"publisher\":{\"@id\":\"https:\\\/\\\/clusterlogistic.org\\\/es\\\/#organization\"},\"image\":{\"@id\":\"https:\\\/\\\/clusterlogistic.org\\\/es\\\/el-reto-del-e-commerce-en-supermercados-catalanes\\\/#primaryimage\"},\"thumbnailUrl\":\"https:\\\/\\\/clusterlogistic.org\\\/wp-content\\\/uploads\\\/2024\\\/11\\\/El-reto-del-e-commerce-en-supermercados-catalanes.jpg\",\"articleSection\":[\"Actualidad\"],\"inLanguage\":\"es\"},{\"@type\":\"WebPage\",\"@id\":\"https:\\\/\\\/clusterlogistic.org\\\/es\\\/el-reto-del-e-commerce-en-supermercados-catalanes\\\/\",\"url\":\"https:\\\/\\\/clusterlogistic.org\\\/es\\\/el-reto-del-e-commerce-en-supermercados-catalanes\\\/\",\"name\":\"El reto del e-commerce en supermercados catalanes - Cl\u00faster Log\u00edstic de Catalunya\",\"isPartOf\":{\"@id\":\"https:\\\/\\\/clusterlogistic.org\\\/es\\\/#website\"},\"primaryImageOfPage\":{\"@id\":\"https:\\\/\\\/clusterlogistic.org\\\/es\\\/el-reto-del-e-commerce-en-supermercados-catalanes\\\/#primaryimage\"},\"image\":{\"@id\":\"https:\\\/\\\/clusterlogistic.org\\\/es\\\/el-reto-del-e-commerce-en-supermercados-catalanes\\\/#primaryimage\"},\"thumbnailUrl\":\"https:\\\/\\\/clusterlogistic.org\\\/wp-content\\\/uploads\\\/2024\\\/11\\\/El-reto-del-e-commerce-en-supermercados-catalanes.jpg\",\"datePublished\":\"2024-11-22T06:00:17+00:00\",\"breadcrumb\":{\"@id\":\"https:\\\/\\\/clusterlogistic.org\\\/es\\\/el-reto-del-e-commerce-en-supermercados-catalanes\\\/#breadcrumb\"},\"inLanguage\":\"es\",\"potentialAction\":[{\"@type\":\"ReadAction\",\"target\":[\"https:\\\/\\\/clusterlogistic.org\\\/es\\\/el-reto-del-e-commerce-en-supermercados-catalanes\\\/\"]}]},{\"@type\":\"ImageObject\",\"inLanguage\":\"es\",\"@id\":\"https:\\\/\\\/clusterlogistic.org\\\/es\\\/el-reto-del-e-commerce-en-supermercados-catalanes\\\/#primaryimage\",\"url\":\"https:\\\/\\\/clusterlogistic.org\\\/wp-content\\\/uploads\\\/2024\\\/11\\\/El-reto-del-e-commerce-en-supermercados-catalanes.jpg\",\"contentUrl\":\"https:\\\/\\\/clusterlogistic.org\\\/wp-content\\\/uploads\\\/2024\\\/11\\\/El-reto-del-e-commerce-en-supermercados-catalanes.jpg\",\"width\":1000,\"height\":667,\"caption\":\"El reto del e-commerce en supermercados catalanes\"},{\"@type\":\"BreadcrumbList\",\"@id\":\"https:\\\/\\\/clusterlogistic.org\\\/es\\\/el-reto-del-e-commerce-en-supermercados-catalanes\\\/#breadcrumb\",\"itemListElement\":[{\"@type\":\"ListItem\",\"position\":1,\"name\":\"Portada\",\"item\":\"https:\\\/\\\/clusterlogistic.org\\\/es\\\/\"},{\"@type\":\"ListItem\",\"position\":2,\"name\":\"El reto del e-commerce en supermercados catalanes\"}]},{\"@type\":\"WebSite\",\"@id\":\"https:\\\/\\\/clusterlogistic.org\\\/es\\\/#website\",\"url\":\"https:\\\/\\\/clusterlogistic.org\\\/es\\\/\",\"name\":\"Cl\u00faster Log\u00edstic de Catalunya\",\"description\":\"associaci\u00f3 sense \u00e0nim de lucre\",\"publisher\":{\"@id\":\"https:\\\/\\\/clusterlogistic.org\\\/es\\\/#organization\"},\"potentialAction\":[{\"@type\":\"SearchAction\",\"target\":{\"@type\":\"EntryPoint\",\"urlTemplate\":\"https:\\\/\\\/clusterlogistic.org\\\/es\\\/?s={search_term_string}\"},\"query-input\":{\"@type\":\"PropertyValueSpecification\",\"valueRequired\":true,\"valueName\":\"search_term_string\"}}],\"inLanguage\":\"es\"},{\"@type\":\"Organization\",\"@id\":\"https:\\\/\\\/clusterlogistic.org\\\/es\\\/#organization\",\"name\":\"Cl\u00faster Log\u00edstic de Catalunya\",\"url\":\"https:\\\/\\\/clusterlogistic.org\\\/es\\\/\",\"logo\":{\"@type\":\"ImageObject\",\"inLanguage\":\"es\",\"@id\":\"https:\\\/\\\/clusterlogistic.org\\\/es\\\/#\\\/schema\\\/logo\\\/image\\\/\",\"url\":\"https:\\\/\\\/clusterlogistic.org\\\/wp-content\\\/uploads\\\/2017\\\/07\\\/cropped-Logo-CL-llegenda-gran.jpg\",\"contentUrl\":\"https:\\\/\\\/clusterlogistic.org\\\/wp-content\\\/uploads\\\/2017\\\/07\\\/cropped-Logo-CL-llegenda-gran.jpg\",\"width\":512,\"height\":512,\"caption\":\"Cl\u00faster Log\u00edstic de Catalunya\"},\"image\":{\"@id\":\"https:\\\/\\\/clusterlogistic.org\\\/es\\\/#\\\/schema\\\/logo\\\/image\\\/\"}},{\"@type\":\"Person\",\"@id\":\"https:\\\/\\\/clusterlogistic.org\\\/es\\\/#\\\/schema\\\/person\\\/2f968404d010f4cfb1fb1faa4cc8cd64\",\"name\":\"Cl\u00faster Log\u00edstic de Catalunya\",\"image\":{\"@type\":\"ImageObject\",\"inLanguage\":\"es\",\"@id\":\"https:\\\/\\\/secure.gravatar.com\\\/avatar\\\/d70e6dad54fc96678ebb563883ef31c8b8b0a127bb640252f5ba3696ded226fe?s=96&d=mm&r=g\",\"url\":\"https:\\\/\\\/secure.gravatar.com\\\/avatar\\\/d70e6dad54fc96678ebb563883ef31c8b8b0a127bb640252f5ba3696ded226fe?s=96&d=mm&r=g\",\"contentUrl\":\"https:\\\/\\\/secure.gravatar.com\\\/avatar\\\/d70e6dad54fc96678ebb563883ef31c8b8b0a127bb640252f5ba3696ded226fe?s=96&d=mm&r=g\",\"caption\":\"Cl\u00faster Log\u00edstic de Catalunya\"},\"description\":\"Alineem estrat\u00e8gies i sumar esfor\u00e7os per potenciar l'activitat industrial a les pimes | Alineamos estrategias y sumar esfuerzos para potenciar la actividad industrial en las pymes.\",\"url\":\"https:\\\/\\\/clusterlogistic.org\\\/es\\\/author\\\/pilar-minguez\\\/\"}]}<\/script>\n<!-- \/ Yoast SEO plugin. -->","yoast_head_json":{"title":"El reto del e-commerce en supermercados catalanes - Cl\u00faster Log\u00edstic de Catalunya","robots":{"index":"index","follow":"follow","max-snippet":"max-snippet:-1","max-image-preview":"max-image-preview:large","max-video-preview":"max-video-preview:-1"},"canonical":"https:\/\/clusterlogistic.org\/es\/el-reto-del-e-commerce-en-supermercados-catalanes\/","og_locale":"es_ES","og_type":"article","og_title":"El reto del e-commerce en supermercados catalanes - Cl\u00faster Log\u00edstic de Catalunya","og_description":"El comercio electr\u00f3nico en el sector de los supermercados no deja de evolucionar, y Catalu\u00f1a es un ejemplo claro de c\u00f3mo la competencia y las expectativas del consumidor moldean el mercado. La inmediatez, la flexibilidad horaria y el coste son los pilares que definen la experiencia de compra online. Un reciente an\u00e1lisis de la plataforma [&hellip;]","og_url":"https:\/\/clusterlogistic.org\/es\/el-reto-del-e-commerce-en-supermercados-catalanes\/","og_site_name":"Cl\u00faster Log\u00edstic de Catalunya","article_published_time":"2024-11-22T06:00:17+00:00","og_image":[{"width":1000,"height":667,"url":"https:\/\/clusterlogistic.org\/wp-content\/uploads\/2024\/11\/El-reto-del-e-commerce-en-supermercados-catalanes.jpg","type":"image\/jpeg"}],"author":"Cl\u00faster Log\u00edstic de Catalunya","twitter_card":"summary_large_image","twitter_misc":{"Escrito por":"Cl\u00faster Log\u00edstic de Catalunya","Tiempo de lectura":"4 minutos"},"schema":{"@context":"https:\/\/schema.org","@graph":[{"@type":"Article","@id":"https:\/\/clusterlogistic.org\/es\/el-reto-del-e-commerce-en-supermercados-catalanes\/#article","isPartOf":{"@id":"https:\/\/clusterlogistic.org\/es\/el-reto-del-e-commerce-en-supermercados-catalanes\/"},"author":{"name":"Cl\u00faster Log\u00edstic de Catalunya","@id":"https:\/\/clusterlogistic.org\/es\/#\/schema\/person\/2f968404d010f4cfb1fb1faa4cc8cd64"},"headline":"El reto del e-commerce en supermercados catalanes","datePublished":"2024-11-22T06:00:17+00:00","mainEntityOfPage":{"@id":"https:\/\/clusterlogistic.org\/es\/el-reto-del-e-commerce-en-supermercados-catalanes\/"},"wordCount":867,"publisher":{"@id":"https:\/\/clusterlogistic.org\/es\/#organization"},"image":{"@id":"https:\/\/clusterlogistic.org\/es\/el-reto-del-e-commerce-en-supermercados-catalanes\/#primaryimage"},"thumbnailUrl":"https:\/\/clusterlogistic.org\/wp-content\/uploads\/2024\/11\/El-reto-del-e-commerce-en-supermercados-catalanes.jpg","articleSection":["Actualidad"],"inLanguage":"es"},{"@type":"WebPage","@id":"https:\/\/clusterlogistic.org\/es\/el-reto-del-e-commerce-en-supermercados-catalanes\/","url":"https:\/\/clusterlogistic.org\/es\/el-reto-del-e-commerce-en-supermercados-catalanes\/","name":"El reto del e-commerce en supermercados catalanes - Cl\u00faster Log\u00edstic de Catalunya","isPartOf":{"@id":"https:\/\/clusterlogistic.org\/es\/#website"},"primaryImageOfPage":{"@id":"https:\/\/clusterlogistic.org\/es\/el-reto-del-e-commerce-en-supermercados-catalanes\/#primaryimage"},"image":{"@id":"https:\/\/clusterlogistic.org\/es\/el-reto-del-e-commerce-en-supermercados-catalanes\/#primaryimage"},"thumbnailUrl":"https:\/\/clusterlogistic.org\/wp-content\/uploads\/2024\/11\/El-reto-del-e-commerce-en-supermercados-catalanes.jpg","datePublished":"2024-11-22T06:00:17+00:00","breadcrumb":{"@id":"https:\/\/clusterlogistic.org\/es\/el-reto-del-e-commerce-en-supermercados-catalanes\/#breadcrumb"},"inLanguage":"es","potentialAction":[{"@type":"ReadAction","target":["https:\/\/clusterlogistic.org\/es\/el-reto-del-e-commerce-en-supermercados-catalanes\/"]}]},{"@type":"ImageObject","inLanguage":"es","@id":"https:\/\/clusterlogistic.org\/es\/el-reto-del-e-commerce-en-supermercados-catalanes\/#primaryimage","url":"https:\/\/clusterlogistic.org\/wp-content\/uploads\/2024\/11\/El-reto-del-e-commerce-en-supermercados-catalanes.jpg","contentUrl":"https:\/\/clusterlogistic.org\/wp-content\/uploads\/2024\/11\/El-reto-del-e-commerce-en-supermercados-catalanes.jpg","width":1000,"height":667,"caption":"El reto del e-commerce en supermercados catalanes"},{"@type":"BreadcrumbList","@id":"https:\/\/clusterlogistic.org\/es\/el-reto-del-e-commerce-en-supermercados-catalanes\/#breadcrumb","itemListElement":[{"@type":"ListItem","position":1,"name":"Portada","item":"https:\/\/clusterlogistic.org\/es\/"},{"@type":"ListItem","position":2,"name":"El reto del e-commerce en supermercados catalanes"}]},{"@type":"WebSite","@id":"https:\/\/clusterlogistic.org\/es\/#website","url":"https:\/\/clusterlogistic.org\/es\/","name":"Cl\u00faster Log\u00edstic de Catalunya","description":"associaci\u00f3 sense \u00e0nim de lucre","publisher":{"@id":"https:\/\/clusterlogistic.org\/es\/#organization"},"potentialAction":[{"@type":"SearchAction","target":{"@type":"EntryPoint","urlTemplate":"https:\/\/clusterlogistic.org\/es\/?s={search_term_string}"},"query-input":{"@type":"PropertyValueSpecification","valueRequired":true,"valueName":"search_term_string"}}],"inLanguage":"es"},{"@type":"Organization","@id":"https:\/\/clusterlogistic.org\/es\/#organization","name":"Cl\u00faster Log\u00edstic de Catalunya","url":"https:\/\/clusterlogistic.org\/es\/","logo":{"@type":"ImageObject","inLanguage":"es","@id":"https:\/\/clusterlogistic.org\/es\/#\/schema\/logo\/image\/","url":"https:\/\/clusterlogistic.org\/wp-content\/uploads\/2017\/07\/cropped-Logo-CL-llegenda-gran.jpg","contentUrl":"https:\/\/clusterlogistic.org\/wp-content\/uploads\/2017\/07\/cropped-Logo-CL-llegenda-gran.jpg","width":512,"height":512,"caption":"Cl\u00faster Log\u00edstic de Catalunya"},"image":{"@id":"https:\/\/clusterlogistic.org\/es\/#\/schema\/logo\/image\/"}},{"@type":"Person","@id":"https:\/\/clusterlogistic.org\/es\/#\/schema\/person\/2f968404d010f4cfb1fb1faa4cc8cd64","name":"Cl\u00faster Log\u00edstic de Catalunya","image":{"@type":"ImageObject","inLanguage":"es","@id":"https:\/\/secure.gravatar.com\/avatar\/d70e6dad54fc96678ebb563883ef31c8b8b0a127bb640252f5ba3696ded226fe?s=96&d=mm&r=g","url":"https:\/\/secure.gravatar.com\/avatar\/d70e6dad54fc96678ebb563883ef31c8b8b0a127bb640252f5ba3696ded226fe?s=96&d=mm&r=g","contentUrl":"https:\/\/secure.gravatar.com\/avatar\/d70e6dad54fc96678ebb563883ef31c8b8b0a127bb640252f5ba3696ded226fe?s=96&d=mm&r=g","caption":"Cl\u00faster Log\u00edstic de Catalunya"},"description":"Alineem estrat\u00e8gies i sumar esfor\u00e7os per potenciar l'activitat industrial a les pimes | Alineamos estrategias y sumar esfuerzos para potenciar la actividad industrial en las pymes.","url":"https:\/\/clusterlogistic.org\/es\/author\/pilar-minguez\/"}]}},"_links":{"self":[{"href":"https:\/\/clusterlogistic.org\/es\/wp-json\/wp\/v2\/posts\/8795","targetHints":{"allow":["GET"]}}],"collection":[{"href":"https:\/\/clusterlogistic.org\/es\/wp-json\/wp\/v2\/posts"}],"about":[{"href":"https:\/\/clusterlogistic.org\/es\/wp-json\/wp\/v2\/types\/post"}],"author":[{"embeddable":true,"href":"https:\/\/clusterlogistic.org\/es\/wp-json\/wp\/v2\/users\/3"}],"replies":[{"embeddable":true,"href":"https:\/\/clusterlogistic.org\/es\/wp-json\/wp\/v2\/comments?post=8795"}],"version-history":[{"count":2,"href":"https:\/\/clusterlogistic.org\/es\/wp-json\/wp\/v2\/posts\/8795\/revisions"}],"predecessor-version":[{"id":8800,"href":"https:\/\/clusterlogistic.org\/es\/wp-json\/wp\/v2\/posts\/8795\/revisions\/8800"}],"wp:featuredmedia":[{"embeddable":true,"href":"https:\/\/clusterlogistic.org\/es\/wp-json\/wp\/v2\/media\/8796"}],"wp:attachment":[{"href":"https:\/\/clusterlogistic.org\/es\/wp-json\/wp\/v2\/media?parent=8795"}],"wp:term":[{"taxonomy":"category","embeddable":true,"href":"https:\/\/clusterlogistic.org\/es\/wp-json\/wp\/v2\/categories?post=8795"},{"taxonomy":"post_tag","embeddable":true,"href":"https:\/\/clusterlogistic.org\/es\/wp-json\/wp\/v2\/tags?post=8795"}],"curies":[{"name":"wp","href":"https:\/\/api.w.org\/{rel}","templated":true}]}}