{"id":9477,"date":"2025-07-11T08:00:21","date_gmt":"2025-07-11T06:00:21","guid":{"rendered":"https:\/\/clusterlogistic.org\/?p=9477"},"modified":"2025-07-24T15:30:34","modified_gmt":"2025-07-24T13:30:34","slug":"consum-acelera-su-expansion-logistica-en-catalunya-con-una-inversion-de-220-millones","status":"publish","type":"post","link":"https:\/\/clusterlogistic.org\/es\/consum-acelera-su-expansion-logistica-en-catalunya-con-una-inversion-de-220-millones\/","title":{"rendered":"Consum acelera su expansi\u00f3n log\u00edstica en Catalunya con una inversi\u00f3n de 220 millones"},"content":{"rendered":"<p data-start=\"293\" data-end=\"770\"><strong data-start=\"293\" data-end=\"372\">La cooperativa de supermercados Consum ha pisado el acelerador en Catalunya<\/strong>. Y no lo hace con t\u00edmidos pasos, sino con una inversi\u00f3n estrat\u00e9gica de <strong data-start=\"444\" data-end=\"480\">220 millones de euros hasta 2027<\/strong>, destinada a reforzar su red comercial y, sobre todo, su infraestructura log\u00edstica en uno de los territorios clave para su negocio. <strong data-start=\"613\" data-end=\"670\">Catalunya ya representa m\u00e1s del 20% de su facturaci\u00f3n<\/strong> y se consolida como su segundo mercado m\u00e1s fuerte tras la Comunitat Valenciana, su lugar de origen.<\/p>\n<p data-start=\"293\" data-end=\"770\"><img loading=\"lazy\" decoding=\"async\" class=\"alignnone size-full wp-image-9478\" src=\"https:\/\/clusterlogistic.org\/wp-content\/uploads\/2025\/07\/Consum.jpg\" alt=\"Consum\" width=\"1000\" height=\"1000\" srcset=\"https:\/\/clusterlogistic.org\/wp-content\/uploads\/2025\/07\/Consum.jpg 1000w, https:\/\/clusterlogistic.org\/wp-content\/uploads\/2025\/07\/Consum-300x300.jpg 300w, https:\/\/clusterlogistic.org\/wp-content\/uploads\/2025\/07\/Consum-80x80.jpg 80w, https:\/\/clusterlogistic.org\/wp-content\/uploads\/2025\/07\/Consum-768x768.jpg 768w, https:\/\/clusterlogistic.org\/wp-content\/uploads\/2025\/07\/Consum-36x36.jpg 36w, https:\/\/clusterlogistic.org\/wp-content\/uploads\/2025\/07\/Consum-180x180.jpg 180w, https:\/\/clusterlogistic.org\/wp-content\/uploads\/2025\/07\/Consum-705x705.jpg 705w\" sizes=\"auto, (max-width: 1000px) 100vw, 1000px\" \/><\/p>\n<h2 data-start=\"772\" data-end=\"818\">M\u00e1s tiendas, m\u00e1s log\u00edstica, m\u00e1s territorio<\/h2>\n<p data-start=\"820\" data-end=\"1189\">El plan presentado por su director general, Antonio Rodr\u00edguez, en Barcelona, deja claro el enfoque dual: <strong data-start=\"925\" data-end=\"972\">crecimiento comercial y expansi\u00f3n log\u00edstica<\/strong>. Por un lado, Consum prev\u00e9 <strong data-start=\"1000\" data-end=\"1033\">abrir 60 nuevos supermercados<\/strong>, de los cuales 18 ser\u00e1n propios bajo la marca Consum, y el resto, franquiciados bajo la ense\u00f1a <strong data-start=\"1129\" data-end=\"1140\">Charter<\/strong>, especializada en formatos urbanos y tur\u00edsticos.<\/p>\n<p data-start=\"1191\" data-end=\"1395\">Por otro, el grueso de la inversi\u00f3n se centrar\u00e1 en la <strong data-start=\"1245\" data-end=\"1317\">ampliaci\u00f3n de su plataforma log\u00edstica en la Zona Franca de Barcelona<\/strong> y el desarrollo de un nuevo gran centro de distribuci\u00f3n en Montcada i Reixac.<\/p>\n<p data-start=\"1397\" data-end=\"1765\">\u201c<strong data-start=\"1398\" data-end=\"1452\">Catalunya es una apuesta firme para la cooperativa<\/strong>. Es un mercado muy competitivo, pero tambi\u00e9n una de las regiones m\u00e1s din\u00e1micas econ\u00f3micamente de Europa\u201d, afirm\u00f3 Rodr\u00edguez. Y raz\u00f3n no le falta: <strong data-start=\"1598\" data-end=\"1674\">la comunidad presenta menor tasa de paro que la media espa\u00f1ola y europea<\/strong>, una econom\u00eda diversificada y un entorno favorable para la log\u00edstica de \u00faltima generaci\u00f3n.<\/p>\n<h2 data-start=\"1767\" data-end=\"1808\">La Zona Franca, n\u00facleo de crecimiento<\/h2>\n<p data-start=\"1810\" data-end=\"1983\">Dentro de los planes a corto y medio plazo, <strong data-start=\"1854\" data-end=\"1963\">la ampliaci\u00f3n de la plataforma log\u00edstica en la Zona Franca de Barcelona es el gran movimiento del tablero<\/strong>. Consum construir\u00e1:<\/p>\n<ul data-start=\"1985\" data-end=\"2330\">\n<li data-start=\"1985\" data-end=\"2026\">\n<p data-start=\"1987\" data-end=\"2026\"><strong data-start=\"1987\" data-end=\"2023\">Una nave refrigerada de 2.700 m\u00b2<\/strong>.<\/p>\n<\/li>\n<li data-start=\"2027\" data-end=\"2137\">\n<p data-start=\"2029\" data-end=\"2137\"><strong data-start=\"2029\" data-end=\"2074\">Un almac\u00e9n con nave de apoyo de 11.500 m\u00b2<\/strong>, que incluir\u00e1 un <strong data-start=\"2092\" data-end=\"2134\">silo automatizado de \u00faltima generaci\u00f3n<\/strong>.<\/p>\n<\/li>\n<li data-start=\"2138\" data-end=\"2219\">\n<p data-start=\"2140\" data-end=\"2219\"><strong data-start=\"2140\" data-end=\"2175\">Una nave adicional de 40.000 m\u00b2<\/strong> para productos refrigerados y congelados.<\/p>\n<\/li>\n<li data-start=\"2220\" data-end=\"2330\">\n<p data-start=\"2222\" data-end=\"2330\"><strong data-start=\"2222\" data-end=\"2276\">Una nave de 8.800 m\u00b2 destinada a log\u00edstica inversa<\/strong>, en l\u00ednea con su compromiso por la econom\u00eda circular.<\/p>\n<\/li>\n<\/ul>\n<p data-start=\"2332\" data-end=\"2714\">Estas instalaciones permitir\u00e1n a Consum <strong data-start=\"2372\" data-end=\"2468\">mejorar la eficiencia de sus operaciones y responder con m\u00e1s agilidad a la creciente demanda<\/strong>. Adem\u00e1s, se suman a una infraestructura log\u00edstica ya consolidada en uno de los enclaves m\u00e1s estrat\u00e9gicos del primer anillo log\u00edstico de Barcelona, con conexiones directas al puerto, al aeropuerto y a las principales v\u00edas de transporte terrestre.<\/p>\n<h2 data-start=\"2716\" data-end=\"2765\">Montcada i Reixac: el gran proyecto a 10 a\u00f1os<\/h2>\n<p data-start=\"2767\" data-end=\"3109\">Pero si el plan 2022-2025 parece ambicioso, <strong data-start=\"2811\" data-end=\"2870\">la gran apuesta log\u00edstica de Consum est\u00e1 a\u00fan por llegar<\/strong>. La cooperativa ha confirmado su intenci\u00f3n de desarrollar un <strong data-start=\"2932\" data-end=\"2972\">nuevo centro log\u00edstico de 100.000 m\u00b2<\/strong> en los terrenos adquiridos en <strong data-start=\"3003\" data-end=\"3024\">Montcada i Reixac<\/strong>, que se convertir\u00eda en uno de los nodos de distribuci\u00f3n m\u00e1s relevantes de Catalunya.<\/p>\n<p data-start=\"3111\" data-end=\"3386\">Este proyecto, con una inversi\u00f3n estimada de <strong data-start=\"3156\" data-end=\"3187\">otros 200 millones de euros<\/strong>, a\u00fan est\u00e1 pendiente de autorizaciones, pero su puesta en marcha permitir\u00e1 <strong data-start=\"3262\" data-end=\"3326\">sustituir las actuales instalaciones de El Prat de Llobregat<\/strong> y responder a las necesidades log\u00edsticas a m\u00e1s largo plazo.<\/p>\n<h2 data-start=\"3601\" data-end=\"3645\">Compromiso econ\u00f3mico, social y ambiental<\/h2>\n<p data-start=\"3647\" data-end=\"4072\">El impacto de Consum en Catalunya no se limita a infraestructuras. <strong data-start=\"3714\" data-end=\"3760\">Cuenta con 4.500 empleados en la comunidad<\/strong>, lo que representa el <strong data-start=\"3783\" data-end=\"3812\">21% de su plantilla total<\/strong>. Adem\u00e1s, <strong data-start=\"3822\" data-end=\"3874\">trabaja con cerca de 1.000 proveedores catalanes<\/strong>, a quienes compra productos por valor de <strong data-start=\"3916\" data-end=\"3949\">900 millones de euros anuales<\/strong>. Una relaci\u00f3n s\u00f3lida con el tejido productivo local que <strong data-start=\"4006\" data-end=\"4040\">refuerza su modelo cooperativo<\/strong> y su apuesta por el territorio.<\/p>\n<p data-start=\"4074\" data-end=\"4359\">En 2024, la cadena alcanz\u00f3 una facturaci\u00f3n global de <strong data-start=\"4127\" data-end=\"4154\">4.707 millones de euros<\/strong>, un 7,3% m\u00e1s que el a\u00f1o anterior, y <strong data-start=\"4191\" data-end=\"4232\">gener\u00f3 un beneficio de 108,7 millones<\/strong>. Todo ello, manteniendo una estrategia de crecimiento sostenible: <strong data-start=\"4299\" data-end=\"4358\">desde 2015 ha reducido su huella de carbono en un 81,1%<\/strong>.<\/p>\n<h2 data-start=\"4361\" data-end=\"4418\">M\u00e1s que una expansi\u00f3n: una visi\u00f3n log\u00edstica de futuro<\/h2>\n<p data-start=\"4420\" data-end=\"4772\">El anuncio de Consum no es solo una noticia del sector retail. Es un mensaje claro para todo el ecosistema log\u00edstico catal\u00e1n: <strong data-start=\"4546\" data-end=\"4633\">la log\u00edstica ya no es un soporte, es un eje estrat\u00e9gico del crecimiento empresarial<\/strong>. Invertir en plataformas modernas, automatizadas y circulares no solo optimiza operaciones, tambi\u00e9n marca la diferencia en competitividad.<\/p>\n<p data-start=\"4774\" data-end=\"4994\">Y en ese sentido, <strong data-start=\"4792\" data-end=\"4885\">Catalunya se consolida como uno de los territorios m\u00e1s atractivos para esa transformaci\u00f3n<\/strong>. Con su apuesta, Consum lo sabe y lo confirma: la log\u00edstica de calidad es tambi\u00e9n una apuesta por el futuro.<\/p>\n","protected":false},"excerpt":{"rendered":"<p>La cooperativa de supermercados Consum ha pisado el acelerador en Catalunya. Y no lo hace con t\u00edmidos pasos, sino con una inversi\u00f3n estrat\u00e9gica de 220 millones de euros hasta 2027, destinada a reforzar su red comercial y, sobre todo, su infraestructura log\u00edstica en uno de los territorios clave para su negocio. Catalunya ya representa m\u00e1s [&hellip;]<\/p>\n","protected":false},"author":6,"featured_media":9478,"comment_status":"closed","ping_status":"closed","sticky":false,"template":"","format":"standard","meta":{"footnotes":""},"categories":[16],"tags":[],"class_list":["post-9477","post","type-post","status-publish","format-standard","has-post-thumbnail","hentry","category-actualidad"],"yoast_head":"<!-- This site is optimized with the Yoast SEO plugin v27.4 - https:\/\/yoast.com\/product\/yoast-seo-wordpress\/ -->\n<title>Consum acelera su expansi\u00f3n log\u00edstica en Catalunya con una inversi\u00f3n de 220 millones - Cl\u00faster Log\u00edstic de Catalunya<\/title>\n<meta name=\"robots\" content=\"index, follow, max-snippet:-1, max-image-preview:large, max-video-preview:-1\" \/>\n<link rel=\"canonical\" href=\"https:\/\/clusterlogistic.org\/es\/consum-acelera-su-expansion-logistica-en-catalunya-con-una-inversion-de-220-millones\/\" \/>\n<meta property=\"og:locale\" content=\"es_ES\" \/>\n<meta property=\"og:type\" content=\"article\" \/>\n<meta property=\"og:title\" content=\"Consum acelera su expansi\u00f3n log\u00edstica en Catalunya con una inversi\u00f3n de 220 millones - Cl\u00faster Log\u00edstic de Catalunya\" \/>\n<meta property=\"og:description\" content=\"La cooperativa de supermercados Consum ha pisado el acelerador en Catalunya. Y no lo hace con t\u00edmidos pasos, sino con una inversi\u00f3n estrat\u00e9gica de 220 millones de euros hasta 2027, destinada a reforzar su red comercial y, sobre todo, su infraestructura log\u00edstica en uno de los territorios clave para su negocio. Catalunya ya representa m\u00e1s [&hellip;]\" \/>\n<meta property=\"og:url\" content=\"https:\/\/clusterlogistic.org\/es\/consum-acelera-su-expansion-logistica-en-catalunya-con-una-inversion-de-220-millones\/\" \/>\n<meta property=\"og:site_name\" content=\"Cl\u00faster Log\u00edstic de Catalunya\" \/>\n<meta property=\"article:published_time\" content=\"2025-07-11T06:00:21+00:00\" \/>\n<meta property=\"article:modified_time\" content=\"2025-07-24T13:30:34+00:00\" \/>\n<meta property=\"og:image\" content=\"https:\/\/clusterlogistic.org\/wp-content\/uploads\/2025\/07\/Consum.jpg\" \/>\n\t<meta property=\"og:image:width\" content=\"1000\" \/>\n\t<meta property=\"og:image:height\" content=\"1000\" \/>\n\t<meta property=\"og:image:type\" content=\"image\/jpeg\" \/>\n<meta name=\"author\" content=\"admin\" \/>\n<meta name=\"twitter:card\" content=\"summary_large_image\" \/>\n<meta name=\"twitter:label1\" content=\"Escrito por\" \/>\n\t<meta name=\"twitter:data1\" content=\"admin\" \/>\n\t<meta name=\"twitter:label2\" content=\"Tiempo de lectura\" \/>\n\t<meta name=\"twitter:data2\" content=\"4 minutos\" \/>\n<script type=\"application\/ld+json\" class=\"yoast-schema-graph\">{\"@context\":\"https:\\\/\\\/schema.org\",\"@graph\":[{\"@type\":\"Article\",\"@id\":\"https:\\\/\\\/clusterlogistic.org\\\/es\\\/consum-acelera-su-expansion-logistica-en-catalunya-con-una-inversion-de-220-millones\\\/#article\",\"isPartOf\":{\"@id\":\"https:\\\/\\\/clusterlogistic.org\\\/es\\\/consum-acelera-su-expansion-logistica-en-catalunya-con-una-inversion-de-220-millones\\\/\"},\"author\":{\"name\":\"admin\",\"@id\":\"https:\\\/\\\/clusterlogistic.org\\\/es\\\/#\\\/schema\\\/person\\\/be401e0134eca79802bdb131df886b41\"},\"headline\":\"Consum acelera su expansi\u00f3n log\u00edstica en Catalunya con una inversi\u00f3n de 220 millones\",\"datePublished\":\"2025-07-11T06:00:21+00:00\",\"dateModified\":\"2025-07-24T13:30:34+00:00\",\"mainEntityOfPage\":{\"@id\":\"https:\\\/\\\/clusterlogistic.org\\\/es\\\/consum-acelera-su-expansion-logistica-en-catalunya-con-una-inversion-de-220-millones\\\/\"},\"wordCount\":767,\"publisher\":{\"@id\":\"https:\\\/\\\/clusterlogistic.org\\\/es\\\/#organization\"},\"image\":{\"@id\":\"https:\\\/\\\/clusterlogistic.org\\\/es\\\/consum-acelera-su-expansion-logistica-en-catalunya-con-una-inversion-de-220-millones\\\/#primaryimage\"},\"thumbnailUrl\":\"https:\\\/\\\/clusterlogistic.org\\\/wp-content\\\/uploads\\\/2025\\\/07\\\/Consum.jpg\",\"articleSection\":[\"Actualidad\"],\"inLanguage\":\"es\"},{\"@type\":\"WebPage\",\"@id\":\"https:\\\/\\\/clusterlogistic.org\\\/es\\\/consum-acelera-su-expansion-logistica-en-catalunya-con-una-inversion-de-220-millones\\\/\",\"url\":\"https:\\\/\\\/clusterlogistic.org\\\/es\\\/consum-acelera-su-expansion-logistica-en-catalunya-con-una-inversion-de-220-millones\\\/\",\"name\":\"Consum acelera su expansi\u00f3n log\u00edstica en Catalunya con una inversi\u00f3n de 220 millones - Cl\u00faster Log\u00edstic de Catalunya\",\"isPartOf\":{\"@id\":\"https:\\\/\\\/clusterlogistic.org\\\/es\\\/#website\"},\"primaryImageOfPage\":{\"@id\":\"https:\\\/\\\/clusterlogistic.org\\\/es\\\/consum-acelera-su-expansion-logistica-en-catalunya-con-una-inversion-de-220-millones\\\/#primaryimage\"},\"image\":{\"@id\":\"https:\\\/\\\/clusterlogistic.org\\\/es\\\/consum-acelera-su-expansion-logistica-en-catalunya-con-una-inversion-de-220-millones\\\/#primaryimage\"},\"thumbnailUrl\":\"https:\\\/\\\/clusterlogistic.org\\\/wp-content\\\/uploads\\\/2025\\\/07\\\/Consum.jpg\",\"datePublished\":\"2025-07-11T06:00:21+00:00\",\"dateModified\":\"2025-07-24T13:30:34+00:00\",\"breadcrumb\":{\"@id\":\"https:\\\/\\\/clusterlogistic.org\\\/es\\\/consum-acelera-su-expansion-logistica-en-catalunya-con-una-inversion-de-220-millones\\\/#breadcrumb\"},\"inLanguage\":\"es\",\"potentialAction\":[{\"@type\":\"ReadAction\",\"target\":[\"https:\\\/\\\/clusterlogistic.org\\\/es\\\/consum-acelera-su-expansion-logistica-en-catalunya-con-una-inversion-de-220-millones\\\/\"]}]},{\"@type\":\"ImageObject\",\"inLanguage\":\"es\",\"@id\":\"https:\\\/\\\/clusterlogistic.org\\\/es\\\/consum-acelera-su-expansion-logistica-en-catalunya-con-una-inversion-de-220-millones\\\/#primaryimage\",\"url\":\"https:\\\/\\\/clusterlogistic.org\\\/wp-content\\\/uploads\\\/2025\\\/07\\\/Consum.jpg\",\"contentUrl\":\"https:\\\/\\\/clusterlogistic.org\\\/wp-content\\\/uploads\\\/2025\\\/07\\\/Consum.jpg\",\"width\":1000,\"height\":1000,\"caption\":\"Consum\"},{\"@type\":\"BreadcrumbList\",\"@id\":\"https:\\\/\\\/clusterlogistic.org\\\/es\\\/consum-acelera-su-expansion-logistica-en-catalunya-con-una-inversion-de-220-millones\\\/#breadcrumb\",\"itemListElement\":[{\"@type\":\"ListItem\",\"position\":1,\"name\":\"Portada\",\"item\":\"https:\\\/\\\/clusterlogistic.org\\\/es\\\/\"},{\"@type\":\"ListItem\",\"position\":2,\"name\":\"Consum acelera su expansi\u00f3n log\u00edstica en Catalunya con una inversi\u00f3n de 220 millones\"}]},{\"@type\":\"WebSite\",\"@id\":\"https:\\\/\\\/clusterlogistic.org\\\/es\\\/#website\",\"url\":\"https:\\\/\\\/clusterlogistic.org\\\/es\\\/\",\"name\":\"Cl\u00faster Log\u00edstic de Catalunya\",\"description\":\"associaci\u00f3 sense \u00e0nim de lucre\",\"publisher\":{\"@id\":\"https:\\\/\\\/clusterlogistic.org\\\/es\\\/#organization\"},\"potentialAction\":[{\"@type\":\"SearchAction\",\"target\":{\"@type\":\"EntryPoint\",\"urlTemplate\":\"https:\\\/\\\/clusterlogistic.org\\\/es\\\/?s={search_term_string}\"},\"query-input\":{\"@type\":\"PropertyValueSpecification\",\"valueRequired\":true,\"valueName\":\"search_term_string\"}}],\"inLanguage\":\"es\"},{\"@type\":\"Organization\",\"@id\":\"https:\\\/\\\/clusterlogistic.org\\\/es\\\/#organization\",\"name\":\"Cl\u00faster Log\u00edstic de Catalunya\",\"url\":\"https:\\\/\\\/clusterlogistic.org\\\/es\\\/\",\"logo\":{\"@type\":\"ImageObject\",\"inLanguage\":\"es\",\"@id\":\"https:\\\/\\\/clusterlogistic.org\\\/es\\\/#\\\/schema\\\/logo\\\/image\\\/\",\"url\":\"https:\\\/\\\/clusterlogistic.org\\\/wp-content\\\/uploads\\\/2017\\\/07\\\/cropped-Logo-CL-llegenda-gran.jpg\",\"contentUrl\":\"https:\\\/\\\/clusterlogistic.org\\\/wp-content\\\/uploads\\\/2017\\\/07\\\/cropped-Logo-CL-llegenda-gran.jpg\",\"width\":512,\"height\":512,\"caption\":\"Cl\u00faster Log\u00edstic de Catalunya\"},\"image\":{\"@id\":\"https:\\\/\\\/clusterlogistic.org\\\/es\\\/#\\\/schema\\\/logo\\\/image\\\/\"}},{\"@type\":\"Person\",\"@id\":\"https:\\\/\\\/clusterlogistic.org\\\/es\\\/#\\\/schema\\\/person\\\/be401e0134eca79802bdb131df886b41\",\"name\":\"admin\",\"image\":{\"@type\":\"ImageObject\",\"inLanguage\":\"es\",\"@id\":\"https:\\\/\\\/secure.gravatar.com\\\/avatar\\\/9201e2668e3d93d6994fd2e5a483f51dd9c5e75e22876447ff7ffaa085904dd9?s=96&d=mm&r=g\",\"url\":\"https:\\\/\\\/secure.gravatar.com\\\/avatar\\\/9201e2668e3d93d6994fd2e5a483f51dd9c5e75e22876447ff7ffaa085904dd9?s=96&d=mm&r=g\",\"contentUrl\":\"https:\\\/\\\/secure.gravatar.com\\\/avatar\\\/9201e2668e3d93d6994fd2e5a483f51dd9c5e75e22876447ff7ffaa085904dd9?s=96&d=mm&r=g\",\"caption\":\"admin\"},\"url\":\"https:\\\/\\\/clusterlogistic.org\\\/es\\\/author\\\/admin\\\/\"}]}<\/script>\n<!-- \/ Yoast SEO plugin. -->","yoast_head_json":{"title":"Consum acelera su expansi\u00f3n log\u00edstica en Catalunya con una inversi\u00f3n de 220 millones - Cl\u00faster Log\u00edstic de Catalunya","robots":{"index":"index","follow":"follow","max-snippet":"max-snippet:-1","max-image-preview":"max-image-preview:large","max-video-preview":"max-video-preview:-1"},"canonical":"https:\/\/clusterlogistic.org\/es\/consum-acelera-su-expansion-logistica-en-catalunya-con-una-inversion-de-220-millones\/","og_locale":"es_ES","og_type":"article","og_title":"Consum acelera su expansi\u00f3n log\u00edstica en Catalunya con una inversi\u00f3n de 220 millones - Cl\u00faster Log\u00edstic de Catalunya","og_description":"La cooperativa de supermercados Consum ha pisado el acelerador en Catalunya. Y no lo hace con t\u00edmidos pasos, sino con una inversi\u00f3n estrat\u00e9gica de 220 millones de euros hasta 2027, destinada a reforzar su red comercial y, sobre todo, su infraestructura log\u00edstica en uno de los territorios clave para su negocio. Catalunya ya representa m\u00e1s [&hellip;]","og_url":"https:\/\/clusterlogistic.org\/es\/consum-acelera-su-expansion-logistica-en-catalunya-con-una-inversion-de-220-millones\/","og_site_name":"Cl\u00faster Log\u00edstic de Catalunya","article_published_time":"2025-07-11T06:00:21+00:00","article_modified_time":"2025-07-24T13:30:34+00:00","og_image":[{"width":1000,"height":1000,"url":"https:\/\/clusterlogistic.org\/wp-content\/uploads\/2025\/07\/Consum.jpg","type":"image\/jpeg"}],"author":"admin","twitter_card":"summary_large_image","twitter_misc":{"Escrito por":"admin","Tiempo de lectura":"4 minutos"},"schema":{"@context":"https:\/\/schema.org","@graph":[{"@type":"Article","@id":"https:\/\/clusterlogistic.org\/es\/consum-acelera-su-expansion-logistica-en-catalunya-con-una-inversion-de-220-millones\/#article","isPartOf":{"@id":"https:\/\/clusterlogistic.org\/es\/consum-acelera-su-expansion-logistica-en-catalunya-con-una-inversion-de-220-millones\/"},"author":{"name":"admin","@id":"https:\/\/clusterlogistic.org\/es\/#\/schema\/person\/be401e0134eca79802bdb131df886b41"},"headline":"Consum acelera su expansi\u00f3n log\u00edstica en Catalunya con una inversi\u00f3n de 220 millones","datePublished":"2025-07-11T06:00:21+00:00","dateModified":"2025-07-24T13:30:34+00:00","mainEntityOfPage":{"@id":"https:\/\/clusterlogistic.org\/es\/consum-acelera-su-expansion-logistica-en-catalunya-con-una-inversion-de-220-millones\/"},"wordCount":767,"publisher":{"@id":"https:\/\/clusterlogistic.org\/es\/#organization"},"image":{"@id":"https:\/\/clusterlogistic.org\/es\/consum-acelera-su-expansion-logistica-en-catalunya-con-una-inversion-de-220-millones\/#primaryimage"},"thumbnailUrl":"https:\/\/clusterlogistic.org\/wp-content\/uploads\/2025\/07\/Consum.jpg","articleSection":["Actualidad"],"inLanguage":"es"},{"@type":"WebPage","@id":"https:\/\/clusterlogistic.org\/es\/consum-acelera-su-expansion-logistica-en-catalunya-con-una-inversion-de-220-millones\/","url":"https:\/\/clusterlogistic.org\/es\/consum-acelera-su-expansion-logistica-en-catalunya-con-una-inversion-de-220-millones\/","name":"Consum acelera su expansi\u00f3n log\u00edstica en Catalunya con una inversi\u00f3n de 220 millones - Cl\u00faster Log\u00edstic de Catalunya","isPartOf":{"@id":"https:\/\/clusterlogistic.org\/es\/#website"},"primaryImageOfPage":{"@id":"https:\/\/clusterlogistic.org\/es\/consum-acelera-su-expansion-logistica-en-catalunya-con-una-inversion-de-220-millones\/#primaryimage"},"image":{"@id":"https:\/\/clusterlogistic.org\/es\/consum-acelera-su-expansion-logistica-en-catalunya-con-una-inversion-de-220-millones\/#primaryimage"},"thumbnailUrl":"https:\/\/clusterlogistic.org\/wp-content\/uploads\/2025\/07\/Consum.jpg","datePublished":"2025-07-11T06:00:21+00:00","dateModified":"2025-07-24T13:30:34+00:00","breadcrumb":{"@id":"https:\/\/clusterlogistic.org\/es\/consum-acelera-su-expansion-logistica-en-catalunya-con-una-inversion-de-220-millones\/#breadcrumb"},"inLanguage":"es","potentialAction":[{"@type":"ReadAction","target":["https:\/\/clusterlogistic.org\/es\/consum-acelera-su-expansion-logistica-en-catalunya-con-una-inversion-de-220-millones\/"]}]},{"@type":"ImageObject","inLanguage":"es","@id":"https:\/\/clusterlogistic.org\/es\/consum-acelera-su-expansion-logistica-en-catalunya-con-una-inversion-de-220-millones\/#primaryimage","url":"https:\/\/clusterlogistic.org\/wp-content\/uploads\/2025\/07\/Consum.jpg","contentUrl":"https:\/\/clusterlogistic.org\/wp-content\/uploads\/2025\/07\/Consum.jpg","width":1000,"height":1000,"caption":"Consum"},{"@type":"BreadcrumbList","@id":"https:\/\/clusterlogistic.org\/es\/consum-acelera-su-expansion-logistica-en-catalunya-con-una-inversion-de-220-millones\/#breadcrumb","itemListElement":[{"@type":"ListItem","position":1,"name":"Portada","item":"https:\/\/clusterlogistic.org\/es\/"},{"@type":"ListItem","position":2,"name":"Consum acelera su expansi\u00f3n log\u00edstica en Catalunya con una inversi\u00f3n de 220 millones"}]},{"@type":"WebSite","@id":"https:\/\/clusterlogistic.org\/es\/#website","url":"https:\/\/clusterlogistic.org\/es\/","name":"Cl\u00faster Log\u00edstic de Catalunya","description":"associaci\u00f3 sense \u00e0nim de lucre","publisher":{"@id":"https:\/\/clusterlogistic.org\/es\/#organization"},"potentialAction":[{"@type":"SearchAction","target":{"@type":"EntryPoint","urlTemplate":"https:\/\/clusterlogistic.org\/es\/?s={search_term_string}"},"query-input":{"@type":"PropertyValueSpecification","valueRequired":true,"valueName":"search_term_string"}}],"inLanguage":"es"},{"@type":"Organization","@id":"https:\/\/clusterlogistic.org\/es\/#organization","name":"Cl\u00faster Log\u00edstic de Catalunya","url":"https:\/\/clusterlogistic.org\/es\/","logo":{"@type":"ImageObject","inLanguage":"es","@id":"https:\/\/clusterlogistic.org\/es\/#\/schema\/logo\/image\/","url":"https:\/\/clusterlogistic.org\/wp-content\/uploads\/2017\/07\/cropped-Logo-CL-llegenda-gran.jpg","contentUrl":"https:\/\/clusterlogistic.org\/wp-content\/uploads\/2017\/07\/cropped-Logo-CL-llegenda-gran.jpg","width":512,"height":512,"caption":"Cl\u00faster Log\u00edstic de Catalunya"},"image":{"@id":"https:\/\/clusterlogistic.org\/es\/#\/schema\/logo\/image\/"}},{"@type":"Person","@id":"https:\/\/clusterlogistic.org\/es\/#\/schema\/person\/be401e0134eca79802bdb131df886b41","name":"admin","image":{"@type":"ImageObject","inLanguage":"es","@id":"https:\/\/secure.gravatar.com\/avatar\/9201e2668e3d93d6994fd2e5a483f51dd9c5e75e22876447ff7ffaa085904dd9?s=96&d=mm&r=g","url":"https:\/\/secure.gravatar.com\/avatar\/9201e2668e3d93d6994fd2e5a483f51dd9c5e75e22876447ff7ffaa085904dd9?s=96&d=mm&r=g","contentUrl":"https:\/\/secure.gravatar.com\/avatar\/9201e2668e3d93d6994fd2e5a483f51dd9c5e75e22876447ff7ffaa085904dd9?s=96&d=mm&r=g","caption":"admin"},"url":"https:\/\/clusterlogistic.org\/es\/author\/admin\/"}]}},"_links":{"self":[{"href":"https:\/\/clusterlogistic.org\/es\/wp-json\/wp\/v2\/posts\/9477","targetHints":{"allow":["GET"]}}],"collection":[{"href":"https:\/\/clusterlogistic.org\/es\/wp-json\/wp\/v2\/posts"}],"about":[{"href":"https:\/\/clusterlogistic.org\/es\/wp-json\/wp\/v2\/types\/post"}],"author":[{"embeddable":true,"href":"https:\/\/clusterlogistic.org\/es\/wp-json\/wp\/v2\/users\/6"}],"replies":[{"embeddable":true,"href":"https:\/\/clusterlogistic.org\/es\/wp-json\/wp\/v2\/comments?post=9477"}],"version-history":[{"count":3,"href":"https:\/\/clusterlogistic.org\/es\/wp-json\/wp\/v2\/posts\/9477\/revisions"}],"predecessor-version":[{"id":9487,"href":"https:\/\/clusterlogistic.org\/es\/wp-json\/wp\/v2\/posts\/9477\/revisions\/9487"}],"wp:featuredmedia":[{"embeddable":true,"href":"https:\/\/clusterlogistic.org\/es\/wp-json\/wp\/v2\/media\/9478"}],"wp:attachment":[{"href":"https:\/\/clusterlogistic.org\/es\/wp-json\/wp\/v2\/media?parent=9477"}],"wp:term":[{"taxonomy":"category","embeddable":true,"href":"https:\/\/clusterlogistic.org\/es\/wp-json\/wp\/v2\/categories?post=9477"},{"taxonomy":"post_tag","embeddable":true,"href":"https:\/\/clusterlogistic.org\/es\/wp-json\/wp\/v2\/tags?post=9477"}],"curies":[{"name":"wp","href":"https:\/\/api.w.org\/{rel}","templated":true}]}}